{"id":43948,"date":"2024-07-08T10:59:48","date_gmt":"2024-07-08T13:59:48","guid":{"rendered":"https:\/\/radiorevelacionfm.cl\/?p=43948"},"modified":"2024-07-08T10:59:48","modified_gmt":"2024-07-08T13:59:48","slug":"colegios-de-aysen-se-suman-a-la-consulta-publica-sobre-la-propuesta-de-actualizacion-del-curriculum-escolar-de-1-basico-a-2-medio","status":"publish","type":"post","link":"https:\/\/radiorevelacionfm.cl\/?p=43948","title":{"rendered":"Colegios de Ays\u00e9n se suman a la Consulta P\u00fablica sobre la propuesta de actualizaci\u00f3n del curr\u00edculum escolar de 1\u00b0 b\u00e1sico a 2\u00b0 medio"},"content":{"rendered":"<div class=\"flex_column av_one_full  flex_column_div av-zero-column-padding first  avia-builder-el-0  el_before_av_one_full  avia-builder-el-first  \" style='border-radius:0px; '><div  class='avia-image-container  av-styling-    avia-builder-el-1  avia-builder-el-no-sibling  avia-align-center '  itemprop=\"image\" itemscope=\"itemscope\" itemtype=\"https:\/\/schema.org\/ImageObject\"  ><div class='avia-image-container-inner'><div class='avia-image-overlay-wrap'><img decoding=\"async\" class='wp-image-43949 avia-img-lazy-loading-not-43949 avia_image' src=\"https:\/\/radiorevelacionfm.cl\/wp-content\/uploads\/2024\/07\/consulta-curricular-Coyhaique-1-1.jpg\" alt='' title='consulta-curricular-Coyhaique (1) (1)' height=\"600\" width=\"901\"  itemprop=\"thumbnailUrl\" srcset=\"https:\/\/radiorevelacionfm.cl\/wp-content\/uploads\/2024\/07\/consulta-curricular-Coyhaique-1-1.jpg 901w, https:\/\/radiorevelacionfm.cl\/wp-content\/uploads\/2024\/07\/consulta-curricular-Coyhaique-1-1-300x200.jpg 300w, https:\/\/radiorevelacionfm.cl\/wp-content\/uploads\/2024\/07\/consulta-curricular-Coyhaique-1-1-768x511.jpg 768w, https:\/\/radiorevelacionfm.cl\/wp-content\/uploads\/2024\/07\/consulta-curricular-Coyhaique-1-1-705x469.jpg 705w, https:\/\/radiorevelacionfm.cl\/wp-content\/uploads\/2024\/07\/consulta-curricular-Coyhaique-1-1-450x300.jpg 450w, https:\/\/radiorevelacionfm.cl\/wp-content\/uploads\/2024\/07\/consulta-curricular-Coyhaique-1-1-600x400.jpg 600w\" sizes=\"(max-width: 901px) 100vw, 901px\" \/><\/div><\/div><\/div><\/div><div class=\"flex_column av_one_full  flex_column_div av-zero-column-padding first  avia-builder-el-2  el_after_av_one_full  el_before_av_one_full  column-top-margin\" style='border-radius:0px; '><section class=\"av_textblock_section \"  itemscope=\"itemscope\" itemtype=\"https:\/\/schema.org\/BlogPosting\" itemprop=\"blogPost\" ><div class='avia_textblock  '   itemprop=\"text\" ><p style=\"text-align: center;\"><span style=\"font-size: 18pt;\"><b>Colegios de Ays\u00e9n se suman a la Consulta P\u00fablica sobre la propuesta de actualizaci\u00f3n del curr\u00edculum escolar de 1\u00b0 b\u00e1sico a 2\u00b0 medio<\/b><\/span><\/p>\n<div id=\"gtx-trans\" style=\"position: absolute; left: -50px; top: 4.31534px;\">\n<div class=\"gtx-trans-icon\"><\/div>\n<\/div>\n<\/div><\/section><\/div><div class=\"flex_column av_one_full  flex_column_div av-zero-column-padding first  avia-builder-el-4  el_after_av_one_full  el_before_av_hr  column-top-margin\" style='border-radius:0px; '><section class=\"av_textblock_section \"  itemscope=\"itemscope\" itemtype=\"https:\/\/schema.org\/BlogPosting\" itemprop=\"blogPost\" ><div class='avia_textblock  '   itemprop=\"text\" ><p class=\"v1MsoNormal\" style=\"text-align: justify;\">Este jueves y viernes, terminando el primer semestre del a\u00f1o escolar 2024, los equipos directivos y docentes de escuelas y liceos de la regi\u00f3n se han sumado a jornadas de reflexi\u00f3n y an\u00e1lisis de la propuesta de Actualizaci\u00f3n de las Bases Curriculares de 1ero B\u00e1sico a 2do Medio.<\/p>\n<p class=\"v1MsoNormal\" style=\"text-align: justify;\">Este proceso participativo, in\u00e9dito en la historia del MINEDUC, permitir\u00e1 sentar las bases de los aprendizajes y contenidos que se proyectan\u00a0 para la Educaci\u00f3n del Siglo XXI.<\/p>\n<p class=\"v1MsoNormal\" style=\"text-align: justify;\">El Ministerio de educaci\u00f3n, a trav\u00e9s del Departamento Provincial de Educaci\u00f3n Coyhaique, se acompa\u00f1\u00f3 a los colegios en estas jornadas de Consulta P\u00fablica. El equipo del\u00a0 DEPROVED Coyhaique visit\u00f3\u00a0 los colegios Uni\u00f3n Fraterna y San Jos\u00e9 Obrero de Coyhaique, y Liceo Bicentenario San Jos\u00e9 UR y Colegio Sagrada Familia de Puerto Ays\u00e9n.<\/p>\n<p class=\"v1MsoNormal\" style=\"text-align: justify;\">Al respecto, la Jefa del Departamento Provincial de Educaci\u00f3n, Michelle Grondona, destac\u00f3 que: \u00abLas modificaciones al curr\u00edculum escolar responden a las necesidades que se recogieron en el Congreso Pedag\u00f3gico y Curricular \u00abLa Educaci\u00f3n es el Tema\u00bb convocado por el Ministerio de Educaci\u00f3n de Chile y la Oficina Regional Multisectorial de la UNESCO en Santiago. La actualizaci\u00f3n del curr\u00edculum permitir\u00e1 entregar herramientas a las y los estudiantes que apuntan a la integraci\u00f3n de contenidos y a los objetivos de aprendizaje transversales. Cuando hablamos de curr\u00edculum hablamos de comunidades educativas, y es por ello que hemos convocado a todos los integrantes de las comunidades educativas para que aporten y nutras este nuevo curr\u00edculum\u00bb.<\/p>\n<p class=\"v1MsoNormal\" style=\"text-align: justify;\">El Ministerio de Educaci\u00f3n dio a conocer la propuesta de Actualizaci\u00f3n Curricular para los niveles de 1\u00b0 b\u00e1sico a 2\u00b0 medio, proceso que ha estado desarrollando desde el 2022 en base a revisiones de paneles expertos, estudios, y un proceso participativo donde m\u00e1s de 800 mil personas a lo largo del pa\u00eds opinaron sobre qu\u00e9 y c\u00f3mo se deber\u00eda aprender en la escuela.<\/p>\n<p class=\"v1MsoNormal\" style=\"text-align: justify;\">La propuesta de Actualizaci\u00f3n Curricular es sometida a Consulta P\u00fablica entre el 19 de junio y el 2 de agosto, para lo cual el Ministerio de Educaci\u00f3n dispuso de una metodolog\u00eda de trabajo en modalidad taller, dise\u00f1ada para aplicarse en la jornada de reflexi\u00f3n de cierre del semestre 4 y 5 de julio en la Regi\u00f3n de Ays\u00e9n. En tanto, la ciudadan\u00eda interesada en participar en la Consulta P\u00fablica podr\u00e1 hacerlo a partir del 1 de julio ingresando a\u00a0<a href=\"http:\/\/www.consultacurricular.cl\/\" target=\"_blank\" rel=\"noopener noreferrer\">www.consultacurricular.cl<\/a><\/p>\n<p class=\"v1MsoNormal\" style=\"text-align: justify;\">La SEREMI de Educaci\u00f3n de Ays\u00e9n, Isabel Garrido, reiter\u00f3 la invitaci\u00f3n a la comunidad regional\u00a0 a sumarse a esta consulta p\u00fablica.<\/p>\n<p class=\"v1MsoNormal\" style=\"text-align: justify;\">\u00abEl Congreso Pedag\u00f3gico y Curricular provee una gran oportunidad de plasmar los anhelos de una educaci\u00f3n pertinente, significativa y contextualizada, en un curr\u00edculum que potencie las trayectorias educativas y de vida de ni\u00f1os, ni\u00f1as y estudiantes, resguardando la equidad, la inclusi\u00f3n y justicia social. Agradecemos a las y los docentes, asistentes de la educaci\u00f3n, equipos t\u00e9cnicos, pedag\u00f3gicos y directivos que se han sumado a este proceso en sus distintas etapas, haciendo recomendaciones y entregando su evaluaci\u00f3n para as\u00ed poder construir la propuesta final que va a ser presentada al Consejo Nacional de Educaci\u00f3n a fines de febrero\u00bb, indic\u00f3 la Seremi.<\/p>\n<p class=\"v1MsoNormal\" style=\"text-align: justify;\">Este proceso de actualizaci\u00f3n curricular se enmarca en la Ley General de Educaci\u00f3n (LGE) y busca fortalecer la formaci\u00f3n integral de las y los estudiantes, considerando los cambios sociales, culturales y tecnol\u00f3gicos que ha experimentado el pa\u00eds y el mundo en los \u00faltimos a\u00f1os.<\/p>\n<p class=\"v1MsoNormal\" style=\"text-align: justify;\">La informaci\u00f3n que se recoja en la Consulta P\u00fablica ser\u00e1 sistematizada y servir\u00e1 para retroalimentar y ajustar la propuesta de actualizaci\u00f3n de Bases Curriculares, antes de su ingreso al Consejo Nacional de Educaci\u00f3n (CNED), organismo aut\u00f3nomo encargado de aprobar las definiciones curriculares conforme a la Ley General de Educaci\u00f3n.<\/p>\n<\/div><\/section><\/div><div  style='height:50px' class='hr hr-invisible   avia-builder-el-6  el_after_av_one_full  el_before_av_social_share '><span class='hr-inner ' ><span class='hr-inner-style'><\/span><\/span><\/div><\/p>\n<div  class='av-social-sharing-box  avia-builder-el-7  el_after_av_hr  el_before_av_hr  '><div class='av-share-box'><h5 class='av-share-link-description av-no-toc '>Compartir esta noticia<\/h5><ul class='av-share-box-list noLightbox'><li class='av-share-link av-social-link-facebook' ><a target=\"_blank\" aria-label=\"Compartir en Facebook\" href='https:\/\/www.facebook.com\/sharer.php?u=https:\/\/radiorevelacionfm.cl\/?p=43948&#038;t=Colegios%20de%20Ays%C3%A9n%20se%20suman%20a%20la%20Consulta%20P%C3%BAblica%20sobre%20la%20propuesta%20de%20actualizaci%C3%B3n%20del%20curr%C3%ADculum%20escolar%20de%201%C2%B0%20b%C3%A1sico%20a%202%C2%B0%20medio' aria-hidden='false' data-av_icon='\ue8f3' data-av_iconfont='entypo-fontello' title='' data-avia-related-tooltip='Compartir en Facebook' rel=\"noopener\"><span class='avia_hidden_link_text'>Compartir en Facebook<\/span><\/a><\/li><li class='av-share-link av-social-link-twitter' ><a target=\"_blank\" aria-label=\"Compartir en Twitter\" href='https:\/\/twitter.com\/share?text=Colegios%20de%20Ays%C3%A9n%20se%20suman%20a%20la%20Consulta%20P%C3%BAblica%20sobre%20la%20propuesta%20de%20actualizaci%C3%B3n%20del%20curr%C3%ADculum%20escolar%20de%201%C2%B0%20b%C3%A1sico%20a%202%C2%B0%20medio&#038;url=https:\/\/radiorevelacionfm.cl\/?p=43948' aria-hidden='false' data-av_icon='\ue8f1' data-av_iconfont='entypo-fontello' title='' data-avia-related-tooltip='Compartir en Twitter' rel=\"noopener\"><span class='avia_hidden_link_text'>Compartir en Twitter<\/span><\/a><\/li><li class='av-share-link av-social-link-whatsapp' ><a target=\"_blank\" aria-label=\"Compartir en Whatsapp\" href='https:\/\/api.whatsapp.com\/send?text=https:\/\/radiorevelacionfm.cl\/?p=43948' aria-hidden='false' data-av_icon='\uf232' data-av_iconfont='entypo-fontello' title='' data-avia-related-tooltip='Compartir en Whatsapp' rel=\"noopener\"><span class='avia_hidden_link_text'>Compartir en Whatsapp<\/span><\/a><\/li><li class='av-share-link av-social-link-linkedin' ><a target=\"_blank\" aria-label=\"Compartir en LinkedIn\" href='https:\/\/linkedin.com\/shareArticle?mini=true&#038;title=Colegios%20de%20Ays%C3%A9n%20se%20suman%20a%20la%20Consulta%20P%C3%BAblica%20sobre%20la%20propuesta%20de%20actualizaci%C3%B3n%20del%20curr%C3%ADculum%20escolar%20de%201%C2%B0%20b%C3%A1sico%20a%202%C2%B0%20medio&#038;url=https:\/\/radiorevelacionfm.cl\/?p=43948' aria-hidden='false' data-av_icon='\ue8fc' data-av_iconfont='entypo-fontello' title='' data-avia-related-tooltip='Compartir en LinkedIn' rel=\"noopener\"><span class='avia_hidden_link_text'>Compartir en LinkedIn<\/span><\/a><\/li><li class='av-share-link av-social-link-mail' ><a  aria-label=\"Compartir por correo\" href='mailto:?subject=Colegios%20de%20Ays%C3%A9n%20se%20suman%20a%20la%20Consulta%20P%C3%BAblica%20sobre%20la%20propuesta%20de%20actualizaci%C3%B3n%20del%20curr%C3%ADculum%20escolar%20de%201%C2%B0%20b%C3%A1sico%20a%202%C2%B0%20medio&#038;body=https:\/\/radiorevelacionfm.cl\/?p=43948' aria-hidden='false' data-av_icon='\ue805' data-av_iconfont='entypo-fontello' title='' data-avia-related-tooltip='Compartir por correo'><span class='avia_hidden_link_text'>Compartir por correo<\/span><\/a><\/li><\/ul><\/div><\/div>\n<div  style='height:50px' class='hr hr-invisible   avia-builder-el-8  el_after_av_social_share  el_before_av_comments_list '><span class='hr-inner ' ><span class='hr-inner-style'><\/span><\/span><\/div>\n<div  class='av-buildercomment  av-blog-meta-html-info-disabled av-blog-meta-tag-disabled  '><\/div>\n","protected":false},"excerpt":{"rendered":"","protected":false},"author":1,"featured_media":43949,"comment_status":"open","ping_status":"open","sticky":false,"template":"","format":"standard","meta":{"footnotes":""},"categories":[49],"tags":[],"class_list":["post-43948","post","type-post","status-publish","format-standard","has-post-thumbnail","hentry","category-educacion"],"jetpack_featured_media_url":"https:\/\/radiorevelacionfm.cl\/wp-content\/uploads\/2024\/07\/consulta-curricular-Coyhaique-1-1.jpg","_links":{"self":[{"href":"https:\/\/radiorevelacionfm.cl\/index.php?rest_route=\/wp\/v2\/posts\/43948","targetHints":{"allow":["GET"]}}],"collection":[{"href":"https:\/\/radiorevelacionfm.cl\/index.php?rest_route=\/wp\/v2\/posts"}],"about":[{"href":"https:\/\/radiorevelacionfm.cl\/index.php?rest_route=\/wp\/v2\/types\/post"}],"author":[{"embeddable":true,"href":"https:\/\/radiorevelacionfm.cl\/index.php?rest_route=\/wp\/v2\/users\/1"}],"replies":[{"embeddable":true,"href":"https:\/\/radiorevelacionfm.cl\/index.php?rest_route=%2Fwp%2Fv2%2Fcomments&post=43948"}],"version-history":[{"count":1,"href":"https:\/\/radiorevelacionfm.cl\/index.php?rest_route=\/wp\/v2\/posts\/43948\/revisions"}],"predecessor-version":[{"id":43950,"href":"https:\/\/radiorevelacionfm.cl\/index.php?rest_route=\/wp\/v2\/posts\/43948\/revisions\/43950"}],"wp:featuredmedia":[{"embeddable":true,"href":"https:\/\/radiorevelacionfm.cl\/index.php?rest_route=\/wp\/v2\/media\/43949"}],"wp:attachment":[{"href":"https:\/\/radiorevelacionfm.cl\/index.php?rest_route=%2Fwp%2Fv2%2Fmedia&parent=43948"}],"wp:term":[{"taxonomy":"category","embeddable":true,"href":"https:\/\/radiorevelacionfm.cl\/index.php?rest_route=%2Fwp%2Fv2%2Fcategories&post=43948"},{"taxonomy":"post_tag","embeddable":true,"href":"https:\/\/radiorevelacionfm.cl\/index.php?rest_route=%2Fwp%2Fv2%2Ftags&post=43948"}],"curies":[{"name":"wp","href":"https:\/\/api.w.org\/{rel}","templated":true}]}}