{"id":43932,"date":"2024-07-07T21:19:32","date_gmt":"2024-07-08T00:19:32","guid":{"rendered":"https:\/\/radiorevelacionfm.cl\/?p=43932"},"modified":"2024-07-07T21:19:32","modified_gmt":"2024-07-08T00:19:32","slug":"isl-lanza-programa-bajo-cero-de-proteccion-y-prevencion-ante-bajas-temperaturas","status":"publish","type":"post","link":"https:\/\/radiorevelacionfm.cl\/?p=43932","title":{"rendered":"ISL lanza programa Bajo Cero de protecci\u00f3n y prevenci\u00f3n ante bajas temperaturas"},"content":{"rendered":"<div class=\"flex_column av_one_full  flex_column_div av-zero-column-padding first  avia-builder-el-0  el_before_av_one_full  avia-builder-el-first  \" style='border-radius:0px; '><div  class='avia-image-container  av-styling-    avia-builder-el-1  avia-builder-el-no-sibling  avia-align-center '  itemprop=\"image\" itemscope=\"itemscope\" itemtype=\"https:\/\/schema.org\/ImageObject\"  ><div class='avia-image-container-inner'><div class='avia-image-overlay-wrap'><img decoding=\"async\" class='wp-image-43933 avia-img-lazy-loading-not-43933 avia_image' src=\"https:\/\/radiorevelacionfm.cl\/wp-content\/uploads\/2024\/07\/bajocero_exposicionfrio_isl_aysen-2-1_optimized-1.jpg\" alt='' title='bajocero_exposicionfrio_isl_aysen-(2)-(1)_optimized (1)' height=\"600\" width=\"849\"  itemprop=\"thumbnailUrl\" srcset=\"https:\/\/radiorevelacionfm.cl\/wp-content\/uploads\/2024\/07\/bajocero_exposicionfrio_isl_aysen-2-1_optimized-1.jpg 849w, https:\/\/radiorevelacionfm.cl\/wp-content\/uploads\/2024\/07\/bajocero_exposicionfrio_isl_aysen-2-1_optimized-1-300x212.jpg 300w, https:\/\/radiorevelacionfm.cl\/wp-content\/uploads\/2024\/07\/bajocero_exposicionfrio_isl_aysen-2-1_optimized-1-768x543.jpg 768w, https:\/\/radiorevelacionfm.cl\/wp-content\/uploads\/2024\/07\/bajocero_exposicionfrio_isl_aysen-2-1_optimized-1-260x185.jpg 260w, https:\/\/radiorevelacionfm.cl\/wp-content\/uploads\/2024\/07\/bajocero_exposicionfrio_isl_aysen-2-1_optimized-1-705x498.jpg 705w, https:\/\/radiorevelacionfm.cl\/wp-content\/uploads\/2024\/07\/bajocero_exposicionfrio_isl_aysen-2-1_optimized-1-450x318.jpg 450w, https:\/\/radiorevelacionfm.cl\/wp-content\/uploads\/2024\/07\/bajocero_exposicionfrio_isl_aysen-2-1_optimized-1-600x424.jpg 600w\" sizes=\"(max-width: 849px) 100vw, 849px\" \/><\/div><\/div><\/div><\/div><div class=\"flex_column av_one_full  flex_column_div av-zero-column-padding first  avia-builder-el-2  el_after_av_one_full  el_before_av_one_full  column-top-margin\" style='border-radius:0px; '><section class=\"av_textblock_section \"  itemscope=\"itemscope\" itemtype=\"https:\/\/schema.org\/BlogPosting\" itemprop=\"blogPost\" ><div class='avia_textblock  '   itemprop=\"text\" ><p style=\"text-align: center;\"><strong><span style=\"font-size: 18pt;\">ISL lanza programa Bajo Cero de protecci\u00f3n y prevenci\u00f3n ante bajas temperaturas<\/span><\/strong><\/p>\n<div id=\"gtx-trans\" style=\"position: absolute; left: -50px; top: 4.31534px;\">\n<div class=\"gtx-trans-icon\"><\/div>\n<\/div>\n<\/div><\/section><\/div><div class=\"flex_column av_one_full  flex_column_div av-zero-column-padding first  avia-builder-el-4  el_after_av_one_full  el_before_av_hr  column-top-margin\" style='border-radius:0px; '><section class=\"av_textblock_section \"  itemscope=\"itemscope\" itemtype=\"https:\/\/schema.org\/BlogPosting\" itemprop=\"blogPost\" ><div class='avia_textblock  '   itemprop=\"text\" ><p class=\"v1gmail-MsoListParagraph\" style=\"text-align: justify;\"><em><span lang=\"ES-TRAD\">Consejos de prevenci\u00f3n y un kit de elementos de protecci\u00f3n personal para el fr\u00edo, son parte de la campa\u00f1a que refuerza la protecci\u00f3n y cuidado de las y los trabajadores expuestos a bajas temperaturas.<\/span><\/em><b><\/b><\/p>\n<p style=\"text-align: justify;\">En un local comercial c\u00e9ntrico de Coyhaique se realiz\u00f3 el lanzamiento del programa Bajo Cero del Instituto de Seguridad Laboral, ISL. Como administrador del Seguro Social contra Riesgos de Accidentes del Trabajo y Enfermedades Laborales, en su rol de preventivo, genera esta campa\u00f1a para identificar los factores de riesgos que inciden y forman parte de las causas de los accidentes laborales que se producen principalmente en las regiones m\u00e1s australes del pa\u00eds.<\/p>\n<p class=\"v1MsoNormal\" style=\"text-align: justify;\"><span lang=\"ES\">El Seremi de Trabajo y Previsi\u00f3n Social, Rodrigo D\u00edaz Cordaro, reforz\u00f3 la pertinencia local de este programa, creado desde el ISL Ays\u00e9n pensando en las condiciones clim\u00e1ticas particulares del extremo sur de Chile, \u00abHoy d\u00eda estamos lanzando el programa Bajo Cero, liderado por el Instituto de Seguridad Laboral, ISL, la mutualidad del Estado, y es un programa que nace ac\u00e1 en la regi\u00f3n, de aqu\u00ed se va a Magallanes y a la parte sur de la Regi\u00f3n de Los Lagos. Quiero destacar la preocupaci\u00f3n del ISL, porque se lanz\u00f3 iniciando el invierno. Ya hemos visto las nevadas que hemos tenido, as\u00ed es que es importante que las empresas, las y los trabajadores puedan informarse con respecto al programa y cuidarse. Nos interesa que los trabajadores est\u00e9n resguardados de las condiciones clim\u00e1ticas que estamos viviendo\u00bb.<\/span><\/p>\n<p class=\"v1MsoNormal\" style=\"text-align: justify;\"><span lang=\"ES\">Al respecto, Mery Fontecha, directora(s) regional del ISL explic\u00f3, \u00abEsta es una campa\u00f1a que estamos realizando en las regiones m\u00e1s extremas del pa\u00eds, por segundo a\u00f1o consecutivo, y est\u00e1 orientado b\u00e1sicamente a entregar informaci\u00f3n a las empresas y capacitar a las y los trabajadores con respecto a los riesgos y la exposici\u00f3n a una condici\u00f3n ambiental de fr\u00edo. Nosotros en la regi\u00f3n tenemos 9-10 meses al a\u00f1o de exposici\u00f3n a fr\u00edo, por lo tanto, consideramos importante que hici\u00e9ramos notar esta situaci\u00f3n y que entreg\u00e1ramos\u00a0un kit preventivo para las y los trabajadores\u00bb<\/span><\/p>\n<p class=\"v1MsoNormal\" style=\"text-align: justify;\"><span lang=\"ES\">El estr\u00e9s t\u00e9rmico, la hipotermia y el congelamiento son los principales riesgos a los que se exponen las y los trabajadores que desempe\u00f1an sus actividades a la intemperie. Pisos mojados y resbaladizos tambi\u00e9n son algunas de las condiciones que pueden incidir en la generaci\u00f3n de un accidente laboral, para lo cual se advierte que es necesario usar los equipos adecuados para estar protegidos durante los meses de invierno.<\/span><\/p>\n<p class=\"v1MsoNormal\" style=\"text-align: justify;\"><span lang=\"ES\">Junto al Seremi de Trabajo y Previsi\u00f3n Social, Rodrigo D\u00edaz y al equipo del ISL, participaron la Seremi de Salud, carmen Monsalve y el director(s) regional Christian Aros, de la Direcci\u00f3n del Trabajo, ya que se est\u00e1n realizando diversas acciones mancomunadas desde el sector trabajo y Salud para el bienestar integral de las y los trabajadores de la Regi\u00f3n de Ays\u00e9n.<\/span><\/p>\n<p class=\"v1MsoNormal\" style=\"text-align: justify;\"><span lang=\"ES\">Con respecto al fr\u00edo y a los cuidados de invierno, la Seremi de Salud, Carmen Monsalve, destac\u00f3 la prevenci\u00f3n como factor determinante, \u00abA nosotros como autoridad sanitaria nos compete, en el \u00e1rea de la salud ocupacional, resguardar el cumplimiento del Decreto 594 donde se definen expl\u00edcitamente la responsabilidad de los empleadores para resguardar a los trabajadores que est\u00e1n expuestos a condiciones de fr\u00edo. La normativa habla de exposici\u00f3n a menos de 10 grados y, en la realidad regional, sabemos que eso se sobrepasa en periodo invernal. Por eso es muy importante este trabajo fortalecido entre Trabajo y la autoridad sanitaria para resguardar esos contextos de seguridad laboral y justamente bajo el mismo mensaje, un llamado a todos los trabajadores y trabajadoras que a\u00fan no han accedido a vacunarse a que lo hagan, es el momento de protegerse contra la influenza, tenemos baja circulaci\u00f3n de ese virus pero sabemos que queda mucho todav\u00eda por pasar en este invierno y es probable que aumente la demanda asistencial,\u00a0 el momento es ahora de poder protegerse adem\u00e1s de poder contar con su permiso de 1\/2 d\u00eda laboral para poder acceder a estas prestaciones de resguardo de su salud\u00bb, mencion\u00f3 la autoridad.<\/span><\/p>\n<p class=\"v1MsoNormal\" style=\"text-align: justify;\"><span lang=\"ES\">El lanzamiento se realiz\u00f3 en el local matriz de Sotocopias, donde Gladys Olgu\u00edn agradeci\u00f3 la visita y la entrega de los kits con elementos muy \u00fatiles para los trabajadores, \u00abPara nosotros es bienvenido este tipo de acciones por la preocupaci\u00f3n de la autoridad hacia el trabajador. Nosotros somos los principales actores en este tema de trajinar en fr\u00edo y con escarcha, y cualquier implemento que se pueda utilizar para beneficio, de mejorar esas condiciones y la calidad de vida de nosotros, es bienvenida\u00bb, afirm\u00f3.<\/span><\/p>\n<p class=\"v1MsoNormal\" style=\"text-align: justify;\"><span lang=\"ES\">El kit que est\u00e1 entregando el ISL a sus empresas adheridas incluye plantillas antideslizante para el hielo, plantillas\u00a0t\u00e9rmicas para botas, balaclava para el fr\u00edo, entre otros elementos de protecci\u00f3n personal. Sandra Salgado, jefa(s) del \u00e1rea de prevenci\u00f3n del ISL, detall\u00f3 sobre el programa Bajo Cero, \u00abLo que estamos haciendo en este momento es difundir sobre la importancia de evaluar la condici\u00f3n de fr\u00edo y de los posibles efectos a la salud que puedan tener los trabajadores que est\u00e1n expuestos al frio. Visitamos las empresas y entregamos capacitaci\u00f3n directa relacionada a la exposici\u00f3n al fr\u00edo, adem\u00e1s de un kit de apoyo a los empresarios para sus trabajadores\u00bb.<\/span><\/p>\n<p class=\"v1MsoNormal\" style=\"text-align: justify;\"><span lang=\"ES\">Reforzando el mensaje, el director regional(s) del Trabajo, Christian Aros hizo hincapi\u00e9 en la importancia que los administradores del seguro puedan realizar las evaluaciones de los puestos de trabajo de las y los trabajadores para revisar la exposici\u00f3n al fr\u00edo, para resguardar la seguridad y salud.<\/span><\/p>\n<p class=\"v1MsoNormal\" style=\"text-align: justify;\"><span lang=\"ES\">Entre las recomendaciones que entregan los profesionales del Departamento de Prevenci\u00f3n de Riesgos Laborales del ISL figuran las siguientes:<\/span><\/p>\n<p class=\"v1gmail-MsoNoSpacing\" style=\"text-align: justify;\"><strong><span lang=\"ES\">\u00b7\u00a0\u00a0\u00a0\u00a0\u00a0\u00a0\u00a0\u00a0\u00a0<\/span><span lang=\"ES\">Ropa apropiada:<\/span><\/strong><\/p>\n<p class=\"v1gmail-MsoNoSpacing\" style=\"text-align: justify;\"><span lang=\"ES\">o\u00a0\u00a0\u00a0<\/span><span lang=\"ES\">Llevar varias capas de ropa ligera.<\/span><\/p>\n<p class=\"v1gmail-MsoNoSpacing\" style=\"text-align: justify;\"><span lang=\"ES\">o\u00a0\u00a0\u00a0<\/span><span lang=\"ES\">Seg\u00fan necesidad, agregar o quitar prendas.<\/span><\/p>\n<p class=\"v1gmail-MsoNoSpacing\" style=\"text-align: justify;\"><span lang=\"ES\">o\u00a0\u00a0\u00a0<\/span><span lang=\"ES\">Utilizar capas externas resistentes al viento.<\/span><\/p>\n<p class=\"v1gmail-MsoNoSpacing\" style=\"text-align: justify;\"><span lang=\"ES\">o\u00a0\u00a0\u00a0<\/span><span lang=\"ES\">Usar sombrero o capuch\u00f3n Balaclava.<\/span><\/p>\n<p class=\"v1gmail-MsoNoSpacing\" style=\"text-align: justify;\"><strong><span lang=\"ES\">\u00b7\u00a0\u00a0\u00a0\u00a0\u00a0\u00a0\u00a0\u00a0\u00a0<\/span><span lang=\"ES\">Nutrici\u00f3n:<\/span><\/strong><\/p>\n<p class=\"v1gmail-MsoNoSpacing\" style=\"text-align: justify;\"><span lang=\"ES\">o\u00a0\u00a0\u00a0<\/span><span lang=\"ES\">Seguir dietas equilibradas.\u00a0<\/span><\/p>\n<p class=\"v1gmail-MsoNoSpacing\" style=\"text-align: justify;\"><span lang=\"ES\">o\u00a0\u00a0\u00a0<\/span><span lang=\"ES\">Tomar raciones regulares durante el d\u00eda.<\/span><\/p>\n<p class=\"v1gmail-MsoNoSpacing\" style=\"text-align: justify;\"><span lang=\"ES\">o\u00a0\u00a0\u00a0<\/span><span lang=\"ES\">Aportar energ\u00eda extra para la producci\u00f3n de calor.<\/span><\/p>\n<p class=\"v1gmail-MsoNoSpacing\" style=\"text-align: justify;\"><strong><span lang=\"ES\">\u00b7\u00a0\u00a0\u00a0\u00a0\u00a0\u00a0\u00a0\u00a0\u00a0<\/span><span lang=\"ES\">Estado f\u00edsico y Actividad:<\/span><\/strong><\/p>\n<p class=\"v1gmail-MsoNoSpacing\" style=\"text-align: justify;\"><span lang=\"ES\">o\u00a0\u00a0\u00a0<\/span><span lang=\"ES\">Mantener un buen estado f\u00edsico de salud, estableciendo periodos de descanso necesario.<\/span><\/p>\n<p class=\"v1gmail-MsoNoSpacing\" style=\"text-align: justify;\"><span lang=\"ES\">o\u00a0\u00a0\u00a0<\/span><span lang=\"ES\">Los movimientos son ben\u00e9ficos en ambientes fr\u00edos, el uso de la musculatura corporal mantiene la producci\u00f3n de calor.<\/span><\/p>\n<p class=\"v1gmail-MsoNoSpacing\" style=\"text-align: justify;\"><strong><span lang=\"ES\">\u00b7\u00a0\u00a0\u00a0\u00a0\u00a0\u00a0\u00a0\u00a0\u00a0<\/span><span lang=\"ES\">Refugios:<\/span><\/strong><\/p>\n<p class=\"v1gmail-MsoNoSpacing\" style=\"text-align: justify;\"><span lang=\"ES\">o\u00a0\u00a0\u00a0<\/span><span lang=\"ES\">En zonas de mucho viento, habilitar barreras y refugios para protecci\u00f3n, ya sean naturales o artificiales que minimicen las p\u00e9rdidas de calor por convecci\u00f3n.<\/span><\/p>\n<p class=\"v1gmail-MsoNoSpacing\" style=\"text-align: justify;\"><strong><span lang=\"ES\">\u00b7\u00a0\u00a0\u00a0\u00a0\u00a0\u00a0\u00a0\u00a0\u00a0<\/span><span lang=\"ES\">Programaci\u00f3n de trabajos:<\/span><\/strong><\/p>\n<p class=\"v1gmail-MsoNoSpacing\" style=\"text-align: justify;\"><span lang=\"ES\">o\u00a0\u00a0\u00a0<\/span><span lang=\"ES\">Reducir los periodos de exposici\u00f3n continuos. Las pausas de descanso se deben tomar en lugares tibios que cumplan con las condiciones m\u00ednimas de confort.\u00a0\u00a0<\/span><\/p>\n<p class=\"v1gmail-MsoNoSpacing\" style=\"text-align: justify;\"><span lang=\"ES\">o\u00a0\u00a0\u00a0<\/span><span lang=\"ES\">Evitar la existencia de trabajos est\u00e1ticos en lugares donde existe el peligro por exposici\u00f3n al fr\u00edo, de esta manera evitaremos lesiones como: irritaci\u00f3n, enrojecimiento, inflamaci\u00f3n y, en casos severos, ulceraci\u00f3n de la piel, principalmente en mejillas, orejas y dedos, tanto en extremidades superiores como inferiores, en el caso del entumecimiento de pies.<\/span><\/p>\n<p class=\"v1gmail-MsoNoSpacing\" style=\"text-align: justify;\"><strong><span lang=\"ES\">\u00b7\u00a0\u00a0\u00a0\u00a0\u00a0\u00a0\u00a0\u00a0\u00a0<\/span><span lang=\"ES\">Educaci\u00f3n:<\/span><\/strong><\/p>\n<p class=\"v1gmail-MsoNoSpacing\" style=\"text-align: justify;\"><span lang=\"ES\">o\u00a0\u00a0\u00a0<\/span><span lang=\"ES\">De acuerdo con lo establecido en el D.S. N\u00b040, Art. 21, se debe instruir al personal respecto a los riesgos asociados a la exposici\u00f3n a fr\u00edo.<\/span><\/p>\n<p class=\"v1gmail-MsoNoSpacing\" style=\"text-align: justify;\"><span lang=\"ES\">o\u00a0\u00a0\u00a0<\/span><span lang=\"ES\">Capacitar a los trabajadores para reconocer los s\u00edntomas de hipotermia.<\/span><\/p>\n<p class=\"v1gmail-MsoNoSpacing\" style=\"text-align: justify;\"><span lang=\"ES\">o\u00a0\u00a0\u00a0<\/span><span lang=\"ES\">Ense\u00f1ar medidas adecuadas de primeros<\/span><\/p>\n<p class=\"v1MsoNormal\" style=\"text-align: justify;\">Para m\u00e1s informaci\u00f3n, visite\u00a0<a href=\"https:\/\/www.isl.gob.cl\/bajo-cero\/\" target=\"_blank\" rel=\"noopener noreferrer\">https:\/\/www.isl.gob.cl\/bajo-cero\/<\/a><\/p>\n<\/div><\/section><\/div><div  style='height:50px' class='hr hr-invisible   avia-builder-el-6  el_after_av_one_full  el_before_av_social_share '><span class='hr-inner ' ><span class='hr-inner-style'><\/span><\/span><\/div><\/p>\n<div  class='av-social-sharing-box  avia-builder-el-7  el_after_av_hr  el_before_av_hr  '><div class='av-share-box'><h5 class='av-share-link-description av-no-toc '>Compartir esta noticia<\/h5><ul class='av-share-box-list noLightbox'><li class='av-share-link av-social-link-facebook' ><a target=\"_blank\" aria-label=\"Compartir en Facebook\" href='https:\/\/www.facebook.com\/sharer.php?u=https:\/\/radiorevelacionfm.cl\/?p=43932&#038;t=ISL%20lanza%20programa%20Bajo%20Cero%20de%20protecci%C3%B3n%20y%20prevenci%C3%B3n%20ante%20bajas%20temperaturas' aria-hidden='false' data-av_icon='\ue8f3' data-av_iconfont='entypo-fontello' title='' data-avia-related-tooltip='Compartir en Facebook' rel=\"noopener\"><span class='avia_hidden_link_text'>Compartir en Facebook<\/span><\/a><\/li><li class='av-share-link av-social-link-twitter' ><a target=\"_blank\" aria-label=\"Compartir en Twitter\" href='https:\/\/twitter.com\/share?text=ISL%20lanza%20programa%20Bajo%20Cero%20de%20protecci%C3%B3n%20y%20prevenci%C3%B3n%20ante%20bajas%20temperaturas&#038;url=https:\/\/radiorevelacionfm.cl\/?p=43932' aria-hidden='false' data-av_icon='\ue8f1' data-av_iconfont='entypo-fontello' title='' data-avia-related-tooltip='Compartir en Twitter' rel=\"noopener\"><span class='avia_hidden_link_text'>Compartir en Twitter<\/span><\/a><\/li><li class='av-share-link av-social-link-whatsapp' ><a target=\"_blank\" aria-label=\"Compartir en Whatsapp\" href='https:\/\/api.whatsapp.com\/send?text=https:\/\/radiorevelacionfm.cl\/?p=43932' aria-hidden='false' data-av_icon='\uf232' data-av_iconfont='entypo-fontello' title='' data-avia-related-tooltip='Compartir en Whatsapp' rel=\"noopener\"><span class='avia_hidden_link_text'>Compartir en Whatsapp<\/span><\/a><\/li><li class='av-share-link av-social-link-linkedin' ><a target=\"_blank\" aria-label=\"Compartir en LinkedIn\" href='https:\/\/linkedin.com\/shareArticle?mini=true&#038;title=ISL%20lanza%20programa%20Bajo%20Cero%20de%20protecci%C3%B3n%20y%20prevenci%C3%B3n%20ante%20bajas%20temperaturas&#038;url=https:\/\/radiorevelacionfm.cl\/?p=43932' aria-hidden='false' data-av_icon='\ue8fc' data-av_iconfont='entypo-fontello' title='' data-avia-related-tooltip='Compartir en LinkedIn' rel=\"noopener\"><span class='avia_hidden_link_text'>Compartir en LinkedIn<\/span><\/a><\/li><li class='av-share-link av-social-link-mail' ><a  aria-label=\"Compartir por correo\" href='mailto:?subject=ISL%20lanza%20programa%20Bajo%20Cero%20de%20protecci%C3%B3n%20y%20prevenci%C3%B3n%20ante%20bajas%20temperaturas&#038;body=https:\/\/radiorevelacionfm.cl\/?p=43932' aria-hidden='false' data-av_icon='\ue805' data-av_iconfont='entypo-fontello' title='' data-avia-related-tooltip='Compartir por correo'><span class='avia_hidden_link_text'>Compartir por correo<\/span><\/a><\/li><\/ul><\/div><\/div>\n<div  style='height:50px' class='hr hr-invisible   avia-builder-el-8  el_after_av_social_share  el_before_av_comments_list '><span class='hr-inner ' ><span class='hr-inner-style'><\/span><\/span><\/div>\n<div  class='av-buildercomment  av-blog-meta-html-info-disabled av-blog-meta-tag-disabled  '><\/div>\n","protected":false},"excerpt":{"rendered":"","protected":false},"author":1,"featured_media":43933,"comment_status":"open","ping_status":"open","sticky":false,"template":"","format":"standard","meta":{"footnotes":""},"categories":[56],"tags":[],"class_list":["post-43932","post","type-post","status-publish","format-standard","has-post-thumbnail","hentry","category-trabajo"],"jetpack_featured_media_url":"https:\/\/radiorevelacionfm.cl\/wp-content\/uploads\/2024\/07\/bajocero_exposicionfrio_isl_aysen-2-1_optimized-1.jpg","_links":{"self":[{"href":"https:\/\/radiorevelacionfm.cl\/index.php?rest_route=\/wp\/v2\/posts\/43932","targetHints":{"allow":["GET"]}}],"collection":[{"href":"https:\/\/radiorevelacionfm.cl\/index.php?rest_route=\/wp\/v2\/posts"}],"about":[{"href":"https:\/\/radiorevelacionfm.cl\/index.php?rest_route=\/wp\/v2\/types\/post"}],"author":[{"embeddable":true,"href":"https:\/\/radiorevelacionfm.cl\/index.php?rest_route=\/wp\/v2\/users\/1"}],"replies":[{"embeddable":true,"href":"https:\/\/radiorevelacionfm.cl\/index.php?rest_route=%2Fwp%2Fv2%2Fcomments&post=43932"}],"version-history":[{"count":1,"href":"https:\/\/radiorevelacionfm.cl\/index.php?rest_route=\/wp\/v2\/posts\/43932\/revisions"}],"predecessor-version":[{"id":43934,"href":"https:\/\/radiorevelacionfm.cl\/index.php?rest_route=\/wp\/v2\/posts\/43932\/revisions\/43934"}],"wp:featuredmedia":[{"embeddable":true,"href":"https:\/\/radiorevelacionfm.cl\/index.php?rest_route=\/wp\/v2\/media\/43933"}],"wp:attachment":[{"href":"https:\/\/radiorevelacionfm.cl\/index.php?rest_route=%2Fwp%2Fv2%2Fmedia&parent=43932"}],"wp:term":[{"taxonomy":"category","embeddable":true,"href":"https:\/\/radiorevelacionfm.cl\/index.php?rest_route=%2Fwp%2Fv2%2Fcategories&post=43932"},{"taxonomy":"post_tag","embeddable":true,"href":"https:\/\/radiorevelacionfm.cl\/index.php?rest_route=%2Fwp%2Fv2%2Ftags&post=43932"}],"curies":[{"name":"wp","href":"https:\/\/api.w.org\/{rel}","templated":true}]}}