{"id":43929,"date":"2024-07-07T18:12:45","date_gmt":"2024-07-07T21:12:45","guid":{"rendered":"https:\/\/radiorevelacionfm.cl\/?p=43929"},"modified":"2024-07-07T18:12:45","modified_gmt":"2024-07-07T21:12:45","slug":"un-ano-de-funcionamiento-conmemora-la-unidad-de-liquidaciones-especializada-de-la-corte-de-coyhaique","status":"publish","type":"post","link":"https:\/\/radiorevelacionfm.cl\/?p=43929","title":{"rendered":"Un a\u00f1o de funcionamiento conmemora la Unidad de Liquidaciones Especializada de la Corte de Coyhaique"},"content":{"rendered":"<div class=\"flex_column av_one_full  flex_column_div av-zero-column-padding first  avia-builder-el-0  el_before_av_one_full  avia-builder-el-first  \" style='border-radius:0px; '><div  class='avia-image-container  av-styling-    avia-builder-el-1  avia-builder-el-no-sibling  avia-align-center '  itemprop=\"image\" itemscope=\"itemscope\" itemtype=\"https:\/\/schema.org\/ImageObject\"  ><div class='avia-image-container-inner'><div class='avia-image-overlay-wrap'><img decoding=\"async\" class='wp-image-43930 avia-img-lazy-loading-not-43930 avia_image' src=\"https:\/\/radiorevelacionfm.cl\/wp-content\/uploads\/2024\/07\/Foto-1-Unidad-Liquidaciones-1-1.jpg\" alt='' title='Foto 1 Unidad Liquidaciones (1) (1)' height=\"600\" width=\"900\"  itemprop=\"thumbnailUrl\" srcset=\"https:\/\/radiorevelacionfm.cl\/wp-content\/uploads\/2024\/07\/Foto-1-Unidad-Liquidaciones-1-1.jpg 900w, https:\/\/radiorevelacionfm.cl\/wp-content\/uploads\/2024\/07\/Foto-1-Unidad-Liquidaciones-1-1-300x200.jpg 300w, https:\/\/radiorevelacionfm.cl\/wp-content\/uploads\/2024\/07\/Foto-1-Unidad-Liquidaciones-1-1-768x512.jpg 768w, https:\/\/radiorevelacionfm.cl\/wp-content\/uploads\/2024\/07\/Foto-1-Unidad-Liquidaciones-1-1-705x470.jpg 705w, https:\/\/radiorevelacionfm.cl\/wp-content\/uploads\/2024\/07\/Foto-1-Unidad-Liquidaciones-1-1-450x300.jpg 450w, https:\/\/radiorevelacionfm.cl\/wp-content\/uploads\/2024\/07\/Foto-1-Unidad-Liquidaciones-1-1-600x400.jpg 600w\" sizes=\"(max-width: 900px) 100vw, 900px\" \/><\/div><\/div><\/div><\/div><div class=\"flex_column av_one_full  flex_column_div av-zero-column-padding first  avia-builder-el-2  el_after_av_one_full  el_before_av_one_full  column-top-margin\" style='border-radius:0px; '><section class=\"av_textblock_section \"  itemscope=\"itemscope\" itemtype=\"https:\/\/schema.org\/BlogPosting\" itemprop=\"blogPost\" ><div class='avia_textblock  '   itemprop=\"text\" ><p style=\"text-align: center;\"><strong><span style=\"font-size: 18pt;\">Un a\u00f1o de funcionamiento conmemora la Unidad de Liquidaciones Especializada de la Corte de Coyhaique<\/span><\/strong><\/p>\n<div id=\"gtx-trans\" style=\"position: absolute; left: -50px; top: 4.31534px;\">\n<div class=\"gtx-trans-icon\"><\/div>\n<\/div>\n<\/div><\/section><\/div><div class=\"flex_column av_one_full  flex_column_div av-zero-column-padding first  avia-builder-el-4  el_after_av_one_full  el_before_av_hr  column-top-margin\" style='border-radius:0px; '><section class=\"av_textblock_section \"  itemscope=\"itemscope\" itemtype=\"https:\/\/schema.org\/BlogPosting\" itemprop=\"blogPost\" ><div class='avia_textblock  '   itemprop=\"text\" ><p class=\"v1MsoNormal\" style=\"text-align: justify;\">El pasado lunes 1 de julio se cumpli\u00f3 un a\u00f1o desde que la Unidad de Liquidaciones Especializada (ULE), dependiente de la Corte de Apelaciones de Coyhaique, comenz\u00f3 su funcionamiento en la jurisdicci\u00f3n. Instancia dedicada a colaborar con el c\u00e1lculo de los montos adeudados por concepto de pensi\u00f3n de alimentos, proyectos de resoluci\u00f3n respecto de la notificaci\u00f3n de estas liquidaciones, y apoyo en materias como acuerdos de pago, conversi\u00f3n, entre otras labores.<\/p>\n<p class=\"v1MsoNormal\" style=\"text-align: justify;\">En tal sentido, el presidente de la Corte de Coyhaique, ministro Luis Aedo Mora, sostuvo que \u00abhace un par de d\u00edas conmemoramos un a\u00f1o desde la entrada en vigencia de la Ley\u00a0 21.484 sobre Responsabilidad Parental y Pago efectivo de Pensiones de Alimentos y por cierto, la Ley 21.389 que crea el Registro Nacional de Deudores de Alimentos y la implementaci\u00f3n de estas unidades de liquidaciones especializadas a lo largo del pa\u00eds.\u00a0 Por ello, queremos relevar el esmero y el desempe\u00f1o de cada integrante de esta unidad, que ha permitido colaborar y cumplir con los objetivos planteados, en cuanto a mantener al d\u00eda el trabajo que realizan nuestros tribunales con competencia en materia de familia y que son de tanta relevancia para esta jurisdicci\u00f3n\u00bb.<\/p>\n<p class=\"v1MsoNormal\" style=\"text-align: justify;\">En tanto, Zorica Castro Veliz, supervisora de este centro, indic\u00f3 que \u00abesta unidad tiene una dotaci\u00f3n de cuatro profesionales, y mantiene su trabajo en forma mancomunada con los cinco tribunales de la jurisdicci\u00f3n (Juzgado de Familia de Coyhaique, Juzgado de Letras y Garant\u00eda de Puerto Ays\u00e9n, Juzgado de Letras y Garant\u00eda de Chile Chico, Juzgado de Letras y Garant\u00eda de Puerto Cisnes y Juzgado de Letras y Garant\u00eda de Cochrane), y se encarga de realizar el c\u00e1lculo de todas las liquidaciones de pensiones de alimentos que se generan, las cuales en el \u00faltimo tiempo se han incrementado en los respectivos tribunales, debido principalmente a la dictaci\u00f3n de una serie de leyes atingentes, que\u00a0 entregan a los usuarios nuevas herramientas, a fin de mejorar el r\u00e9gimen de cumplimiento de las obligaciones de alimentos a favor de los alimentarios\u00bb.<\/p>\n<p class=\"v1MsoNormal\" style=\"text-align: justify;\">A la fecha, y tras un a\u00f1o de funcionamiento esta unidad ha realizado un total de 23.256 liquidaciones, conforme a la siguiente distribuci\u00f3n:<\/p>\n<p class=\"v1MsoNormal\" style=\"text-align: justify;\">\u2022\u00a0\u00a0\u00a0\u00a0\u00a0 Juzgado de Familia de Coyhaique: 13.866 liquidaciones<\/p>\n<p class=\"v1MsoNormal\" style=\"text-align: justify;\">\u2022\u00a0\u00a0\u00a0\u00a0\u00a0 Juzgado de Letras, Garant\u00eda y Familia de Puerto Ays\u00e9n: 5.979 liquidaciones;<\/p>\n<p class=\"v1MsoNormal\" style=\"text-align: justify;\">\u2022\u00a0\u00a0\u00a0\u00a0\u00a0 Juzgado de Letras, Garant\u00eda y Familia de Puerto Cisne: 877 liquidaciones;<\/p>\n<p class=\"v1MsoNormal\" style=\"text-align: justify;\">\u2022\u00a0\u00a0\u00a0\u00a0\u00a0 Juzgado de Letras, Garant\u00eda y Familia de Chile Chico: 1.717 liquidaciones; y,<\/p>\n<p class=\"v1MsoNormal\" style=\"text-align: justify;\">\u2022\u00a0\u00a0\u00a0\u00a0\u00a0 Juzgado de Letras, Garant\u00eda y Familia de Cochrane: 817 liquidaciones.<\/p>\n<div style=\"text-align: justify;\"><\/div>\n<\/div><\/section><\/div><div  style='height:50px' class='hr hr-invisible   avia-builder-el-6  el_after_av_one_full  el_before_av_social_share '><span class='hr-inner ' ><span class='hr-inner-style'><\/span><\/span><\/div><\/p>\n<div  class='av-social-sharing-box  avia-builder-el-7  el_after_av_hr  el_before_av_hr  '><div class='av-share-box'><h5 class='av-share-link-description av-no-toc '>Compartir esta noticia<\/h5><ul class='av-share-box-list noLightbox'><li class='av-share-link av-social-link-facebook' ><a target=\"_blank\" aria-label=\"Compartir en Facebook\" href='https:\/\/www.facebook.com\/sharer.php?u=https:\/\/radiorevelacionfm.cl\/?p=43929&#038;t=Un%20a%C3%B1o%20de%20funcionamiento%20conmemora%20la%20Unidad%20de%20Liquidaciones%20Especializada%20de%20la%20Corte%20de%20Coyhaique' aria-hidden='false' data-av_icon='\ue8f3' data-av_iconfont='entypo-fontello' title='' data-avia-related-tooltip='Compartir en Facebook' rel=\"noopener\"><span class='avia_hidden_link_text'>Compartir en Facebook<\/span><\/a><\/li><li class='av-share-link av-social-link-twitter' ><a target=\"_blank\" aria-label=\"Compartir en Twitter\" href='https:\/\/twitter.com\/share?text=Un%20a%C3%B1o%20de%20funcionamiento%20conmemora%20la%20Unidad%20de%20Liquidaciones%20Especializada%20de%20la%20Corte%20de%20Coyhaique&#038;url=https:\/\/radiorevelacionfm.cl\/?p=43929' aria-hidden='false' data-av_icon='\ue8f1' data-av_iconfont='entypo-fontello' title='' data-avia-related-tooltip='Compartir en Twitter' rel=\"noopener\"><span class='avia_hidden_link_text'>Compartir en Twitter<\/span><\/a><\/li><li class='av-share-link av-social-link-whatsapp' ><a target=\"_blank\" aria-label=\"Compartir en Whatsapp\" href='https:\/\/api.whatsapp.com\/send?text=https:\/\/radiorevelacionfm.cl\/?p=43929' aria-hidden='false' data-av_icon='\uf232' data-av_iconfont='entypo-fontello' title='' data-avia-related-tooltip='Compartir en Whatsapp' rel=\"noopener\"><span class='avia_hidden_link_text'>Compartir en Whatsapp<\/span><\/a><\/li><li class='av-share-link av-social-link-linkedin' ><a target=\"_blank\" aria-label=\"Compartir en LinkedIn\" href='https:\/\/linkedin.com\/shareArticle?mini=true&#038;title=Un%20a%C3%B1o%20de%20funcionamiento%20conmemora%20la%20Unidad%20de%20Liquidaciones%20Especializada%20de%20la%20Corte%20de%20Coyhaique&#038;url=https:\/\/radiorevelacionfm.cl\/?p=43929' aria-hidden='false' data-av_icon='\ue8fc' data-av_iconfont='entypo-fontello' title='' data-avia-related-tooltip='Compartir en LinkedIn' rel=\"noopener\"><span class='avia_hidden_link_text'>Compartir en LinkedIn<\/span><\/a><\/li><li class='av-share-link av-social-link-mail' ><a  aria-label=\"Compartir por correo\" href='mailto:?subject=Un%20a%C3%B1o%20de%20funcionamiento%20conmemora%20la%20Unidad%20de%20Liquidaciones%20Especializada%20de%20la%20Corte%20de%20Coyhaique&#038;body=https:\/\/radiorevelacionfm.cl\/?p=43929' aria-hidden='false' data-av_icon='\ue805' data-av_iconfont='entypo-fontello' title='' data-avia-related-tooltip='Compartir por correo'><span class='avia_hidden_link_text'>Compartir por correo<\/span><\/a><\/li><\/ul><\/div><\/div>\n<div  style='height:50px' class='hr hr-invisible   avia-builder-el-8  el_after_av_social_share  el_before_av_comments_list '><span class='hr-inner ' ><span class='hr-inner-style'><\/span><\/span><\/div>\n<div  class='av-buildercomment  av-blog-meta-html-info-disabled av-blog-meta-tag-disabled  '><\/div>\n","protected":false},"excerpt":{"rendered":"","protected":false},"author":1,"featured_media":43930,"comment_status":"open","ping_status":"open","sticky":false,"template":"","format":"standard","meta":{"footnotes":""},"categories":[55],"tags":[],"class_list":["post-43929","post","type-post","status-publish","format-standard","has-post-thumbnail","hentry","category-justicia"],"jetpack_featured_media_url":"https:\/\/radiorevelacionfm.cl\/wp-content\/uploads\/2024\/07\/Foto-1-Unidad-Liquidaciones-1-1.jpg","_links":{"self":[{"href":"https:\/\/radiorevelacionfm.cl\/index.php?rest_route=\/wp\/v2\/posts\/43929","targetHints":{"allow":["GET"]}}],"collection":[{"href":"https:\/\/radiorevelacionfm.cl\/index.php?rest_route=\/wp\/v2\/posts"}],"about":[{"href":"https:\/\/radiorevelacionfm.cl\/index.php?rest_route=\/wp\/v2\/types\/post"}],"author":[{"embeddable":true,"href":"https:\/\/radiorevelacionfm.cl\/index.php?rest_route=\/wp\/v2\/users\/1"}],"replies":[{"embeddable":true,"href":"https:\/\/radiorevelacionfm.cl\/index.php?rest_route=%2Fwp%2Fv2%2Fcomments&post=43929"}],"version-history":[{"count":1,"href":"https:\/\/radiorevelacionfm.cl\/index.php?rest_route=\/wp\/v2\/posts\/43929\/revisions"}],"predecessor-version":[{"id":43931,"href":"https:\/\/radiorevelacionfm.cl\/index.php?rest_route=\/wp\/v2\/posts\/43929\/revisions\/43931"}],"wp:featuredmedia":[{"embeddable":true,"href":"https:\/\/radiorevelacionfm.cl\/index.php?rest_route=\/wp\/v2\/media\/43930"}],"wp:attachment":[{"href":"https:\/\/radiorevelacionfm.cl\/index.php?rest_route=%2Fwp%2Fv2%2Fmedia&parent=43929"}],"wp:term":[{"taxonomy":"category","embeddable":true,"href":"https:\/\/radiorevelacionfm.cl\/index.php?rest_route=%2Fwp%2Fv2%2Fcategories&post=43929"},{"taxonomy":"post_tag","embeddable":true,"href":"https:\/\/radiorevelacionfm.cl\/index.php?rest_route=%2Fwp%2Fv2%2Ftags&post=43929"}],"curies":[{"name":"wp","href":"https:\/\/api.w.org\/{rel}","templated":true}]}}