{"id":43927,"date":"2024-07-08T14:06:05","date_gmt":"2024-07-08T17:06:05","guid":{"rendered":"https:\/\/radiorevelacionfm.cl\/?p=43927"},"modified":"2024-07-08T14:06:05","modified_gmt":"2024-07-08T17:06:05","slug":"sandoval-por-nulo-avance-en-pavimentacion-de-la-carretera-austral-esto-es-una-secuencia-historica-de-abandono-de-las-necesidades-de-conectividad-de-nuestra-region","status":"publish","type":"post","link":"https:\/\/radiorevelacionfm.cl\/?p=43927","title":{"rendered":"Sandoval por nulo avance en pavimentaci\u00f3n de la Carretera Austral: \u201cEsto es una secuencia hist\u00f3rica de abandono de las necesidades de conectividad de nuestra regi\u00f3n\u201d"},"content":{"rendered":"<div class=\"flex_column av_one_full  flex_column_div av-zero-column-padding first  avia-builder-el-0  el_before_av_one_full  avia-builder-el-first  \" style='border-radius:0px; '><div  class='avia-image-container  av-styling-    avia-builder-el-1  avia-builder-el-no-sibling  avia-align-center '  itemprop=\"image\" itemscope=\"itemscope\" itemtype=\"https:\/\/schema.org\/ImageObject\"  ><div class='avia-image-container-inner'><div class='avia-image-overlay-wrap'><img decoding=\"async\" class='wp-image-28974 avia-img-lazy-loading-not-28974 avia_image' src=\"https:\/\/radiorevelacionfm.cl\/wp-content\/uploads\/2023\/03\/ruta-7-sur-1-1-1_optimized-1.jpg\" alt='' title='ruta-7-sur-(1)-(1)-(1)_optimized (1)' height=\"600\" width=\"904\"  itemprop=\"thumbnailUrl\" srcset=\"https:\/\/radiorevelacionfm.cl\/wp-content\/uploads\/2023\/03\/ruta-7-sur-1-1-1_optimized-1.jpg 904w, https:\/\/radiorevelacionfm.cl\/wp-content\/uploads\/2023\/03\/ruta-7-sur-1-1-1_optimized-1-300x199.jpg 300w, https:\/\/radiorevelacionfm.cl\/wp-content\/uploads\/2023\/03\/ruta-7-sur-1-1-1_optimized-1-768x510.jpg 768w, https:\/\/radiorevelacionfm.cl\/wp-content\/uploads\/2023\/03\/ruta-7-sur-1-1-1_optimized-1-705x468.jpg 705w, https:\/\/radiorevelacionfm.cl\/wp-content\/uploads\/2023\/03\/ruta-7-sur-1-1-1_optimized-1-600x398.jpg 600w\" sizes=\"(max-width: 904px) 100vw, 904px\" \/><\/div><\/div><\/div><\/div><div class=\"flex_column av_one_full  flex_column_div av-zero-column-padding first  avia-builder-el-2  el_after_av_one_full  el_before_av_one_full  column-top-margin\" style='border-radius:0px; '><section class=\"av_textblock_section \"  itemscope=\"itemscope\" itemtype=\"https:\/\/schema.org\/BlogPosting\" itemprop=\"blogPost\" ><div class='avia_textblock  '   itemprop=\"text\" ><p style=\"text-align: center;\"><span style=\"font-size: 18pt;\"><strong>Sandoval por nulo avance en pavimentaci\u00f3n de la Carretera Austral: <\/strong><strong>\u201cEsto es una secuencia hist\u00f3rica de abandono de las necesidades de conectividad de nuestra regi\u00f3n\u201d<\/strong><\/span><\/p>\n<div id=\"gtx-trans\" style=\"position: absolute; left: -50px; top: 4.31534px;\">\n<div class=\"gtx-trans-icon\"><\/div>\n<\/div>\n<\/div><\/section><\/div><div class=\"flex_column av_one_full  flex_column_div av-zero-column-padding first  avia-builder-el-4  el_after_av_one_full  el_before_av_hr  column-top-margin\" style='border-radius:0px; '><section class=\"av_textblock_section \"  itemscope=\"itemscope\" itemtype=\"https:\/\/schema.org\/BlogPosting\" itemprop=\"blogPost\" ><div class='avia_textblock  '   itemprop=\"text\" ><p style=\"text-align: justify;\"><em>Parlamentario lament\u00f3 que a la fecha no se haya avanzado un solo metro de los 140 Km. comprometidos por el actual Gobierno en la ruta 7.<\/em><\/p>\n<p style=\"text-align: justify;\">Como preocupante consider\u00f3 el senador David Sandoval el nulo avance que ha tenido el compromiso de pavimentar 140 kil\u00f3metros de la Carretera Austral durante el actual Gobierno.<\/p>\n<p style=\"text-align: justify;\">Sandoval plante\u00f3 el tema en la sesi\u00f3n de la subcomisi\u00f3n mixta de presupuestos que verifica los avances que ha tenido la ejecuci\u00f3n presupuestaria del ministerio de Obras P\u00fablicas, instancia a la que asisti\u00f3 tambi\u00e9n la ministra Jessica L\u00f3pez. \u201cYo no lo hecho la culpa a un ministro o ministra en particular, yo siempre he hablado de que ha habido una irresponsabilidad del Estado de cumplir con los compromisos de avanzar en la integraci\u00f3n austral\u201d, recordando tambi\u00e9n que las cifras negativas de crecimiento informadas por el Banco Central en el \u00faltimo trimestre tambi\u00e9n responden a la falta de una conectividad eficiente en la regi\u00f3n de Ays\u00e9n.<\/p>\n<p style=\"text-align: justify;\">El parlamentario record\u00f3 que en el gobierno del ex presidente Sebasti\u00e1n Pi\u00f1era se hab\u00edan comprometido pavimentar 120 Km. de la ruta 7, pero solo se logr\u00f3 \u00a0avanzar en 36 Km.. \u201cVino el estallido social y el covid y todo lo asociado a este tema\u201d, puntualiz\u00f3.<\/p>\n<p style=\"text-align: justify;\">\u201cPero este gobierno y el propio presidente en la regi\u00f3n de Ays\u00e9n dijo \u00b4vamos a pavimentar 140 km. de camino\u00b4 y estamos a m\u00e1s de la mitad de este Gobierno y no se ha pavimentado ning\u00fan kil\u00f3metro en estos dos a\u00f1os y fracci\u00f3n que tenemos\u201d, subray\u00f3.<\/p>\n<p style=\"text-align: justify;\">Por lo mismo, insisti\u00f3 en que esto \u201ces una secuencia de abandono en las necesidades camineras que tiene la regi\u00f3n. Y este Gobierno es uno m\u00e1s que se ha sumado a esa secuencia de falta de visi\u00f3n estrat\u00e9gica de unir una provincia como es Palena y una regi\u00f3n como Ays\u00e9n (con el resto del pa\u00eds)\u201d.<\/p>\n<p style=\"text-align: justify;\">Con todo, el senador Sandoval reitera que, si bien el Estado es el responsable en esta materia, en el caso del actual compromiso gubernamental enfatiz\u00f3 que \u201clas cosas no est\u00e1n aconteciendo como se piensan y est\u00e1 perjudicando a toda la regi\u00f3n de Ays\u00e9n\u201d.<\/p>\n<\/div><\/section><\/div><div  style='height:50px' class='hr hr-invisible   avia-builder-el-6  el_after_av_one_full  el_before_av_social_share '><span class='hr-inner ' ><span class='hr-inner-style'><\/span><\/span><\/div><\/p>\n<div  class='av-social-sharing-box  avia-builder-el-7  el_after_av_hr  el_before_av_hr  '><div class='av-share-box'><h5 class='av-share-link-description av-no-toc '>Compartir esta noticia<\/h5><ul class='av-share-box-list noLightbox'><li class='av-share-link av-social-link-facebook' ><a target=\"_blank\" aria-label=\"Compartir en Facebook\" href='https:\/\/www.facebook.com\/sharer.php?u=https:\/\/radiorevelacionfm.cl\/?p=43927&#038;t=Sandoval%20por%20nulo%20avance%20en%20pavimentaci%C3%B3n%20de%20la%20Carretera%20Austral%3A%20%E2%80%9CEsto%20es%20una%20secuencia%20hist%C3%B3rica%20de%20abandono%20de%20las%20necesidades%20de%20conectividad%20de%20nuestra%20regi%C3%B3n%E2%80%9D' aria-hidden='false' data-av_icon='\ue8f3' data-av_iconfont='entypo-fontello' title='' data-avia-related-tooltip='Compartir en Facebook' rel=\"noopener\"><span class='avia_hidden_link_text'>Compartir en Facebook<\/span><\/a><\/li><li class='av-share-link av-social-link-twitter' ><a target=\"_blank\" aria-label=\"Compartir en Twitter\" href='https:\/\/twitter.com\/share?text=Sandoval%20por%20nulo%20avance%20en%20pavimentaci%C3%B3n%20de%20la%20Carretera%20Austral%3A%20%E2%80%9CEsto%20es%20una%20secuencia%20hist%C3%B3rica%20de%20abandono%20de%20las%20necesidades%20de%20conectividad%20de%20nuestra%20regi%C3%B3n%E2%80%9D&#038;url=https:\/\/radiorevelacionfm.cl\/?p=43927' aria-hidden='false' data-av_icon='\ue8f1' data-av_iconfont='entypo-fontello' title='' data-avia-related-tooltip='Compartir en Twitter' rel=\"noopener\"><span class='avia_hidden_link_text'>Compartir en Twitter<\/span><\/a><\/li><li class='av-share-link av-social-link-whatsapp' ><a target=\"_blank\" aria-label=\"Compartir en Whatsapp\" href='https:\/\/api.whatsapp.com\/send?text=https:\/\/radiorevelacionfm.cl\/?p=43927' aria-hidden='false' data-av_icon='\uf232' data-av_iconfont='entypo-fontello' title='' data-avia-related-tooltip='Compartir en Whatsapp' rel=\"noopener\"><span class='avia_hidden_link_text'>Compartir en Whatsapp<\/span><\/a><\/li><li class='av-share-link av-social-link-linkedin' ><a target=\"_blank\" aria-label=\"Compartir en LinkedIn\" href='https:\/\/linkedin.com\/shareArticle?mini=true&#038;title=Sandoval%20por%20nulo%20avance%20en%20pavimentaci%C3%B3n%20de%20la%20Carretera%20Austral%3A%20%E2%80%9CEsto%20es%20una%20secuencia%20hist%C3%B3rica%20de%20abandono%20de%20las%20necesidades%20de%20conectividad%20de%20nuestra%20regi%C3%B3n%E2%80%9D&#038;url=https:\/\/radiorevelacionfm.cl\/?p=43927' aria-hidden='false' data-av_icon='\ue8fc' data-av_iconfont='entypo-fontello' title='' data-avia-related-tooltip='Compartir en LinkedIn' rel=\"noopener\"><span class='avia_hidden_link_text'>Compartir en LinkedIn<\/span><\/a><\/li><li class='av-share-link av-social-link-mail' ><a  aria-label=\"Compartir por correo\" href='mailto:?subject=Sandoval%20por%20nulo%20avance%20en%20pavimentaci%C3%B3n%20de%20la%20Carretera%20Austral%3A%20%E2%80%9CEsto%20es%20una%20secuencia%20hist%C3%B3rica%20de%20abandono%20de%20las%20necesidades%20de%20conectividad%20de%20nuestra%20regi%C3%B3n%E2%80%9D&#038;body=https:\/\/radiorevelacionfm.cl\/?p=43927' aria-hidden='false' data-av_icon='\ue805' data-av_iconfont='entypo-fontello' title='' data-avia-related-tooltip='Compartir por correo'><span class='avia_hidden_link_text'>Compartir por correo<\/span><\/a><\/li><\/ul><\/div><\/div>\n<div  style='height:50px' class='hr hr-invisible   avia-builder-el-8  el_after_av_social_share  el_before_av_comments_list '><span class='hr-inner ' ><span class='hr-inner-style'><\/span><\/span><\/div>\n<div  class='av-buildercomment  av-blog-meta-html-info-disabled av-blog-meta-tag-disabled  '><\/div>\n","protected":false},"excerpt":{"rendered":"","protected":false},"author":1,"featured_media":28974,"comment_status":"open","ping_status":"open","sticky":false,"template":"","format":"standard","meta":{"footnotes":""},"categories":[35],"tags":[],"class_list":["post-43927","post","type-post","status-publish","format-standard","has-post-thumbnail","hentry","category-politica"],"jetpack_featured_media_url":"https:\/\/radiorevelacionfm.cl\/wp-content\/uploads\/2023\/03\/ruta-7-sur-1-1-1_optimized-1.jpg","_links":{"self":[{"href":"https:\/\/radiorevelacionfm.cl\/index.php?rest_route=\/wp\/v2\/posts\/43927","targetHints":{"allow":["GET"]}}],"collection":[{"href":"https:\/\/radiorevelacionfm.cl\/index.php?rest_route=\/wp\/v2\/posts"}],"about":[{"href":"https:\/\/radiorevelacionfm.cl\/index.php?rest_route=\/wp\/v2\/types\/post"}],"author":[{"embeddable":true,"href":"https:\/\/radiorevelacionfm.cl\/index.php?rest_route=\/wp\/v2\/users\/1"}],"replies":[{"embeddable":true,"href":"https:\/\/radiorevelacionfm.cl\/index.php?rest_route=%2Fwp%2Fv2%2Fcomments&post=43927"}],"version-history":[{"count":1,"href":"https:\/\/radiorevelacionfm.cl\/index.php?rest_route=\/wp\/v2\/posts\/43927\/revisions"}],"predecessor-version":[{"id":43928,"href":"https:\/\/radiorevelacionfm.cl\/index.php?rest_route=\/wp\/v2\/posts\/43927\/revisions\/43928"}],"wp:featuredmedia":[{"embeddable":true,"href":"https:\/\/radiorevelacionfm.cl\/index.php?rest_route=\/wp\/v2\/media\/28974"}],"wp:attachment":[{"href":"https:\/\/radiorevelacionfm.cl\/index.php?rest_route=%2Fwp%2Fv2%2Fmedia&parent=43927"}],"wp:term":[{"taxonomy":"category","embeddable":true,"href":"https:\/\/radiorevelacionfm.cl\/index.php?rest_route=%2Fwp%2Fv2%2Fcategories&post=43927"},{"taxonomy":"post_tag","embeddable":true,"href":"https:\/\/radiorevelacionfm.cl\/index.php?rest_route=%2Fwp%2Fv2%2Ftags&post=43927"}],"curies":[{"name":"wp","href":"https:\/\/api.w.org\/{rel}","templated":true}]}}