{"id":43924,"date":"2024-07-07T15:30:57","date_gmt":"2024-07-07T18:30:57","guid":{"rendered":"https:\/\/radiorevelacionfm.cl\/?p=43924"},"modified":"2024-07-07T15:30:57","modified_gmt":"2024-07-07T18:30:57","slug":"lanzan-temporada-invernal-del-centro-de-montana-y-ski-el-fraile","status":"publish","type":"post","link":"https:\/\/radiorevelacionfm.cl\/?p=43924","title":{"rendered":"Lanzan temporada invernal del Centro de Monta\u00f1a y Ski El Fraile"},"content":{"rendered":"<div class=\"flex_column av_one_full  flex_column_div av-zero-column-padding first  avia-builder-el-0  el_before_av_one_full  avia-builder-el-first  \" style='border-radius:0px; '><div  class='avia-image-container  av-styling-    avia-builder-el-1  avia-builder-el-no-sibling  avia-align-center '  itemprop=\"image\" itemscope=\"itemscope\" itemtype=\"https:\/\/schema.org\/ImageObject\"  ><div class='avia-image-container-inner'><div class='avia-image-overlay-wrap'><img decoding=\"async\" class='wp-image-43925 avia-img-lazy-loading-not-43925 avia_image' src=\"https:\/\/radiorevelacionfm.cl\/wp-content\/uploads\/2024\/07\/05-el-fraile-1_optimized-1.jpg\" alt='' title='05-el-fraile-(1)_optimized (1)' height=\"600\" width=\"1066\"  itemprop=\"thumbnailUrl\" srcset=\"https:\/\/radiorevelacionfm.cl\/wp-content\/uploads\/2024\/07\/05-el-fraile-1_optimized-1.jpg 1066w, https:\/\/radiorevelacionfm.cl\/wp-content\/uploads\/2024\/07\/05-el-fraile-1_optimized-1-300x169.jpg 300w, https:\/\/radiorevelacionfm.cl\/wp-content\/uploads\/2024\/07\/05-el-fraile-1_optimized-1-1030x580.jpg 1030w, https:\/\/radiorevelacionfm.cl\/wp-content\/uploads\/2024\/07\/05-el-fraile-1_optimized-1-768x432.jpg 768w, https:\/\/radiorevelacionfm.cl\/wp-content\/uploads\/2024\/07\/05-el-fraile-1_optimized-1-705x397.jpg 705w, https:\/\/radiorevelacionfm.cl\/wp-content\/uploads\/2024\/07\/05-el-fraile-1_optimized-1-450x253.jpg 450w, https:\/\/radiorevelacionfm.cl\/wp-content\/uploads\/2024\/07\/05-el-fraile-1_optimized-1-600x338.jpg 600w\" sizes=\"(max-width: 1066px) 100vw, 1066px\" \/><\/div><\/div><\/div><\/div><div class=\"flex_column av_one_full  flex_column_div av-zero-column-padding first  avia-builder-el-2  el_after_av_one_full  el_before_av_one_full  column-top-margin\" style='border-radius:0px; '><section class=\"av_textblock_section \"  itemscope=\"itemscope\" itemtype=\"https:\/\/schema.org\/BlogPosting\" itemprop=\"blogPost\" ><div class='avia_textblock  '   itemprop=\"text\" ><p style=\"text-align: center;\"><strong><span style=\"font-size: 18pt;\">Lanzan temporada invernal del Centro de Monta\u00f1a y Ski El Fraile<\/span><\/strong><\/p>\n<div id=\"gtx-trans\" style=\"position: absolute; left: -50px; top: 4.31534px;\">\n<div class=\"gtx-trans-icon\"><\/div>\n<\/div>\n<\/div><\/section><\/div><div class=\"flex_column av_one_full  flex_column_div av-zero-column-padding first  avia-builder-el-4  el_after_av_one_full  el_before_av_hr  column-top-margin\" style='border-radius:0px; '><section class=\"av_textblock_section \"  itemscope=\"itemscope\" itemtype=\"https:\/\/schema.org\/BlogPosting\" itemprop=\"blogPost\" ><div class='avia_textblock  '   itemprop=\"text\" ><p style=\"text-align: justify;\"><em>Autoridades regionales y representantes del turismo y deportes invernales se reunieron para dar inicio a una prometedora temporada en el Centro de Monta\u00f1a y Ski El Fraile, destacando los esfuerzos de colaboraci\u00f3n y el compromiso con el desarrollo local.<\/em><\/p>\n<p style=\"text-align: justify;\">Este fin de semana se dio inicio oficial a la temporada invernal del Centro de Monta\u00f1a y Ski El Fraile, organizado por la administraci\u00f3n del Centro y el Club de Monta\u00f1a Campos de Hielo. Este evento cont\u00f3 con la presencia de autoridades regionales, representantes de clubes de monta\u00f1a y escuelas de ski, gremios del turismo y unidades de rescate de Carabineros de Chile.<\/p>\n<p style=\"text-align: justify;\">El Administrador del Centro de Monta\u00f1a El Fraile, Ricardo Torres, expres\u00f3 su entusiasmo por el inicio de esta nuevo ciclo. \u00abEstamos dando el inicio a la temporada, ya partimos hace unos d\u00edas, pero el lanzamiento lo estamos dando hoy con las autoridades regionales. Esperamos una temporada muy buena, tenemos bastante nieve, tenemos pistas cien por ciento pisadas, tratadas, las que est\u00e1n con alta afluencia de p\u00fablico hoy. Invitamos a la comunidad y a todos los actores de la nieve que vengan a disfrutar del centro de ski y monta\u00f1a\u00bb.<\/p>\n<p style=\"text-align: justify;\">La Gobernadora de Ays\u00e9n, Andrea Mac\u00edas Palma, subray\u00f3 la importancia del trabajo realizado por el Club Campos de Hielo y otros clubes de monta\u00f1a que enriquecen a El Fraile. \u00abHemos iniciado desde hace un tiempo algunas conversaciones con el Ministerio del Deporte, tendientes a poder avanzar en un modelo de administraci\u00f3n del centro que permita traer inversi\u00f3n, por una parte, para dotar de mejor infraestructura, pero en plena conciencia de que el desarrollo del centro de monta\u00f1a tiene que ser de la mano con los actores locales\u00bb.<\/p>\n<p style=\"text-align: justify;\">Por su parte, Claudio Montecinos, Director de Sernatur Ays\u00e9n, manifest\u00f3 el compromiso de su entidad en apoyar el desarrollo del centro. \u00abEstamos muy comprometidos en apoyar el desarrollo de este centro invernal, que es el principal atractivo tur\u00edstico de la temporada de invierno, y por lo tanto hemos coordinado con la administraci\u00f3n del centro la posibilidad de promocionarlo a nivel nacional e internacional incorpor\u00e1ndolo en la estrategia nacional de promoci\u00f3n de turismo interno de Sernatur, como lo es &#8216;Chile Es Tuyo'\u00bb.<\/p>\n<p style=\"text-align: justify;\">Mar\u00eda Eugenia Dur\u00e1n, Seremi de Deportes, aprovech\u00f3 la instancia para resolver una &#8216;deuda&#8217; pendiente con el Club Campos de Hielo. \u00abhicimos la firma simb\u00f3lica de la entrega en comodato del refugio que es un recinto deportivo, pero que tambi\u00e9n sabemos tiene una importante atracci\u00f3n e inter\u00e9s tur\u00edstico\u00bb.<\/p>\n<p style=\"text-align: justify;\">Finalmente, el Delegado Presidencial Regional de Ays\u00e9n, Rodrigo Araya, hizo un llamado a la comunidad: \u00abHay que dejar de darle la espalda a la monta\u00f1a y hay que apropiarse de estos espacios. Hay compromisos de distintos actores, de los clubes de andinismo, que tambi\u00e9n est\u00e1n trayendo personas, escolares, para aprendan a esquiar y desplazarse en la nieve. Queremos que se sigan desarrollando y que cada vez sean m\u00e1s las personas que puedan disfrutar de la monta\u00f1a en nuestra regi\u00f3n.<\/p>\n<p style=\"text-align: justify;\">Si bien, depende de las condiciones clim\u00e1ticas, se espera que la temporada de ski se mantenga hasta los primeros d\u00edas de octubre. Por lo que se invita a la comunidad a disfrutar de El Fraile de martes a domingo, de 8:00 a 13:00 horas para la subida y de 14:00 a 20:00 horas la bajada.<\/p>\n<\/div><\/section><\/div><div  style='height:50px' class='hr hr-invisible   avia-builder-el-6  el_after_av_one_full  el_before_av_social_share '><span class='hr-inner ' ><span class='hr-inner-style'><\/span><\/span><\/div><\/p>\n<div  class='av-social-sharing-box  avia-builder-el-7  el_after_av_hr  el_before_av_hr  '><div class='av-share-box'><h5 class='av-share-link-description av-no-toc '>Compartir esta noticia<\/h5><ul class='av-share-box-list noLightbox'><li class='av-share-link av-social-link-facebook' ><a target=\"_blank\" aria-label=\"Compartir en Facebook\" href='https:\/\/www.facebook.com\/sharer.php?u=https:\/\/radiorevelacionfm.cl\/?p=43924&#038;t=Lanzan%20temporada%20invernal%20del%20Centro%20de%20Monta%C3%B1a%20y%20Ski%20El%20Fraile' aria-hidden='false' data-av_icon='\ue8f3' data-av_iconfont='entypo-fontello' title='' data-avia-related-tooltip='Compartir en Facebook' rel=\"noopener\"><span class='avia_hidden_link_text'>Compartir en Facebook<\/span><\/a><\/li><li class='av-share-link av-social-link-twitter' ><a target=\"_blank\" aria-label=\"Compartir en Twitter\" href='https:\/\/twitter.com\/share?text=Lanzan%20temporada%20invernal%20del%20Centro%20de%20Monta%C3%B1a%20y%20Ski%20El%20Fraile&#038;url=https:\/\/radiorevelacionfm.cl\/?p=43924' aria-hidden='false' data-av_icon='\ue8f1' data-av_iconfont='entypo-fontello' title='' data-avia-related-tooltip='Compartir en Twitter' rel=\"noopener\"><span class='avia_hidden_link_text'>Compartir en Twitter<\/span><\/a><\/li><li class='av-share-link av-social-link-whatsapp' ><a target=\"_blank\" aria-label=\"Compartir en Whatsapp\" href='https:\/\/api.whatsapp.com\/send?text=https:\/\/radiorevelacionfm.cl\/?p=43924' aria-hidden='false' data-av_icon='\uf232' data-av_iconfont='entypo-fontello' title='' data-avia-related-tooltip='Compartir en Whatsapp' rel=\"noopener\"><span class='avia_hidden_link_text'>Compartir en Whatsapp<\/span><\/a><\/li><li class='av-share-link av-social-link-linkedin' ><a target=\"_blank\" aria-label=\"Compartir en LinkedIn\" href='https:\/\/linkedin.com\/shareArticle?mini=true&#038;title=Lanzan%20temporada%20invernal%20del%20Centro%20de%20Monta%C3%B1a%20y%20Ski%20El%20Fraile&#038;url=https:\/\/radiorevelacionfm.cl\/?p=43924' aria-hidden='false' data-av_icon='\ue8fc' data-av_iconfont='entypo-fontello' title='' data-avia-related-tooltip='Compartir en LinkedIn' rel=\"noopener\"><span class='avia_hidden_link_text'>Compartir en LinkedIn<\/span><\/a><\/li><li class='av-share-link av-social-link-mail' ><a  aria-label=\"Compartir por correo\" href='mailto:?subject=Lanzan%20temporada%20invernal%20del%20Centro%20de%20Monta%C3%B1a%20y%20Ski%20El%20Fraile&#038;body=https:\/\/radiorevelacionfm.cl\/?p=43924' aria-hidden='false' data-av_icon='\ue805' data-av_iconfont='entypo-fontello' title='' data-avia-related-tooltip='Compartir por correo'><span class='avia_hidden_link_text'>Compartir por correo<\/span><\/a><\/li><\/ul><\/div><\/div>\n<div  style='height:50px' class='hr hr-invisible   avia-builder-el-8  el_after_av_social_share  el_before_av_comments_list '><span class='hr-inner ' ><span class='hr-inner-style'><\/span><\/span><\/div>\n<div  class='av-buildercomment  av-blog-meta-html-info-disabled av-blog-meta-tag-disabled  '><\/div>\n","protected":false},"excerpt":{"rendered":"","protected":false},"author":1,"featured_media":43925,"comment_status":"open","ping_status":"open","sticky":false,"template":"","format":"standard","meta":{"footnotes":""},"categories":[40,54],"tags":[],"class_list":["post-43924","post","type-post","status-publish","format-standard","has-post-thumbnail","hentry","category-deportes","category-turismo"],"jetpack_featured_media_url":"https:\/\/radiorevelacionfm.cl\/wp-content\/uploads\/2024\/07\/05-el-fraile-1_optimized-1.jpg","_links":{"self":[{"href":"https:\/\/radiorevelacionfm.cl\/index.php?rest_route=\/wp\/v2\/posts\/43924","targetHints":{"allow":["GET"]}}],"collection":[{"href":"https:\/\/radiorevelacionfm.cl\/index.php?rest_route=\/wp\/v2\/posts"}],"about":[{"href":"https:\/\/radiorevelacionfm.cl\/index.php?rest_route=\/wp\/v2\/types\/post"}],"author":[{"embeddable":true,"href":"https:\/\/radiorevelacionfm.cl\/index.php?rest_route=\/wp\/v2\/users\/1"}],"replies":[{"embeddable":true,"href":"https:\/\/radiorevelacionfm.cl\/index.php?rest_route=%2Fwp%2Fv2%2Fcomments&post=43924"}],"version-history":[{"count":1,"href":"https:\/\/radiorevelacionfm.cl\/index.php?rest_route=\/wp\/v2\/posts\/43924\/revisions"}],"predecessor-version":[{"id":43926,"href":"https:\/\/radiorevelacionfm.cl\/index.php?rest_route=\/wp\/v2\/posts\/43924\/revisions\/43926"}],"wp:featuredmedia":[{"embeddable":true,"href":"https:\/\/radiorevelacionfm.cl\/index.php?rest_route=\/wp\/v2\/media\/43925"}],"wp:attachment":[{"href":"https:\/\/radiorevelacionfm.cl\/index.php?rest_route=%2Fwp%2Fv2%2Fmedia&parent=43924"}],"wp:term":[{"taxonomy":"category","embeddable":true,"href":"https:\/\/radiorevelacionfm.cl\/index.php?rest_route=%2Fwp%2Fv2%2Fcategories&post=43924"},{"taxonomy":"post_tag","embeddable":true,"href":"https:\/\/radiorevelacionfm.cl\/index.php?rest_route=%2Fwp%2Fv2%2Ftags&post=43924"}],"curies":[{"name":"wp","href":"https:\/\/api.w.org\/{rel}","templated":true}]}}