{"id":4392,"date":"2021-05-21T23:43:30","date_gmt":"2021-05-22T02:43:30","guid":{"rendered":"https:\/\/radiorevelacionfm.cl\/?p=4392"},"modified":"2021-05-21T23:59:14","modified_gmt":"2021-05-22T02:59:14","slug":"gobernador-y-ejercito-fiscalizan-en-terreno-el-cumplimiento-de-la-cuarentena-en-coyhaique","status":"publish","type":"post","link":"https:\/\/radiorevelacionfm.cl\/?p=4392","title":{"rendered":"Gobernador y Ej\u00e9rcito fiscalizan en terreno el cumplimiento de la Cuarentena en Coyhaique"},"content":{"rendered":"<div class=\"flex_column av_one_full  flex_column_div av-zero-column-padding first  avia-builder-el-0  el_before_av_one_full  avia-builder-el-first  \" style='border-radius:0px; '><div  class='avia-image-container  av-styling-    avia-builder-el-1  avia-builder-el-no-sibling  avia-align-center '  itemprop=\"image\" itemscope=\"itemscope\" itemtype=\"https:\/\/schema.org\/ImageObject\"  ><div class='avia-image-container-inner'><div class='avia-image-overlay-wrap'><img decoding=\"async\" class='wp-image-4395 avia-img-lazy-loading-not-4395 avia_image' src=\"https:\/\/radiorevelacionfm.cl\/wp-content\/uploads\/2021\/05\/FISCALIZACION-COYH2-1-1.jpg\" alt='' title='FISCALIZACION COYH2 (1) (1)' height=\"600\" width=\"900\"  itemprop=\"thumbnailUrl\" srcset=\"https:\/\/radiorevelacionfm.cl\/wp-content\/uploads\/2021\/05\/FISCALIZACION-COYH2-1-1.jpg 900w, https:\/\/radiorevelacionfm.cl\/wp-content\/uploads\/2021\/05\/FISCALIZACION-COYH2-1-1-300x200.jpg 300w, https:\/\/radiorevelacionfm.cl\/wp-content\/uploads\/2021\/05\/FISCALIZACION-COYH2-1-1-768x512.jpg 768w, https:\/\/radiorevelacionfm.cl\/wp-content\/uploads\/2021\/05\/FISCALIZACION-COYH2-1-1-705x470.jpg 705w, https:\/\/radiorevelacionfm.cl\/wp-content\/uploads\/2021\/05\/FISCALIZACION-COYH2-1-1-600x400.jpg 600w\" sizes=\"(max-width: 900px) 100vw, 900px\" \/><\/div><\/div><\/div><\/div><div class=\"flex_column av_one_full  flex_column_div av-zero-column-padding first  avia-builder-el-2  el_after_av_one_full  el_before_av_one_full  column-top-margin\" style='border-radius:0px; '><section class=\"av_textblock_section \"  itemscope=\"itemscope\" itemtype=\"https:\/\/schema.org\/BlogPosting\" itemprop=\"blogPost\" ><div class='avia_textblock  '   itemprop=\"text\" ><p style=\"text-align: center;\"><strong><span style=\"font-size: 18pt;\">Gobernador y Ej\u00e9rcito fiscalizan en terreno el cumplimiento de la Cuarentena en Coyhaique<\/span><\/strong><\/p>\n<div id=\"gtx-trans\" style=\"position: absolute; left: -50px; top: 4.31534px;\">\n<div class=\"gtx-trans-icon\"><\/div>\n<\/div>\n<\/div><\/section><\/div><\/p>\n<div class=\"flex_column av_one_full  flex_column_div av-zero-column-padding first  avia-builder-el-4  el_after_av_one_full  el_before_av_hr  column-top-margin\" style='border-radius:0px; '><section class=\"av_textblock_section \"  itemscope=\"itemscope\" itemtype=\"https:\/\/schema.org\/BlogPosting\" itemprop=\"blogPost\" ><div class='avia_textblock  '   itemprop=\"text\" ><p style=\"text-align: justify;\">Debido al preocupante aumento en los contagios por COVID-19 en la comuna de Coyhaique, el Gobernador de Coyhaique V\u00edctor Oyarz\u00fan junto al Comandante del Destacamento Motorizado N\u00b014 \u201cAys\u00e9n\u201d, realizaron un recorrido por los distintos puntos de la ciudad con el objeto de verificar en terreno el cumplimiento de la Cuarentena, fase que se encuentra la comuna en plan \u201cPaso a paso\u201d.<span id=\"more-87166\"><\/span><\/p>\n<p style=\"text-align: justify;\">En este contexto, se han intensificado las acciones de fiscalizaci\u00f3n por parte efectivos del Ej\u00e9rcito de Chile junto con Carabineros de Chile y Polic\u00eda de Investigaciones, quienes se encuentran desplegados en diferentes puntos, verificando el cumplimiento de la Cuarentena, constatando que las personas cuenten con los permisos respectivos para transitar por la comuna.<\/p>\n<p style=\"text-align: justify;\">La situaci\u00f3n no deja de ser preocupante, dado que a diario se suman nuevos contagios, es por esta raz\u00f3n que las autoridades hacen un llamado a respetar las medidas sanitarias y s\u00f3lo salir de casa si es estrictamente necesario, contando siempre con los permisos respectivas.<\/p>\n<\/div><\/section><\/div>\n<div  style='height:50px' class='hr hr-invisible   avia-builder-el-6  el_after_av_one_full  el_before_av_social_share '><span class='hr-inner ' ><span class='hr-inner-style'><\/span><\/span><\/div>\n<div  class='av-social-sharing-box  avia-builder-el-7  el_after_av_hr  el_before_av_hr  '><div class='av-share-box'><h5 class='av-share-link-description av-no-toc '>Compartir esta noticia<\/h5><ul class='av-share-box-list noLightbox'><li class='av-share-link av-social-link-facebook' ><a target=\"_blank\" aria-label=\"Compartir en Facebook\" href='https:\/\/www.facebook.com\/sharer.php?u=https:\/\/radiorevelacionfm.cl\/?p=4392&#038;t=Gobernador%20y%20Ej%C3%A9rcito%20fiscalizan%20en%20terreno%20el%20cumplimiento%20de%20la%20Cuarentena%20en%20Coyhaique' aria-hidden='false' data-av_icon='\ue8f3' data-av_iconfont='entypo-fontello' title='' data-avia-related-tooltip='Compartir en Facebook' rel=\"noopener\"><span class='avia_hidden_link_text'>Compartir en Facebook<\/span><\/a><\/li><li class='av-share-link av-social-link-twitter' ><a target=\"_blank\" aria-label=\"Compartir en Twitter\" href='https:\/\/twitter.com\/share?text=Gobernador%20y%20Ej%C3%A9rcito%20fiscalizan%20en%20terreno%20el%20cumplimiento%20de%20la%20Cuarentena%20en%20Coyhaique&#038;url=https:\/\/radiorevelacionfm.cl\/?p=4392' aria-hidden='false' data-av_icon='\ue8f1' data-av_iconfont='entypo-fontello' title='' data-avia-related-tooltip='Compartir en Twitter' rel=\"noopener\"><span class='avia_hidden_link_text'>Compartir en Twitter<\/span><\/a><\/li><li class='av-share-link av-social-link-whatsapp' ><a target=\"_blank\" aria-label=\"Compartir en Whatsapp\" href='https:\/\/api.whatsapp.com\/send?text=https:\/\/radiorevelacionfm.cl\/?p=4392' aria-hidden='false' data-av_icon='\uf232' data-av_iconfont='entypo-fontello' title='' data-avia-related-tooltip='Compartir en Whatsapp' rel=\"noopener\"><span class='avia_hidden_link_text'>Compartir en Whatsapp<\/span><\/a><\/li><li class='av-share-link av-social-link-linkedin' ><a target=\"_blank\" aria-label=\"Compartir en LinkedIn\" href='https:\/\/linkedin.com\/shareArticle?mini=true&#038;title=Gobernador%20y%20Ej%C3%A9rcito%20fiscalizan%20en%20terreno%20el%20cumplimiento%20de%20la%20Cuarentena%20en%20Coyhaique&#038;url=https:\/\/radiorevelacionfm.cl\/?p=4392' aria-hidden='false' data-av_icon='\ue8fc' data-av_iconfont='entypo-fontello' title='' data-avia-related-tooltip='Compartir en LinkedIn' rel=\"noopener\"><span class='avia_hidden_link_text'>Compartir en LinkedIn<\/span><\/a><\/li><li class='av-share-link av-social-link-mail' ><a  aria-label=\"Compartir por correo\" href='mailto:?subject=Gobernador%20y%20Ej%C3%A9rcito%20fiscalizan%20en%20terreno%20el%20cumplimiento%20de%20la%20Cuarentena%20en%20Coyhaique&#038;body=https:\/\/radiorevelacionfm.cl\/?p=4392' aria-hidden='false' data-av_icon='\ue805' data-av_iconfont='entypo-fontello' title='' data-avia-related-tooltip='Compartir por correo'><span class='avia_hidden_link_text'>Compartir por correo<\/span><\/a><\/li><\/ul><\/div><\/div>\n<div  style='height:50px' class='hr hr-invisible   avia-builder-el-8  el_after_av_social_share  el_before_av_comments_list '><span class='hr-inner ' ><span class='hr-inner-style'><\/span><\/span><\/div>\n<div  class='av-buildercomment  av-blog-meta-html-info-disabled av-blog-meta-tag-disabled  '><\/div>\n","protected":false},"excerpt":{"rendered":"","protected":false},"author":1,"featured_media":4395,"comment_status":"open","ping_status":"open","sticky":false,"template":"","format":"standard","meta":{"footnotes":""},"categories":[38],"tags":[],"class_list":["post-4392","post","type-post","status-publish","format-standard","has-post-thumbnail","hentry","category-regional"],"jetpack_featured_media_url":"https:\/\/radiorevelacionfm.cl\/wp-content\/uploads\/2021\/05\/FISCALIZACION-COYH2-1-1.jpg","_links":{"self":[{"href":"https:\/\/radiorevelacionfm.cl\/index.php?rest_route=\/wp\/v2\/posts\/4392","targetHints":{"allow":["GET"]}}],"collection":[{"href":"https:\/\/radiorevelacionfm.cl\/index.php?rest_route=\/wp\/v2\/posts"}],"about":[{"href":"https:\/\/radiorevelacionfm.cl\/index.php?rest_route=\/wp\/v2\/types\/post"}],"author":[{"embeddable":true,"href":"https:\/\/radiorevelacionfm.cl\/index.php?rest_route=\/wp\/v2\/users\/1"}],"replies":[{"embeddable":true,"href":"https:\/\/radiorevelacionfm.cl\/index.php?rest_route=%2Fwp%2Fv2%2Fcomments&post=4392"}],"version-history":[{"count":3,"href":"https:\/\/radiorevelacionfm.cl\/index.php?rest_route=\/wp\/v2\/posts\/4392\/revisions"}],"predecessor-version":[{"id":4397,"href":"https:\/\/radiorevelacionfm.cl\/index.php?rest_route=\/wp\/v2\/posts\/4392\/revisions\/4397"}],"wp:featuredmedia":[{"embeddable":true,"href":"https:\/\/radiorevelacionfm.cl\/index.php?rest_route=\/wp\/v2\/media\/4395"}],"wp:attachment":[{"href":"https:\/\/radiorevelacionfm.cl\/index.php?rest_route=%2Fwp%2Fv2%2Fmedia&parent=4392"}],"wp:term":[{"taxonomy":"category","embeddable":true,"href":"https:\/\/radiorevelacionfm.cl\/index.php?rest_route=%2Fwp%2Fv2%2Fcategories&post=4392"},{"taxonomy":"post_tag","embeddable":true,"href":"https:\/\/radiorevelacionfm.cl\/index.php?rest_route=%2Fwp%2Fv2%2Ftags&post=4392"}],"curies":[{"name":"wp","href":"https:\/\/api.w.org\/{rel}","templated":true}]}}