{"id":43916,"date":"2024-07-07T14:24:49","date_gmt":"2024-07-07T17:24:49","guid":{"rendered":"https:\/\/radiorevelacionfm.cl\/?p=43916"},"modified":"2024-07-07T14:24:49","modified_gmt":"2024-07-07T17:24:49","slug":"bienes-nacionales-resguardara-su-patrimonio-documental-con-modernas-construcciones-modulares","status":"publish","type":"post","link":"https:\/\/radiorevelacionfm.cl\/?p=43916","title":{"rendered":"Bienes Nacionales resguardar\u00e1 su Patrimonio Documental con modernas construcciones modulares"},"content":{"rendered":"<div class=\"flex_column av_one_full  flex_column_div av-zero-column-padding first  avia-builder-el-0  el_before_av_one_full  avia-builder-el-first  \" style='border-radius:0px; '><div  class='avia-image-container  av-styling-    avia-builder-el-1  avia-builder-el-no-sibling  avia-align-center '  itemprop=\"image\" itemscope=\"itemscope\" itemtype=\"https:\/\/schema.org\/ImageObject\"  ><div class='avia-image-container-inner'><div class='avia-image-overlay-wrap'><img decoding=\"async\" class='wp-image-43919 avia-img-lazy-loading-not-43919 avia_image' src=\"https:\/\/radiorevelacionfm.cl\/wp-content\/uploads\/2024\/07\/foto-2-32-1_optimized-1.jpeg\" alt='' title='foto-2-(32)-(1)_optimized (1)' height=\"600\" width=\"800\"  itemprop=\"thumbnailUrl\" srcset=\"https:\/\/radiorevelacionfm.cl\/wp-content\/uploads\/2024\/07\/foto-2-32-1_optimized-1.jpeg 800w, https:\/\/radiorevelacionfm.cl\/wp-content\/uploads\/2024\/07\/foto-2-32-1_optimized-1-300x225.jpeg 300w, https:\/\/radiorevelacionfm.cl\/wp-content\/uploads\/2024\/07\/foto-2-32-1_optimized-1-768x576.jpeg 768w, https:\/\/radiorevelacionfm.cl\/wp-content\/uploads\/2024\/07\/foto-2-32-1_optimized-1-705x529.jpeg 705w, https:\/\/radiorevelacionfm.cl\/wp-content\/uploads\/2024\/07\/foto-2-32-1_optimized-1-450x338.jpeg 450w, https:\/\/radiorevelacionfm.cl\/wp-content\/uploads\/2024\/07\/foto-2-32-1_optimized-1-600x450.jpeg 600w\" sizes=\"(max-width: 800px) 100vw, 800px\" \/><\/div><\/div><\/div><\/div><div class=\"flex_column av_one_full  flex_column_div av-zero-column-padding first  avia-builder-el-2  el_after_av_one_full  el_before_av_one_full  column-top-margin\" style='border-radius:0px; '><section class=\"av_textblock_section \"  itemscope=\"itemscope\" itemtype=\"https:\/\/schema.org\/BlogPosting\" itemprop=\"blogPost\" ><div class='avia_textblock  '   itemprop=\"text\" ><p style=\"text-align: center;\"><strong><span style=\"font-size: 18pt;\">Bienes Nacionales resguardar\u00e1 su Patrimonio Documental con modernas construcciones modulares<\/span><\/strong><\/p>\n<div id=\"gtx-trans\" style=\"position: absolute; left: -50px; top: 4.31534px;\">\n<div class=\"gtx-trans-icon\"><\/div>\n<\/div>\n<\/div><\/section><\/div><div class=\"flex_column av_one_full  flex_column_div av-zero-column-padding first  avia-builder-el-4  el_after_av_one_full  el_before_av_hr  column-top-margin\" style='border-radius:0px; '><section class=\"av_textblock_section \"  itemscope=\"itemscope\" itemtype=\"https:\/\/schema.org\/BlogPosting\" itemprop=\"blogPost\" ><div class='avia_textblock  '   itemprop=\"text\" ><p style=\"text-align: justify;\"><em>Recientemente el Consejo Regional de Ays\u00e9n aprob\u00f3 recursos para adquirir equipamiento que permitir\u00e1 salvaguardar los registros hist\u00f3ricos que se encuentran en el servicio.<\/em><\/p>\n<p style=\"text-align: justify;\">Los decretos que crean los poblados de Chile Chico y Puerto Guadal, planos de Puerto Ays\u00e9n, Balmaceda y otras localidades antiguas son solo ejemplos de los registros que contiene el Patrimonio Documental de la Seremi de Bienes Nacionales de Ays\u00e9n y que provienen de la otrora denominada oficina de Tierras y Colonizaci\u00f3n.<\/p>\n<p style=\"text-align: justify;\">Precisamente, series de documentos que datan desde 1930, planos originales, libretas taquim\u00e9tricas de geomensores, oficios y otras comunicaciones que narraban el contexto de la \u00e9poca son piezas hist\u00f3ricas que podr\u00e1n ser resguardadas en espacios de alto est\u00e1ndar gracias a la aprobaci\u00f3n de m\u00e1s de 186 millones de pesos que realiz\u00f3 de forma un\u00e1nime el pleno del Consejo Regional de Ays\u00e9n ante el proyecto presentado por la Seremi de Bienes Nacionales el pasado 26 de junio.<\/p>\n<p style=\"text-align: justify;\">La noticia la confirm\u00f3 Irina Morend Valdebenito, Seremi de la cartera que administra la propiedad fiscal de la regi\u00f3n, quien coment\u00f3 \u201cestamos muy contentos por la aprobaci\u00f3n de estos recursos que nos permitir\u00e1n resguardar un material invaluable para la regi\u00f3n de Ays\u00e9n. Contamos con una serie de documentos que nos remontan a los inicios fundacionales de Ays\u00e9n y cuentan la historia del Ministerio en la regi\u00f3n. Documentos como decretos y planos de t\u00edtulos de dominio, decretos y planos de fundaciones de pueblos y poblaciones, entre muchos otros.\u00a0 Sin duda, con nuestro rol como Ministerio de Bienes Nacionales, como administradores de la propiedad fiscal, tenemos el compromiso de resguardar este importante material que permita preservar nuestra historia e identidad regional\u201d.<\/p>\n<p style=\"text-align: justify;\">Respecto de los recursos aprobados por el Consejo Regional, la Seremi detall\u00f3 que \u201cEstos m\u00e1s de $186 millones nos permitir\u00e1n adquirir un equipamiento modular para instalar un espacio acondicionado de un total de 84 metros cuadrados donde se dispondr\u00e1 todo un sistema de estanter\u00eda y tambi\u00e9n un espacio para el trabajo propio que conlleva el resguardo de estos documentos con los cuales hay que tener un tratamiento especial por sus condiciones antiguas y de cuidado. Este lugar, adem\u00e1s, contar\u00e1 con un sistema de climatizaci\u00f3n para que la custodia de estos documentos hist\u00f3ricos sea m\u00e1s \u00f3ptima mientras se construye el Archivo Regional de Ays\u00e9n en aproximadamente unos 10 a\u00f1os\u201d.<\/p>\n<p style=\"text-align: justify;\">Finalmente, Morend Valdebenito agradeci\u00f3 a las y los consejeros regionales y gobernadora por la aprobaci\u00f3n un\u00e1nime del proyecto presentado, porque significa el poder salvaguardar documentos hist\u00f3ricos que narran el proceso fundacional y de colonizaci\u00f3n de la regi\u00f3n de Ays\u00e9n, material que podr\u00e1 servir de consulta para investigaciones, acciones educativas y as\u00ed preservar la historia para las futuras generaciones, igualmente destac\u00f3 el trabajo del equipo de investigadores del Proyecto FIC de Patrimonio Documental de Ays\u00e9n, quienes apoyaron a la instituci\u00f3n con insumos para la generaci\u00f3n del proyecto.<\/p>\n<\/div><\/section><\/div><div  style='height:50px' class='hr hr-invisible   avia-builder-el-6  el_after_av_one_full  el_before_av_social_share '><span class='hr-inner ' ><span class='hr-inner-style'><\/span><\/span><\/div><\/p>\n<div  class='av-social-sharing-box  avia-builder-el-7  el_after_av_hr  el_before_av_hr  '><div class='av-share-box'><h5 class='av-share-link-description av-no-toc '>Compartir esta noticia<\/h5><ul class='av-share-box-list noLightbox'><li class='av-share-link av-social-link-facebook' ><a target=\"_blank\" aria-label=\"Compartir en Facebook\" href='https:\/\/www.facebook.com\/sharer.php?u=https:\/\/radiorevelacionfm.cl\/?p=43916&#038;t=Bienes%20Nacionales%20resguardar%C3%A1%20su%20Patrimonio%20Documental%20con%20modernas%20construcciones%20modulares' aria-hidden='false' data-av_icon='\ue8f3' data-av_iconfont='entypo-fontello' title='' data-avia-related-tooltip='Compartir en Facebook' rel=\"noopener\"><span class='avia_hidden_link_text'>Compartir en Facebook<\/span><\/a><\/li><li class='av-share-link av-social-link-twitter' ><a target=\"_blank\" aria-label=\"Compartir en Twitter\" href='https:\/\/twitter.com\/share?text=Bienes%20Nacionales%20resguardar%C3%A1%20su%20Patrimonio%20Documental%20con%20modernas%20construcciones%20modulares&#038;url=https:\/\/radiorevelacionfm.cl\/?p=43916' aria-hidden='false' data-av_icon='\ue8f1' data-av_iconfont='entypo-fontello' title='' data-avia-related-tooltip='Compartir en Twitter' rel=\"noopener\"><span class='avia_hidden_link_text'>Compartir en Twitter<\/span><\/a><\/li><li class='av-share-link av-social-link-whatsapp' ><a target=\"_blank\" aria-label=\"Compartir en Whatsapp\" href='https:\/\/api.whatsapp.com\/send?text=https:\/\/radiorevelacionfm.cl\/?p=43916' aria-hidden='false' data-av_icon='\uf232' data-av_iconfont='entypo-fontello' title='' data-avia-related-tooltip='Compartir en Whatsapp' rel=\"noopener\"><span class='avia_hidden_link_text'>Compartir en Whatsapp<\/span><\/a><\/li><li class='av-share-link av-social-link-linkedin' ><a target=\"_blank\" aria-label=\"Compartir en LinkedIn\" href='https:\/\/linkedin.com\/shareArticle?mini=true&#038;title=Bienes%20Nacionales%20resguardar%C3%A1%20su%20Patrimonio%20Documental%20con%20modernas%20construcciones%20modulares&#038;url=https:\/\/radiorevelacionfm.cl\/?p=43916' aria-hidden='false' data-av_icon='\ue8fc' data-av_iconfont='entypo-fontello' title='' data-avia-related-tooltip='Compartir en LinkedIn' rel=\"noopener\"><span class='avia_hidden_link_text'>Compartir en LinkedIn<\/span><\/a><\/li><li class='av-share-link av-social-link-mail' ><a  aria-label=\"Compartir por correo\" href='mailto:?subject=Bienes%20Nacionales%20resguardar%C3%A1%20su%20Patrimonio%20Documental%20con%20modernas%20construcciones%20modulares&#038;body=https:\/\/radiorevelacionfm.cl\/?p=43916' aria-hidden='false' data-av_icon='\ue805' data-av_iconfont='entypo-fontello' title='' data-avia-related-tooltip='Compartir por correo'><span class='avia_hidden_link_text'>Compartir por correo<\/span><\/a><\/li><\/ul><\/div><\/div>\n<div  style='height:50px' class='hr hr-invisible   avia-builder-el-8  el_after_av_social_share  el_before_av_comments_list '><span class='hr-inner ' ><span class='hr-inner-style'><\/span><\/span><\/div>\n<div  class='av-buildercomment  av-blog-meta-html-info-disabled av-blog-meta-tag-disabled  '><\/div>\n","protected":false},"excerpt":{"rendered":"","protected":false},"author":1,"featured_media":43919,"comment_status":"open","ping_status":"open","sticky":false,"template":"","format":"standard","meta":{"footnotes":""},"categories":[38],"tags":[],"class_list":["post-43916","post","type-post","status-publish","format-standard","has-post-thumbnail","hentry","category-regional"],"jetpack_featured_media_url":"https:\/\/radiorevelacionfm.cl\/wp-content\/uploads\/2024\/07\/foto-2-32-1_optimized-1.jpeg","_links":{"self":[{"href":"https:\/\/radiorevelacionfm.cl\/index.php?rest_route=\/wp\/v2\/posts\/43916","targetHints":{"allow":["GET"]}}],"collection":[{"href":"https:\/\/radiorevelacionfm.cl\/index.php?rest_route=\/wp\/v2\/posts"}],"about":[{"href":"https:\/\/radiorevelacionfm.cl\/index.php?rest_route=\/wp\/v2\/types\/post"}],"author":[{"embeddable":true,"href":"https:\/\/radiorevelacionfm.cl\/index.php?rest_route=\/wp\/v2\/users\/1"}],"replies":[{"embeddable":true,"href":"https:\/\/radiorevelacionfm.cl\/index.php?rest_route=%2Fwp%2Fv2%2Fcomments&post=43916"}],"version-history":[{"count":1,"href":"https:\/\/radiorevelacionfm.cl\/index.php?rest_route=\/wp\/v2\/posts\/43916\/revisions"}],"predecessor-version":[{"id":43920,"href":"https:\/\/radiorevelacionfm.cl\/index.php?rest_route=\/wp\/v2\/posts\/43916\/revisions\/43920"}],"wp:featuredmedia":[{"embeddable":true,"href":"https:\/\/radiorevelacionfm.cl\/index.php?rest_route=\/wp\/v2\/media\/43919"}],"wp:attachment":[{"href":"https:\/\/radiorevelacionfm.cl\/index.php?rest_route=%2Fwp%2Fv2%2Fmedia&parent=43916"}],"wp:term":[{"taxonomy":"category","embeddable":true,"href":"https:\/\/radiorevelacionfm.cl\/index.php?rest_route=%2Fwp%2Fv2%2Fcategories&post=43916"},{"taxonomy":"post_tag","embeddable":true,"href":"https:\/\/radiorevelacionfm.cl\/index.php?rest_route=%2Fwp%2Fv2%2Ftags&post=43916"}],"curies":[{"name":"wp","href":"https:\/\/api.w.org\/{rel}","templated":true}]}}