{"id":43913,"date":"2024-07-07T13:45:29","date_gmt":"2024-07-07T16:45:29","guid":{"rendered":"https:\/\/radiorevelacionfm.cl\/?p=43913"},"modified":"2024-07-07T13:45:29","modified_gmt":"2024-07-07T16:45:29","slug":"agricultores-y-ganaderos-de-rio-ibanez-son-informados-en-terreno-sobre-recomendaciones-invernales-para-el-sector","status":"publish","type":"post","link":"https:\/\/radiorevelacionfm.cl\/?p=43913","title":{"rendered":"Agricultores y ganaderos de R\u00edo Ib\u00e1\u00f1ez son informados en terreno sobre recomendaciones invernales para el sector"},"content":{"rendered":"<div class=\"flex_column av_one_full  flex_column_div av-zero-column-padding first  avia-builder-el-0  el_before_av_one_full  avia-builder-el-first  \" style='border-radius:0px; '><div  class='avia-image-container  av-styling-    avia-builder-el-1  avia-builder-el-no-sibling  avia-align-center '  itemprop=\"image\" itemscope=\"itemscope\" itemtype=\"https:\/\/schema.org\/ImageObject\"  ><div class='avia-image-container-inner'><div class='avia-image-overlay-wrap'><img decoding=\"async\" class='wp-image-43914 avia-img-lazy-loading-not-43914 avia_image' src=\"https:\/\/radiorevelacionfm.cl\/wp-content\/uploads\/2024\/07\/Foto-01-CP-Minagri-Ibanez-1-1.jpeg\" alt='' title='Foto 01 - CP Minagri Ib\u00e1\u00f1ez (1) (1)' height=\"600\" width=\"800\"  itemprop=\"thumbnailUrl\" srcset=\"https:\/\/radiorevelacionfm.cl\/wp-content\/uploads\/2024\/07\/Foto-01-CP-Minagri-Ibanez-1-1.jpeg 800w, https:\/\/radiorevelacionfm.cl\/wp-content\/uploads\/2024\/07\/Foto-01-CP-Minagri-Ibanez-1-1-300x225.jpeg 300w, https:\/\/radiorevelacionfm.cl\/wp-content\/uploads\/2024\/07\/Foto-01-CP-Minagri-Ibanez-1-1-768x576.jpeg 768w, https:\/\/radiorevelacionfm.cl\/wp-content\/uploads\/2024\/07\/Foto-01-CP-Minagri-Ibanez-1-1-705x529.jpeg 705w, https:\/\/radiorevelacionfm.cl\/wp-content\/uploads\/2024\/07\/Foto-01-CP-Minagri-Ibanez-1-1-450x338.jpeg 450w, https:\/\/radiorevelacionfm.cl\/wp-content\/uploads\/2024\/07\/Foto-01-CP-Minagri-Ibanez-1-1-600x450.jpeg 600w\" sizes=\"(max-width: 800px) 100vw, 800px\" \/><\/div><\/div><\/div><\/div><div class=\"flex_column av_one_full  flex_column_div av-zero-column-padding first  avia-builder-el-2  el_after_av_one_full  el_before_av_one_full  column-top-margin\" style='border-radius:0px; '><section class=\"av_textblock_section \"  itemscope=\"itemscope\" itemtype=\"https:\/\/schema.org\/BlogPosting\" itemprop=\"blogPost\" ><div class='avia_textblock  '   itemprop=\"text\" ><p style=\"text-align: center;\"><span style=\"font-size: 18pt;\"><b>Agricultores y ganaderos de R\u00edo Ib\u00e1\u00f1ez son informados en terreno sobre recomendaciones invernales para el sector<\/b><\/span><\/p>\n<div id=\"gtx-trans\" style=\"position: absolute; left: -50px; top: 4.31534px;\">\n<div class=\"gtx-trans-icon\"><\/div>\n<\/div>\n<\/div><\/section><\/div><div class=\"flex_column av_one_full  flex_column_div av-zero-column-padding first  avia-builder-el-4  el_after_av_one_full  el_before_av_hr  column-top-margin\" style='border-radius:0px; '><section class=\"av_textblock_section \"  itemscope=\"itemscope\" itemtype=\"https:\/\/schema.org\/BlogPosting\" itemprop=\"blogPost\" ><div class='avia_textblock  '   itemprop=\"text\" ><p style=\"text-align: justify;\">El seremi de Agricultura, Eugenio Ruiz, junto a la directora regional del Instituto de Desarrollo Agropecuario (INDAP), Yessica Lagos; del Instituto de Investigaciones Agropecuarias (INIA) Tamel Aike, Camila Reyes, y el director regional del Servicio Agr\u00edcola y Ganadero (SAG), Julio Cerda, llegaron el pasado martes 2 de julio hasta la comuna de R\u00edo Ib\u00e1\u00f1ez para sostener un encuentro con la agrupaci\u00f3n gremial de agricultoras, agricultores y ganaderos La Bajada, abordando con especial \u00e9nfasis la situaci\u00f3n de invierno para el sector, entre otras materias.<\/p>\n<p style=\"text-align: justify;\">\u00abEstamos desarrollando todas las acciones p\u00fablico-privadas que sean necesarias para que nuestras productoras y productores, tanto de Ib\u00e1\u00f1ez como de toda la regi\u00f3n de Ays\u00e9n, puedan pasar una temporada de invierno y primavera sin mayores contratiempos, adem\u00e1s de poder reaccionar a tiempo ante una eventual ayuda\u00bb, coment\u00f3 el seremi Ruiz.<\/p>\n<p style=\"text-align: justify;\">La instancia permiti\u00f3 entregar en terreno recomendaciones de invierno para el sector agr\u00edcola y ganadero, siendo este segundo el predominante para las y los productores que pertenecen a la asociaci\u00f3n gremial. Bajar a los animales de los predios altos o veranadas, reforzar en bovinos su alimentaci\u00f3n, evitar el sobretalajeo en praderas y mantener la Declaraci\u00f3n de Existencia Animal (DEA) al d\u00eda, mediante el SAG, fueron algunos de estos.<\/p>\n<p style=\"text-align: justify;\">Por otro lado, las y los productores, quienes valoraron la presencia de las autoridades del agro, elevaron la necesidad de poder trabajar en conjunto medidas en favor del desarrollo de la agricultura familiar campesina local.<\/p>\n<p style=\"text-align: justify;\">De esta manera y durante la cita, se inform\u00f3 t\u00e9cnicamente de las recientes aprobaciones de financiamiento FNDR para las iniciativas presentadas por la seremi de Agricultura y sus servicios, los cuales ejecutar\u00e1n a nivel regional durante el segundo semestre del presente a\u00f1o. El control de la hidatidosis, mejoramiento sanitario reproductivo bovino y conectividad f\u00edsica, entre otros.<\/p>\n<p style=\"text-align: justify;\">El presidente de la agrupaci\u00f3n gremial La Bajada, Erik Maureria, destac\u00f3 que \u00abpara m\u00ed fue un placer haber escuchado, y el compromiso que asume hoy d\u00eda el seremi de Agricultura. Creo que la exposici\u00f3n marca un desde dentro de los compromisos que podamos tener y para nosotros es grato, pues la verdad de las cosas, nuestro sector est\u00e1 un poco aislado del financiamiento de algunos proyectos. Lo que nosotros hoy d\u00eda pretendemos, fue aceptado, as\u00ed que esperamos hacer un trabajo mancomunado donde podamos resolver temas que nos aquejan\u00bb.<\/p>\n<p style=\"text-align: justify;\">Por su parte, la directora de INDAP Ays\u00e9n, Yessica Lagos, indic\u00f3 que \u00abagradecemos el llamado de don Erik Maureria, quien nos invita a compartir un espacio con una tremenda convocatoria de nuestras familias campesinas y agricultoras. Desde INDAP, nos ponemos a disposici\u00f3n a trabajar los distintos programas que tenemos a trav\u00e9s del \u00c1rea de Ib\u00e1\u00f1ez. El programa de riego, por ejemplo, para generar mejores proyectos para la comuna, y tambi\u00e9n algunos desaf\u00edos como dar mayor valor agregado a sus productos que son reconocidos en la comuna de Ib\u00e1\u00f1ez y seguir reforzando el compromiso de estar en terreno y escuchando a nuestras familias campesinas\u00bb.<\/p>\n<p style=\"text-align: justify;\">Finalmente, la autoridad regional del agro reiter\u00f3 la importancia del autocuidado durante la temporada de invierno, estar atentas y atentos a las condiciones clim\u00e1ticas y alertas que pueda proporcionar Senapred, y las informaciones preventivas que Ministerio de Agricultura y sus servicios difundan a trav\u00e9s de radios y redes digitales, destacando a INIA entre estas.<\/p>\n<\/div><\/section><\/div><div  style='height:50px' class='hr hr-invisible   avia-builder-el-6  el_after_av_one_full  el_before_av_social_share '><span class='hr-inner ' ><span class='hr-inner-style'><\/span><\/span><\/div><\/p>\n<div  class='av-social-sharing-box  avia-builder-el-7  el_after_av_hr  el_before_av_hr  '><div class='av-share-box'><h5 class='av-share-link-description av-no-toc '>Compartir esta noticia<\/h5><ul class='av-share-box-list noLightbox'><li class='av-share-link av-social-link-facebook' ><a target=\"_blank\" aria-label=\"Compartir en Facebook\" href='https:\/\/www.facebook.com\/sharer.php?u=https:\/\/radiorevelacionfm.cl\/?p=43913&#038;t=Agricultores%20y%20ganaderos%20de%20R%C3%ADo%20Ib%C3%A1%C3%B1ez%20son%20informados%20en%20terreno%20sobre%20recomendaciones%20invernales%20para%20el%20sector' aria-hidden='false' data-av_icon='\ue8f3' data-av_iconfont='entypo-fontello' title='' data-avia-related-tooltip='Compartir en Facebook' rel=\"noopener\"><span class='avia_hidden_link_text'>Compartir en Facebook<\/span><\/a><\/li><li class='av-share-link av-social-link-twitter' ><a target=\"_blank\" aria-label=\"Compartir en Twitter\" href='https:\/\/twitter.com\/share?text=Agricultores%20y%20ganaderos%20de%20R%C3%ADo%20Ib%C3%A1%C3%B1ez%20son%20informados%20en%20terreno%20sobre%20recomendaciones%20invernales%20para%20el%20sector&#038;url=https:\/\/radiorevelacionfm.cl\/?p=43913' aria-hidden='false' data-av_icon='\ue8f1' data-av_iconfont='entypo-fontello' title='' data-avia-related-tooltip='Compartir en Twitter' rel=\"noopener\"><span class='avia_hidden_link_text'>Compartir en Twitter<\/span><\/a><\/li><li class='av-share-link av-social-link-whatsapp' ><a target=\"_blank\" aria-label=\"Compartir en Whatsapp\" href='https:\/\/api.whatsapp.com\/send?text=https:\/\/radiorevelacionfm.cl\/?p=43913' aria-hidden='false' data-av_icon='\uf232' data-av_iconfont='entypo-fontello' title='' data-avia-related-tooltip='Compartir en Whatsapp' rel=\"noopener\"><span class='avia_hidden_link_text'>Compartir en Whatsapp<\/span><\/a><\/li><li class='av-share-link av-social-link-linkedin' ><a target=\"_blank\" aria-label=\"Compartir en LinkedIn\" href='https:\/\/linkedin.com\/shareArticle?mini=true&#038;title=Agricultores%20y%20ganaderos%20de%20R%C3%ADo%20Ib%C3%A1%C3%B1ez%20son%20informados%20en%20terreno%20sobre%20recomendaciones%20invernales%20para%20el%20sector&#038;url=https:\/\/radiorevelacionfm.cl\/?p=43913' aria-hidden='false' data-av_icon='\ue8fc' data-av_iconfont='entypo-fontello' title='' data-avia-related-tooltip='Compartir en LinkedIn' rel=\"noopener\"><span class='avia_hidden_link_text'>Compartir en LinkedIn<\/span><\/a><\/li><li class='av-share-link av-social-link-mail' ><a  aria-label=\"Compartir por correo\" href='mailto:?subject=Agricultores%20y%20ganaderos%20de%20R%C3%ADo%20Ib%C3%A1%C3%B1ez%20son%20informados%20en%20terreno%20sobre%20recomendaciones%20invernales%20para%20el%20sector&#038;body=https:\/\/radiorevelacionfm.cl\/?p=43913' aria-hidden='false' data-av_icon='\ue805' data-av_iconfont='entypo-fontello' title='' data-avia-related-tooltip='Compartir por correo'><span class='avia_hidden_link_text'>Compartir por correo<\/span><\/a><\/li><\/ul><\/div><\/div>\n<div  style='height:50px' class='hr hr-invisible   avia-builder-el-8  el_after_av_social_share  el_before_av_comments_list '><span class='hr-inner ' ><span class='hr-inner-style'><\/span><\/span><\/div>\n<div  class='av-buildercomment  av-blog-meta-html-info-disabled av-blog-meta-tag-disabled  '><\/div>\n","protected":false},"excerpt":{"rendered":"","protected":false},"author":1,"featured_media":43914,"comment_status":"open","ping_status":"open","sticky":false,"template":"","format":"standard","meta":{"footnotes":""},"categories":[58],"tags":[],"class_list":["post-43913","post","type-post","status-publish","format-standard","has-post-thumbnail","hentry","category-agricultura"],"jetpack_featured_media_url":"https:\/\/radiorevelacionfm.cl\/wp-content\/uploads\/2024\/07\/Foto-01-CP-Minagri-Ibanez-1-1.jpeg","_links":{"self":[{"href":"https:\/\/radiorevelacionfm.cl\/index.php?rest_route=\/wp\/v2\/posts\/43913","targetHints":{"allow":["GET"]}}],"collection":[{"href":"https:\/\/radiorevelacionfm.cl\/index.php?rest_route=\/wp\/v2\/posts"}],"about":[{"href":"https:\/\/radiorevelacionfm.cl\/index.php?rest_route=\/wp\/v2\/types\/post"}],"author":[{"embeddable":true,"href":"https:\/\/radiorevelacionfm.cl\/index.php?rest_route=\/wp\/v2\/users\/1"}],"replies":[{"embeddable":true,"href":"https:\/\/radiorevelacionfm.cl\/index.php?rest_route=%2Fwp%2Fv2%2Fcomments&post=43913"}],"version-history":[{"count":1,"href":"https:\/\/radiorevelacionfm.cl\/index.php?rest_route=\/wp\/v2\/posts\/43913\/revisions"}],"predecessor-version":[{"id":43915,"href":"https:\/\/radiorevelacionfm.cl\/index.php?rest_route=\/wp\/v2\/posts\/43913\/revisions\/43915"}],"wp:featuredmedia":[{"embeddable":true,"href":"https:\/\/radiorevelacionfm.cl\/index.php?rest_route=\/wp\/v2\/media\/43914"}],"wp:attachment":[{"href":"https:\/\/radiorevelacionfm.cl\/index.php?rest_route=%2Fwp%2Fv2%2Fmedia&parent=43913"}],"wp:term":[{"taxonomy":"category","embeddable":true,"href":"https:\/\/radiorevelacionfm.cl\/index.php?rest_route=%2Fwp%2Fv2%2Fcategories&post=43913"},{"taxonomy":"post_tag","embeddable":true,"href":"https:\/\/radiorevelacionfm.cl\/index.php?rest_route=%2Fwp%2Fv2%2Ftags&post=43913"}],"curies":[{"name":"wp","href":"https:\/\/api.w.org\/{rel}","templated":true}]}}