{"id":43910,"date":"2024-07-06T22:33:17","date_gmt":"2024-07-07T01:33:17","guid":{"rendered":"https:\/\/radiorevelacionfm.cl\/?p=43910"},"modified":"2024-07-06T22:33:17","modified_gmt":"2024-07-07T01:33:17","slug":"aysen-sera-sede-de-congreso-mundial-sobre-bosques","status":"publish","type":"post","link":"https:\/\/radiorevelacionfm.cl\/?p=43910","title":{"rendered":"Ays\u00e9n ser\u00e1 sede de Congreso Mundial sobre Bosques"},"content":{"rendered":"<div class=\"flex_column av_one_full  flex_column_div av-zero-column-padding first  avia-builder-el-0  el_before_av_one_full  avia-builder-el-first  \" style='border-radius:0px; '><div  class='avia-image-container  av-styling-    avia-builder-el-1  avia-builder-el-no-sibling  avia-align-center '  itemprop=\"image\" itemscope=\"itemscope\" itemtype=\"https:\/\/schema.org\/ImageObject\"  ><div class='avia-image-container-inner'><div class='avia-image-overlay-wrap'><img decoding=\"async\" class='wp-image-43911 avia-img-lazy-loading-not-43911 avia_image' src=\"https:\/\/radiorevelacionfm.cl\/wp-content\/uploads\/2024\/07\/FOTO-2.-IUFRO-Div-8.-2-2.jpeg\" alt='' title='FOTO 2. IUFRO Div 8.-2-2' height=\"600\" width=\"971\"  itemprop=\"thumbnailUrl\" srcset=\"https:\/\/radiorevelacionfm.cl\/wp-content\/uploads\/2024\/07\/FOTO-2.-IUFRO-Div-8.-2-2.jpeg 971w, https:\/\/radiorevelacionfm.cl\/wp-content\/uploads\/2024\/07\/FOTO-2.-IUFRO-Div-8.-2-2-300x185.jpeg 300w, https:\/\/radiorevelacionfm.cl\/wp-content\/uploads\/2024\/07\/FOTO-2.-IUFRO-Div-8.-2-2-768x475.jpeg 768w, https:\/\/radiorevelacionfm.cl\/wp-content\/uploads\/2024\/07\/FOTO-2.-IUFRO-Div-8.-2-2-705x436.jpeg 705w, https:\/\/radiorevelacionfm.cl\/wp-content\/uploads\/2024\/07\/FOTO-2.-IUFRO-Div-8.-2-2-450x278.jpeg 450w, https:\/\/radiorevelacionfm.cl\/wp-content\/uploads\/2024\/07\/FOTO-2.-IUFRO-Div-8.-2-2-600x371.jpeg 600w\" sizes=\"(max-width: 971px) 100vw, 971px\" \/><\/div><\/div><\/div><\/div><div class=\"flex_column av_one_full  flex_column_div av-zero-column-padding first  avia-builder-el-2  el_after_av_one_full  el_before_av_one_full  column-top-margin\" style='border-radius:0px; '><section class=\"av_textblock_section \"  itemscope=\"itemscope\" itemtype=\"https:\/\/schema.org\/BlogPosting\" itemprop=\"blogPost\" ><div class='avia_textblock  '   itemprop=\"text\" ><p style=\"text-align: center;\"><span style=\"font-size: 18pt;\"><b>Ays\u00e9n ser\u00e1 sede de Congreso Mundial sobre Bosques<\/b><\/span><\/p>\n<div id=\"gtx-trans\" style=\"position: absolute; left: -50px; top: 4.31534px;\">\n<div class=\"gtx-trans-icon\"><\/div>\n<\/div>\n<\/div><\/section><\/div><div class=\"flex_column av_one_full  flex_column_div av-zero-column-padding first  avia-builder-el-4  el_after_av_one_full  el_before_av_hr  column-top-margin\" style='border-radius:0px; '><section class=\"av_textblock_section \"  itemscope=\"itemscope\" itemtype=\"https:\/\/schema.org\/BlogPosting\" itemprop=\"blogPost\" ><div class='avia_textblock  '   itemprop=\"text\" ><p style=\"text-align: justify;\"><em>Recientemente ha finalizado un encuentro mundial de cient\u00edficos que se dedican a temas relacionados a las ciencias forestales llamado IUFRO, realizado en la ciudad de Estocolmo, Suecia. En 2026, Ays\u00e9n ser\u00e1 sede de una reuni\u00f3n mundial de una de las divisiones de esta organizaci\u00f3n<\/em><em>. <\/em><\/p>\n<p style=\"text-align: justify;\">El IUFRO (<a href=\"https:\/\/www.iufro.org\/\">https:\/\/www.iufro.org\/<\/a>) es la organizaci\u00f3n internacional de investigaci\u00f3n en ciencias forestales, la cual re\u00fane y coordina el trabajo colaborativo entre acad\u00e9micos y acad\u00e9micas de diversas disciplinas y pa\u00edses, con el fin de compartir resultados, metodolog\u00edas y tecnolog\u00edas asociadas a los bosques. Cada a\u00f1o se re\u00fanen, y fue en el 2023, en Portugal, cuando se eligi\u00f3 que el encuentro 2026 de la divisi\u00f3n 8 de esta organizaci\u00f3n que aborda el medioambiente forestal se re\u00fana en la ciudad de Coyhaique. Recientemente, esto fue ratificado en el Congreso Mundial del IUFRO llevado a cabo en el mes de junio en Suecia.<\/p>\n<p style=\"text-align: justify;\">El congreso titulado \u201cLos bosques como polos de biodiversidad y servicios ecosist\u00e9micos en el Antropoceno\u201d es organizado por los ec\u00f3logos forestales del Centro de Investigaci\u00f3n en Ecosistemas de la Patagonia (CIEP) a cargo de los doctores M\u00f3nica Toro Manr\u00edquez y Alejandro Huertas Herrera, donde se busca que investigadores e investigadoras, estudiantes y tomadores de decisiones de distintas partes del mundo, Chile y la regi\u00f3n de Ays\u00e9n interact\u00faen a trav\u00e9s de charlas, foros, reuniones y mesas de discusi\u00f3n.<\/p>\n<p style=\"text-align: justify;\">La Dra. M\u00f3nica Toro, coordinadora adjunta de la divisi\u00f3n 8 del IUFRO, y organizadora del Congreso, relata la relevancia de que sea Ays\u00e9n el lugar que albergue esta cita; \u201cLa Patagonia chilena, y en particular la Regi\u00f3n de Ays\u00e9n, es una de las pocas zonas que alberga bosques templados del mundo en excelente estado de conservaci\u00f3n. Posee ecosistemas importantes para entender la ecolog\u00eda del bosque y c\u00f3mo responde, por ejemplo, al cambio clim\u00e1tico.\u201d<\/p>\n<p style=\"text-align: justify;\">Este congreso conlleva varios d\u00edas y actividades, tanto en salones como en terreno. El equipo organizador busca dar difusi\u00f3n de este importante encuentro internacional, considerando relevante que el sector silvoagropecuario est\u00e9 representado a trav\u00e9s de productores y agrupaciones, abri\u00e9ndose espacios para presentarse a trav\u00e9s de una mesa de negocios, para as\u00ed, dar a conocer sus productos tanto forestales como no madereros, generando oportunidades dentro y fuera de Chile para la regi\u00f3n.<\/p>\n<p style=\"text-align: justify;\">Para El Dr. Alejandro Huertas, tambi\u00e9n organizador y miembro de la coordinaci\u00f3n de la divisi\u00f3n 8 del IUFRO, esta \u201ces una oportunidad para visibilizar lo que est\u00e1 ocurriendo en los sistemas silvoagropecuarios de la regi\u00f3n, con los que hemos estado trabajando los \u00faltimos a\u00f1os. Tenemos que discutir c\u00f3mo lograr conciliar la conservaci\u00f3n con la producci\u00f3n, y alcanzar, en lo posible, un uso de nuestros recursos naturales al menor costo para la biodiversidad.\u201d<\/p>\n<p style=\"text-align: justify;\">Finalmente, invitamos a las y los interesados en ser parte de este Congreso a contactar a los investigadores a los correos <a href=\"mailto:alejandro.huertas@ciep.cl\">alejandro.huertas@ciep.cl<\/a> y <a href=\"mailto:monica.toro@ciep.cl\">monica.toro@ciep.cl<\/a><\/p>\n<\/div><\/section><\/div><div  style='height:50px' class='hr hr-invisible   avia-builder-el-6  el_after_av_one_full  el_before_av_social_share '><span class='hr-inner ' ><span class='hr-inner-style'><\/span><\/span><\/div><\/p>\n<div  class='av-social-sharing-box  avia-builder-el-7  el_after_av_hr  el_before_av_hr  '><div class='av-share-box'><h5 class='av-share-link-description av-no-toc '>Compartir esta noticia<\/h5><ul class='av-share-box-list noLightbox'><li class='av-share-link av-social-link-facebook' ><a target=\"_blank\" aria-label=\"Compartir en Facebook\" href='https:\/\/www.facebook.com\/sharer.php?u=https:\/\/radiorevelacionfm.cl\/?p=43910&#038;t=Ays%C3%A9n%20ser%C3%A1%20sede%20de%20Congreso%20Mundial%20sobre%20Bosques' aria-hidden='false' data-av_icon='\ue8f3' data-av_iconfont='entypo-fontello' title='' data-avia-related-tooltip='Compartir en Facebook' rel=\"noopener\"><span class='avia_hidden_link_text'>Compartir en Facebook<\/span><\/a><\/li><li class='av-share-link av-social-link-twitter' ><a target=\"_blank\" aria-label=\"Compartir en Twitter\" href='https:\/\/twitter.com\/share?text=Ays%C3%A9n%20ser%C3%A1%20sede%20de%20Congreso%20Mundial%20sobre%20Bosques&#038;url=https:\/\/radiorevelacionfm.cl\/?p=43910' aria-hidden='false' data-av_icon='\ue8f1' data-av_iconfont='entypo-fontello' title='' data-avia-related-tooltip='Compartir en Twitter' rel=\"noopener\"><span class='avia_hidden_link_text'>Compartir en Twitter<\/span><\/a><\/li><li class='av-share-link av-social-link-whatsapp' ><a target=\"_blank\" aria-label=\"Compartir en Whatsapp\" href='https:\/\/api.whatsapp.com\/send?text=https:\/\/radiorevelacionfm.cl\/?p=43910' aria-hidden='false' data-av_icon='\uf232' data-av_iconfont='entypo-fontello' title='' data-avia-related-tooltip='Compartir en Whatsapp' rel=\"noopener\"><span class='avia_hidden_link_text'>Compartir en Whatsapp<\/span><\/a><\/li><li class='av-share-link av-social-link-linkedin' ><a target=\"_blank\" aria-label=\"Compartir en LinkedIn\" href='https:\/\/linkedin.com\/shareArticle?mini=true&#038;title=Ays%C3%A9n%20ser%C3%A1%20sede%20de%20Congreso%20Mundial%20sobre%20Bosques&#038;url=https:\/\/radiorevelacionfm.cl\/?p=43910' aria-hidden='false' data-av_icon='\ue8fc' data-av_iconfont='entypo-fontello' title='' data-avia-related-tooltip='Compartir en LinkedIn' rel=\"noopener\"><span class='avia_hidden_link_text'>Compartir en LinkedIn<\/span><\/a><\/li><li class='av-share-link av-social-link-mail' ><a  aria-label=\"Compartir por correo\" href='mailto:?subject=Ays%C3%A9n%20ser%C3%A1%20sede%20de%20Congreso%20Mundial%20sobre%20Bosques&#038;body=https:\/\/radiorevelacionfm.cl\/?p=43910' aria-hidden='false' data-av_icon='\ue805' data-av_iconfont='entypo-fontello' title='' data-avia-related-tooltip='Compartir por correo'><span class='avia_hidden_link_text'>Compartir por correo<\/span><\/a><\/li><\/ul><\/div><\/div>\n<div  style='height:50px' class='hr hr-invisible   avia-builder-el-8  el_after_av_social_share  el_before_av_comments_list '><span class='hr-inner ' ><span class='hr-inner-style'><\/span><\/span><\/div>\n<div  class='av-buildercomment  av-blog-meta-html-info-disabled av-blog-meta-tag-disabled  '><\/div>\n","protected":false},"excerpt":{"rendered":"","protected":false},"author":1,"featured_media":43911,"comment_status":"open","ping_status":"open","sticky":false,"template":"","format":"standard","meta":{"footnotes":""},"categories":[38],"tags":[],"class_list":["post-43910","post","type-post","status-publish","format-standard","has-post-thumbnail","hentry","category-regional"],"jetpack_featured_media_url":"https:\/\/radiorevelacionfm.cl\/wp-content\/uploads\/2024\/07\/FOTO-2.-IUFRO-Div-8.-2-2.jpeg","_links":{"self":[{"href":"https:\/\/radiorevelacionfm.cl\/index.php?rest_route=\/wp\/v2\/posts\/43910","targetHints":{"allow":["GET"]}}],"collection":[{"href":"https:\/\/radiorevelacionfm.cl\/index.php?rest_route=\/wp\/v2\/posts"}],"about":[{"href":"https:\/\/radiorevelacionfm.cl\/index.php?rest_route=\/wp\/v2\/types\/post"}],"author":[{"embeddable":true,"href":"https:\/\/radiorevelacionfm.cl\/index.php?rest_route=\/wp\/v2\/users\/1"}],"replies":[{"embeddable":true,"href":"https:\/\/radiorevelacionfm.cl\/index.php?rest_route=%2Fwp%2Fv2%2Fcomments&post=43910"}],"version-history":[{"count":1,"href":"https:\/\/radiorevelacionfm.cl\/index.php?rest_route=\/wp\/v2\/posts\/43910\/revisions"}],"predecessor-version":[{"id":43912,"href":"https:\/\/radiorevelacionfm.cl\/index.php?rest_route=\/wp\/v2\/posts\/43910\/revisions\/43912"}],"wp:featuredmedia":[{"embeddable":true,"href":"https:\/\/radiorevelacionfm.cl\/index.php?rest_route=\/wp\/v2\/media\/43911"}],"wp:attachment":[{"href":"https:\/\/radiorevelacionfm.cl\/index.php?rest_route=%2Fwp%2Fv2%2Fmedia&parent=43910"}],"wp:term":[{"taxonomy":"category","embeddable":true,"href":"https:\/\/radiorevelacionfm.cl\/index.php?rest_route=%2Fwp%2Fv2%2Fcategories&post=43910"},{"taxonomy":"post_tag","embeddable":true,"href":"https:\/\/radiorevelacionfm.cl\/index.php?rest_route=%2Fwp%2Fv2%2Ftags&post=43910"}],"curies":[{"name":"wp","href":"https:\/\/api.w.org\/{rel}","templated":true}]}}