{"id":43903,"date":"2024-07-06T21:54:07","date_gmt":"2024-07-07T00:54:07","guid":{"rendered":"https:\/\/radiorevelacionfm.cl\/?p=43903"},"modified":"2024-07-06T21:54:07","modified_gmt":"2024-07-07T00:54:07","slug":"desarrollan-curso-de-institucionalidad-ambiental-en-puerto-aysen","status":"publish","type":"post","link":"https:\/\/radiorevelacionfm.cl\/?p=43903","title":{"rendered":"Desarrollan curso de Institucionalidad Ambiental en Puerto Ays\u00e9n"},"content":{"rendered":"<div class=\"flex_column av_one_full  flex_column_div av-zero-column-padding first  avia-builder-el-0  el_before_av_one_full  avia-builder-el-first  \" style='border-radius:0px; '><div  class='avia-image-container  av-styling-    avia-builder-el-1  avia-builder-el-no-sibling  avia-align-center '  itemprop=\"image\" itemscope=\"itemscope\" itemtype=\"https:\/\/schema.org\/ImageObject\"  ><div class='avia-image-container-inner'><div class='avia-image-overlay-wrap'><img decoding=\"async\" class='wp-image-43904 avia-img-lazy-loading-not-43904 avia_image' src=\"https:\/\/radiorevelacionfm.cl\/wp-content\/uploads\/2024\/07\/img-cft-bahamonde2-1-1.jpeg\" alt='' title='img-cft-bahamonde2 (1) (1)' height=\"600\" width=\"1066\"  itemprop=\"thumbnailUrl\" srcset=\"https:\/\/radiorevelacionfm.cl\/wp-content\/uploads\/2024\/07\/img-cft-bahamonde2-1-1.jpeg 1066w, https:\/\/radiorevelacionfm.cl\/wp-content\/uploads\/2024\/07\/img-cft-bahamonde2-1-1-300x169.jpeg 300w, https:\/\/radiorevelacionfm.cl\/wp-content\/uploads\/2024\/07\/img-cft-bahamonde2-1-1-1030x580.jpeg 1030w, https:\/\/radiorevelacionfm.cl\/wp-content\/uploads\/2024\/07\/img-cft-bahamonde2-1-1-768x432.jpeg 768w, https:\/\/radiorevelacionfm.cl\/wp-content\/uploads\/2024\/07\/img-cft-bahamonde2-1-1-705x397.jpeg 705w, https:\/\/radiorevelacionfm.cl\/wp-content\/uploads\/2024\/07\/img-cft-bahamonde2-1-1-450x253.jpeg 450w, https:\/\/radiorevelacionfm.cl\/wp-content\/uploads\/2024\/07\/img-cft-bahamonde2-1-1-600x338.jpeg 600w\" sizes=\"(max-width: 1066px) 100vw, 1066px\" \/><\/div><\/div><\/div><\/div>\n<div class=\"flex_column av_one_full  flex_column_div av-zero-column-padding first  avia-builder-el-2  el_after_av_one_full  el_before_av_one_full  column-top-margin\" style='border-radius:0px; '><section class=\"av_textblock_section \"  itemscope=\"itemscope\" itemtype=\"https:\/\/schema.org\/BlogPosting\" itemprop=\"blogPost\" ><div class='avia_textblock  '   itemprop=\"text\" ><p style=\"text-align: center;\"><strong><span style=\"font-size: 18pt;\">Desarrollan curso de Institucionalidad Ambiental en Puerto Ays\u00e9n<\/span><\/strong><\/p>\n<div id=\"gtx-trans\" style=\"position: absolute; left: -50px; top: 4.31534px;\">\n<div class=\"gtx-trans-icon\"><\/div>\n<\/div>\n<\/div><\/section><\/div><div class=\"flex_column av_one_full  flex_column_div av-zero-column-padding first  avia-builder-el-4  el_after_av_one_full  el_before_av_hr  column-top-margin\" style='border-radius:0px; '><section class=\"av_textblock_section \"  itemscope=\"itemscope\" itemtype=\"https:\/\/schema.org\/BlogPosting\" itemprop=\"blogPost\" ><div class='avia_textblock  '   itemprop=\"text\" ><p style=\"text-align: justify;\"><em>La acci\u00f3n es in\u00e9dita en el territorio y permitir\u00e1 contribuir a los procesos de ense\u00f1anza \u2013 aprendizaje.<\/em><\/p>\n<p style=\"text-align: justify;\">Con el prop\u00f3sito de entregar nociones b\u00e1sicas e intermedias sobre el marco legal vigente en materia ambiental y su respectivo funcionamiento. Empresas Bahamonde en el contexto del convenio de colaboraci\u00f3n que posee con el Centro de Formaci\u00f3n T\u00e9cnica Estatal de Ays\u00e9n (CFT Estatal) efectu\u00f3 un curso de Institucionalidad Ambiental para los estudiantes de la casa de estudios. En este sentido, las clases fueron desarrolladas de manera hibrida y estuvieron a cargo del asesor ambiental de la empresa aysenina, Ra\u00fal Arteaga, quien posee diversas credenciales acad\u00e9micas y es un referente nacional en materia ambiental por su experiencia p\u00fablica en la Comisi\u00f3n Nacional del Medio Ambiente.<\/p>\n<p style=\"text-align: justify;\">Al respecto, Daniela Garriga Leiva, encargada de Vinculaci\u00f3n con el Medio de Empresas Bahamonde destac\u00f3 el trabajo colaborativo con la instituci\u00f3n formativa aysenina en sus futuros profesionales. Adem\u00e1s, coment\u00f3 que esta actividad concluy\u00f3 con un encuentro de camarader\u00eda para los participantes. \u201cEstamos contentos porque mientras m\u00e1s conocimiento exista, mejores herramientas y soluciones tenemos para cuidar de Ays\u00e9n\u201d, puntualiz\u00f3 la personera de la empresa regional.<\/p>\n<p style=\"text-align: justify;\">En tanto, Lorenzo Ale, Jefe de Carrera del CFT Estatal de Ays\u00e9n abord\u00f3 los puntos clave de la iniciativa de formaci\u00f3n, relevando las capacidades del relator \u201cRa\u00fal Arteaga, asesor ambiental de Empresas Bahamonde y, adem\u00e1s, mag\u00edster en contaminaci\u00f3n ambiental. Un relator de lujo donde en base a casos pr\u00e1cticos, nuestros estudiantes complementaron su aprendizaje curricular en base a la institucionalidad, los sistemas de evaluaci\u00f3n de impacto ambiental en Chile. Fue un curso exitoso. Nuestros estudiantes quedaron s\u00faper satisfechos, nosotros tambi\u00e9n y muy agradecidos con Empresas Bahamonde por esta posibilidad dada a nuestros estudiantes\u201d.<\/p>\n<p style=\"text-align: justify;\">Entre los conceptos expuestos en la instancia se destac\u00f3 el funcionamiento del Servicio de Evaluaci\u00f3n de Impacto Ambiental, las diferencias pr\u00e1cticas y te\u00f3ricas entre una Declaraci\u00f3n de Impacto Ambiental (DIA) y un Estudio de Impacto Ambiental (EIA), las bases de una pertinencia en la materia y otros aspectos relativos al contexto regulatorio vigente.<\/p>\n<p style=\"text-align: justify;\">Cabe destacar que Empresas Bahamonde es pionera en desarrollar actividades de este tipo en la regi\u00f3n de Ays\u00e9n, lo que est\u00e1 estrechamente vinculado a los procesos de innovaci\u00f3n, investigaci\u00f3n y transferencia tecnol\u00f3gica que se encuentra desarrollando en base a las ciencias aplicadas en el proyecto de Relleno Sanitario, el cual se posiciona, en base a expertos, como uno de los mejores cinco a nivel nacional.<\/p>\n<\/div><\/section><\/div><\/p>\n<div  style='height:50px' class='hr hr-invisible   avia-builder-el-6  el_after_av_one_full  el_before_av_social_share '><span class='hr-inner ' ><span class='hr-inner-style'><\/span><\/span><\/div>\n<div  class='av-social-sharing-box  avia-builder-el-7  el_after_av_hr  el_before_av_hr  '><div class='av-share-box'><h5 class='av-share-link-description av-no-toc '>Compartir esta noticia<\/h5><ul class='av-share-box-list noLightbox'><li class='av-share-link av-social-link-facebook' ><a target=\"_blank\" aria-label=\"Compartir en Facebook\" href='https:\/\/www.facebook.com\/sharer.php?u=https:\/\/radiorevelacionfm.cl\/?p=43903&#038;t=Desarrollan%20curso%20de%20Institucionalidad%20Ambiental%20en%20Puerto%20Ays%C3%A9n' aria-hidden='false' data-av_icon='\ue8f3' data-av_iconfont='entypo-fontello' title='' data-avia-related-tooltip='Compartir en Facebook' rel=\"noopener\"><span class='avia_hidden_link_text'>Compartir en Facebook<\/span><\/a><\/li><li class='av-share-link av-social-link-twitter' ><a target=\"_blank\" aria-label=\"Compartir en Twitter\" href='https:\/\/twitter.com\/share?text=Desarrollan%20curso%20de%20Institucionalidad%20Ambiental%20en%20Puerto%20Ays%C3%A9n&#038;url=https:\/\/radiorevelacionfm.cl\/?p=43903' aria-hidden='false' data-av_icon='\ue8f1' data-av_iconfont='entypo-fontello' title='' data-avia-related-tooltip='Compartir en Twitter' rel=\"noopener\"><span class='avia_hidden_link_text'>Compartir en Twitter<\/span><\/a><\/li><li class='av-share-link av-social-link-whatsapp' ><a target=\"_blank\" aria-label=\"Compartir en Whatsapp\" href='https:\/\/api.whatsapp.com\/send?text=https:\/\/radiorevelacionfm.cl\/?p=43903' aria-hidden='false' data-av_icon='\uf232' data-av_iconfont='entypo-fontello' title='' data-avia-related-tooltip='Compartir en Whatsapp' rel=\"noopener\"><span class='avia_hidden_link_text'>Compartir en Whatsapp<\/span><\/a><\/li><li class='av-share-link av-social-link-linkedin' ><a target=\"_blank\" aria-label=\"Compartir en LinkedIn\" href='https:\/\/linkedin.com\/shareArticle?mini=true&#038;title=Desarrollan%20curso%20de%20Institucionalidad%20Ambiental%20en%20Puerto%20Ays%C3%A9n&#038;url=https:\/\/radiorevelacionfm.cl\/?p=43903' aria-hidden='false' data-av_icon='\ue8fc' data-av_iconfont='entypo-fontello' title='' data-avia-related-tooltip='Compartir en LinkedIn' rel=\"noopener\"><span class='avia_hidden_link_text'>Compartir en LinkedIn<\/span><\/a><\/li><li class='av-share-link av-social-link-mail' ><a  aria-label=\"Compartir por correo\" href='mailto:?subject=Desarrollan%20curso%20de%20Institucionalidad%20Ambiental%20en%20Puerto%20Ays%C3%A9n&#038;body=https:\/\/radiorevelacionfm.cl\/?p=43903' aria-hidden='false' data-av_icon='\ue805' data-av_iconfont='entypo-fontello' title='' data-avia-related-tooltip='Compartir por correo'><span class='avia_hidden_link_text'>Compartir por correo<\/span><\/a><\/li><\/ul><\/div><\/div>\n<div  style='height:50px' class='hr hr-invisible   avia-builder-el-8  el_after_av_social_share  el_before_av_comments_list '><span class='hr-inner ' ><span class='hr-inner-style'><\/span><\/span><\/div>\n<div  class='av-buildercomment  av-blog-meta-html-info-disabled av-blog-meta-tag-disabled  '><\/div>\n","protected":false},"excerpt":{"rendered":"","protected":false},"author":1,"featured_media":43904,"comment_status":"open","ping_status":"open","sticky":false,"template":"","format":"standard","meta":{"footnotes":""},"categories":[38],"tags":[],"class_list":["post-43903","post","type-post","status-publish","format-standard","has-post-thumbnail","hentry","category-regional"],"jetpack_featured_media_url":"https:\/\/radiorevelacionfm.cl\/wp-content\/uploads\/2024\/07\/img-cft-bahamonde2-1-1.jpeg","_links":{"self":[{"href":"https:\/\/radiorevelacionfm.cl\/index.php?rest_route=\/wp\/v2\/posts\/43903","targetHints":{"allow":["GET"]}}],"collection":[{"href":"https:\/\/radiorevelacionfm.cl\/index.php?rest_route=\/wp\/v2\/posts"}],"about":[{"href":"https:\/\/radiorevelacionfm.cl\/index.php?rest_route=\/wp\/v2\/types\/post"}],"author":[{"embeddable":true,"href":"https:\/\/radiorevelacionfm.cl\/index.php?rest_route=\/wp\/v2\/users\/1"}],"replies":[{"embeddable":true,"href":"https:\/\/radiorevelacionfm.cl\/index.php?rest_route=%2Fwp%2Fv2%2Fcomments&post=43903"}],"version-history":[{"count":2,"href":"https:\/\/radiorevelacionfm.cl\/index.php?rest_route=\/wp\/v2\/posts\/43903\/revisions"}],"predecessor-version":[{"id":43907,"href":"https:\/\/radiorevelacionfm.cl\/index.php?rest_route=\/wp\/v2\/posts\/43903\/revisions\/43907"}],"wp:featuredmedia":[{"embeddable":true,"href":"https:\/\/radiorevelacionfm.cl\/index.php?rest_route=\/wp\/v2\/media\/43904"}],"wp:attachment":[{"href":"https:\/\/radiorevelacionfm.cl\/index.php?rest_route=%2Fwp%2Fv2%2Fmedia&parent=43903"}],"wp:term":[{"taxonomy":"category","embeddable":true,"href":"https:\/\/radiorevelacionfm.cl\/index.php?rest_route=%2Fwp%2Fv2%2Fcategories&post=43903"},{"taxonomy":"post_tag","embeddable":true,"href":"https:\/\/radiorevelacionfm.cl\/index.php?rest_route=%2Fwp%2Fv2%2Ftags&post=43903"}],"curies":[{"name":"wp","href":"https:\/\/api.w.org\/{rel}","templated":true}]}}