{"id":43898,"date":"2024-07-05T20:09:01","date_gmt":"2024-07-05T23:09:01","guid":{"rendered":"https:\/\/radiorevelacionfm.cl\/?p=43898"},"modified":"2024-07-05T20:09:01","modified_gmt":"2024-07-05T23:09:01","slug":"consejero-escobar-preocupante-situacion-ganadera-y-nula-vision-del-delegado-regional-presidencial-ante-una-inminente-emergencia-agricola","status":"publish","type":"post","link":"https:\/\/radiorevelacionfm.cl\/?p=43898","title":{"rendered":"Consejero Escobar: \u201cPreocupante Situaci\u00f3n Ganadera y nula visi\u00f3n del Delegado Regional Presidencial ante una inminente EMERGENCIA AGR\u00cdCOLA"},"content":{"rendered":"<div class=\"flex_column av_one_full  flex_column_div av-zero-column-padding first  avia-builder-el-0  el_before_av_one_full  avia-builder-el-first  \" style='border-radius:0px; '><div  class='avia-image-container  av-styling-    avia-builder-el-1  avia-builder-el-no-sibling  avia-align-center '  itemprop=\"image\" itemscope=\"itemscope\" itemtype=\"https:\/\/schema.org\/ImageObject\"  ><div class='avia-image-container-inner'><div class='avia-image-overlay-wrap'><img decoding=\"async\" class='wp-image-43901 avia-img-lazy-loading-not-43901 avia_image' src=\"https:\/\/radiorevelacionfm.cl\/wp-content\/uploads\/2024\/07\/IMG-20240627-WA0039-2-2.jpg\" alt='' title='IMG-20240627-WA0039-2-2' height=\"600\" width=\"1067\"  itemprop=\"thumbnailUrl\" srcset=\"https:\/\/radiorevelacionfm.cl\/wp-content\/uploads\/2024\/07\/IMG-20240627-WA0039-2-2.jpg 1067w, https:\/\/radiorevelacionfm.cl\/wp-content\/uploads\/2024\/07\/IMG-20240627-WA0039-2-2-300x169.jpg 300w, https:\/\/radiorevelacionfm.cl\/wp-content\/uploads\/2024\/07\/IMG-20240627-WA0039-2-2-1030x579.jpg 1030w, https:\/\/radiorevelacionfm.cl\/wp-content\/uploads\/2024\/07\/IMG-20240627-WA0039-2-2-768x432.jpg 768w, https:\/\/radiorevelacionfm.cl\/wp-content\/uploads\/2024\/07\/IMG-20240627-WA0039-2-2-705x396.jpg 705w, https:\/\/radiorevelacionfm.cl\/wp-content\/uploads\/2024\/07\/IMG-20240627-WA0039-2-2-450x253.jpg 450w, https:\/\/radiorevelacionfm.cl\/wp-content\/uploads\/2024\/07\/IMG-20240627-WA0039-2-2-600x337.jpg 600w\" sizes=\"(max-width: 1067px) 100vw, 1067px\" \/><\/div><\/div><\/div><\/div><div class=\"flex_column av_one_full  flex_column_div av-zero-column-padding first  avia-builder-el-2  el_after_av_one_full  el_before_av_one_full  column-top-margin\" style='border-radius:0px; '><section class=\"av_textblock_section \"  itemscope=\"itemscope\" itemtype=\"https:\/\/schema.org\/BlogPosting\" itemprop=\"blogPost\" ><div class='avia_textblock  '   itemprop=\"text\" ><p style=\"text-align: center;\"><span style=\"font-size: 18pt;\"><strong>Consejero Escobar: \u201cPreocupante Situaci\u00f3n Ganadera y nula visi\u00f3n del Delegado Regional Presidencial ante una inminente EMERGENCIA AGR\u00cdCOLA <\/strong><\/span><\/p>\n<div id=\"gtx-trans\" style=\"position: absolute; left: -50px; top: 4.31534px;\">\n<div class=\"gtx-trans-icon\"><\/div>\n<\/div>\n<\/div><\/section><\/div><div class=\"flex_column av_one_full  flex_column_div av-zero-column-padding first  avia-builder-el-4  el_after_av_one_full  el_before_av_hr  column-top-margin\" style='border-radius:0px; '><section class=\"av_textblock_section \"  itemscope=\"itemscope\" itemtype=\"https:\/\/schema.org\/BlogPosting\" itemprop=\"blogPost\" ><div class='avia_textblock  '   itemprop=\"text\" ><p style=\"text-align: justify;\">Dado que, a la fecha, la regi\u00f3n de Ays\u00e9n presenta una compleja situaci\u00f3n clim\u00e1tica con temperaturas bajo cero, lo que hace a\u00f1os en la regi\u00f3n no se presentaba, con presencia significativa de escarcha y nieve, condiciones que estar\u00e1n presente por varios meses y que afectar\u00e1 a los peque\u00f1os campesinos y sus familias referido a la productividad ganadera tanto ovino como bovino.<\/p>\n<p style=\"text-align: justify;\">La mayor\u00eda de los peque\u00f1os productores de la actividad ganadera, as\u00ed mismo como la crianza de aves; en sectores rurales de la <strong><em>provincia capit\u00e1n Prat<\/em><\/strong> por nombrar algunos, cerro negro, rio mait\u00e9n, Neff, lago Brown, colonia norte y sur, \u00a0san lorenzo, en la comuna de Cochrane y otros como sector rio Mayer, lago O\u2019Higgins, lago Christie, lago alegre en la comuna de \u00a0O\u2019Higgins, \u00a0han tenido que lidiar por muchos a\u00f1os contra diferentes factores como aislamiento, conectividad, depredadores naturales y adem\u00e1s de la gran lucha contra los perros asilvestrados, algunos de estos factores hasta el d\u00eda de hoy sin soluci\u00f3n, donde gran parte de los peque\u00f1os productores han preferido vender o deshacerse de sus animales para no ver el tr\u00e1gico final de un rubro que d\u00eda a d\u00eda es m\u00e1s dif\u00edcil de mantener.<\/p>\n<p style=\"text-align: justify;\">Si bien el ministerio de agricultura a trav\u00e9s de Indap realiza diferentes ayudas para el campesinado, esto no es suficiente, la mayor\u00eda de los productores no se encuentran como usuarios Indap y no reciben ning\u00fan beneficio del estado, comentar que en los \u00faltimos meses se ha generado un alza en los precios de los combustibles, por ende, un incremento en el transporte de alimentos para las comunas mas aisladas de la regi\u00f3n, los cr\u00e9ditos otorgados por Indap no reflejan una soluci\u00f3n integral y claramente no mitigan un efecto que sino se visualiza a su debido tiempo ser\u00e1 muy perjudicial para para las familias ganaderas y productivas de la provincia capit\u00e1n Prat y la regi\u00f3n de Ays\u00e9n.<\/p>\n<p style=\"text-align: justify;\">se hace necesario identificar el efecto negativo que hoy en d\u00eda est\u00e1 presentando la Provincia Capit\u00e1n Prat, reflejado en el alza de los alimentos para el ganado y una preocupaci\u00f3n latente en el futuro que deber\u00e1n enfrentar los campesinos para la subsistencia de sus animales.<\/p>\n<p style=\"text-align: justify;\">Para declarar una emergencia deben existir muchos fen\u00f3menos cr\u00edticos que claramente est\u00e1n definidos y encabezados por el ministerio del interior y seguridad p\u00fablica, lo que aqu\u00ed ocurre es que se declaran las emergencias agr\u00edcolas cuando ya no se puede hacer nada y las familias ya han perdido gran parte de su patrimonio y recup\u00e9ralo es casi imposible, es por ese motivo que el llamado es a las autoridades de gobierno como son el delegado regional presidencial, delegados provinciales y el recientemente asumido seremi de agricultura para que no sean reactivos y que act\u00faen con anticipaci\u00f3n ante las contingencias que sin duda se nos avecinan en un invierno que reci\u00e9n est\u00e1 comenzando.<\/p>\n<p style=\"text-align: justify;\">Esperamos que las ayudas del Gobierno sean oportunas y con gestiones estrat\u00e9gicas, que las gestiones de delegados presidenciales provinciales, seremi de agricultura, todos representantes del gobierno de turno realicen visitas a los afectados en sectores rurales en cada una de las provincias y que requieren de un trato especial y una mirada descentralizada, donde los recursos deben ser integrales, causando un impacto positivo en el campesinado.<\/p>\n<\/div><\/section><\/div><div  style='height:50px' class='hr hr-invisible   avia-builder-el-6  el_after_av_one_full  el_before_av_social_share '><span class='hr-inner ' ><span class='hr-inner-style'><\/span><\/span><\/div><\/p>\n<div  class='av-social-sharing-box  avia-builder-el-7  el_after_av_hr  el_before_av_hr  '><div class='av-share-box'><h5 class='av-share-link-description av-no-toc '>Compartir esta noticia<\/h5><ul class='av-share-box-list noLightbox'><li class='av-share-link av-social-link-facebook' ><a target=\"_blank\" aria-label=\"Compartir en Facebook\" href='https:\/\/www.facebook.com\/sharer.php?u=https:\/\/radiorevelacionfm.cl\/?p=43898&#038;t=Consejero%20Escobar%3A%20%E2%80%9CPreocupante%20Situaci%C3%B3n%20Ganadera%20y%20nula%20visi%C3%B3n%20del%20Delegado%20Regional%20Presidencial%20ante%20una%20inminente%20EMERGENCIA%20AGR%C3%8DCOLA' aria-hidden='false' data-av_icon='\ue8f3' data-av_iconfont='entypo-fontello' title='' data-avia-related-tooltip='Compartir en Facebook' rel=\"noopener\"><span class='avia_hidden_link_text'>Compartir en Facebook<\/span><\/a><\/li><li class='av-share-link av-social-link-twitter' ><a target=\"_blank\" aria-label=\"Compartir en Twitter\" href='https:\/\/twitter.com\/share?text=Consejero%20Escobar%3A%20%E2%80%9CPreocupante%20Situaci%C3%B3n%20Ganadera%20y%20nula%20visi%C3%B3n%20del%20Delegado%20Regional%20Presidencial%20ante%20una%20inminente%20EMERGENCIA%20AGR%C3%8DCOLA&#038;url=https:\/\/radiorevelacionfm.cl\/?p=43898' aria-hidden='false' data-av_icon='\ue8f1' data-av_iconfont='entypo-fontello' title='' data-avia-related-tooltip='Compartir en Twitter' rel=\"noopener\"><span class='avia_hidden_link_text'>Compartir en Twitter<\/span><\/a><\/li><li class='av-share-link av-social-link-whatsapp' ><a target=\"_blank\" aria-label=\"Compartir en Whatsapp\" href='https:\/\/api.whatsapp.com\/send?text=https:\/\/radiorevelacionfm.cl\/?p=43898' aria-hidden='false' data-av_icon='\uf232' data-av_iconfont='entypo-fontello' title='' data-avia-related-tooltip='Compartir en Whatsapp' rel=\"noopener\"><span class='avia_hidden_link_text'>Compartir en Whatsapp<\/span><\/a><\/li><li class='av-share-link av-social-link-linkedin' ><a target=\"_blank\" aria-label=\"Compartir en LinkedIn\" href='https:\/\/linkedin.com\/shareArticle?mini=true&#038;title=Consejero%20Escobar%3A%20%E2%80%9CPreocupante%20Situaci%C3%B3n%20Ganadera%20y%20nula%20visi%C3%B3n%20del%20Delegado%20Regional%20Presidencial%20ante%20una%20inminente%20EMERGENCIA%20AGR%C3%8DCOLA&#038;url=https:\/\/radiorevelacionfm.cl\/?p=43898' aria-hidden='false' data-av_icon='\ue8fc' data-av_iconfont='entypo-fontello' title='' data-avia-related-tooltip='Compartir en LinkedIn' rel=\"noopener\"><span class='avia_hidden_link_text'>Compartir en LinkedIn<\/span><\/a><\/li><li class='av-share-link av-social-link-mail' ><a  aria-label=\"Compartir por correo\" href='mailto:?subject=Consejero%20Escobar%3A%20%E2%80%9CPreocupante%20Situaci%C3%B3n%20Ganadera%20y%20nula%20visi%C3%B3n%20del%20Delegado%20Regional%20Presidencial%20ante%20una%20inminente%20EMERGENCIA%20AGR%C3%8DCOLA&#038;body=https:\/\/radiorevelacionfm.cl\/?p=43898' aria-hidden='false' data-av_icon='\ue805' data-av_iconfont='entypo-fontello' title='' data-avia-related-tooltip='Compartir por correo'><span class='avia_hidden_link_text'>Compartir por correo<\/span><\/a><\/li><\/ul><\/div><\/div>\n<div  style='height:50px' class='hr hr-invisible   avia-builder-el-8  el_after_av_social_share  el_before_av_comments_list '><span class='hr-inner ' ><span class='hr-inner-style'><\/span><\/span><\/div>\n<div  class='av-buildercomment  av-blog-meta-html-info-disabled av-blog-meta-tag-disabled  '><\/div>\n","protected":false},"excerpt":{"rendered":"","protected":false},"author":1,"featured_media":43901,"comment_status":"open","ping_status":"open","sticky":false,"template":"","format":"standard","meta":{"footnotes":""},"categories":[38],"tags":[],"class_list":["post-43898","post","type-post","status-publish","format-standard","has-post-thumbnail","hentry","category-regional"],"jetpack_featured_media_url":"https:\/\/radiorevelacionfm.cl\/wp-content\/uploads\/2024\/07\/IMG-20240627-WA0039-2-2.jpg","_links":{"self":[{"href":"https:\/\/radiorevelacionfm.cl\/index.php?rest_route=\/wp\/v2\/posts\/43898","targetHints":{"allow":["GET"]}}],"collection":[{"href":"https:\/\/radiorevelacionfm.cl\/index.php?rest_route=\/wp\/v2\/posts"}],"about":[{"href":"https:\/\/radiorevelacionfm.cl\/index.php?rest_route=\/wp\/v2\/types\/post"}],"author":[{"embeddable":true,"href":"https:\/\/radiorevelacionfm.cl\/index.php?rest_route=\/wp\/v2\/users\/1"}],"replies":[{"embeddable":true,"href":"https:\/\/radiorevelacionfm.cl\/index.php?rest_route=%2Fwp%2Fv2%2Fcomments&post=43898"}],"version-history":[{"count":1,"href":"https:\/\/radiorevelacionfm.cl\/index.php?rest_route=\/wp\/v2\/posts\/43898\/revisions"}],"predecessor-version":[{"id":43902,"href":"https:\/\/radiorevelacionfm.cl\/index.php?rest_route=\/wp\/v2\/posts\/43898\/revisions\/43902"}],"wp:featuredmedia":[{"embeddable":true,"href":"https:\/\/radiorevelacionfm.cl\/index.php?rest_route=\/wp\/v2\/media\/43901"}],"wp:attachment":[{"href":"https:\/\/radiorevelacionfm.cl\/index.php?rest_route=%2Fwp%2Fv2%2Fmedia&parent=43898"}],"wp:term":[{"taxonomy":"category","embeddable":true,"href":"https:\/\/radiorevelacionfm.cl\/index.php?rest_route=%2Fwp%2Fv2%2Fcategories&post=43898"},{"taxonomy":"post_tag","embeddable":true,"href":"https:\/\/radiorevelacionfm.cl\/index.php?rest_route=%2Fwp%2Fv2%2Ftags&post=43898"}],"curies":[{"name":"wp","href":"https:\/\/api.w.org\/{rel}","templated":true}]}}