{"id":43897,"date":"2024-07-06T21:28:07","date_gmt":"2024-07-07T00:28:07","guid":{"rendered":"https:\/\/radiorevelacionfm.cl\/?p=43897"},"modified":"2024-07-06T21:28:07","modified_gmt":"2024-07-07T00:28:07","slug":"comercio-amigo-programa-de-disuasion-y-prevencion-de-delitos-sera-implementado-en-coyhaique","status":"publish","type":"post","link":"https:\/\/radiorevelacionfm.cl\/?p=43897","title":{"rendered":"Comercio Amigo: Programa de disuasi\u00f3n y prevenci\u00f3n de delitos ser\u00e1 implementado en Coyhaique"},"content":{"rendered":"<div class=\"flex_column av_one_full  flex_column_div av-zero-column-padding first  avia-builder-el-0  el_before_av_one_full  avia-builder-el-first  \" style='border-radius:0px; '><div  class='avia-image-container  av-styling-    avia-builder-el-1  avia-builder-el-no-sibling  avia-align-center '  itemprop=\"image\" itemscope=\"itemscope\" itemtype=\"https:\/\/schema.org\/ImageObject\"  ><div class='avia-image-container-inner'><div class='avia-image-overlay-wrap'><img decoding=\"async\" class='wp-image-43899 avia-img-lazy-loading-not-43899 avia_image' src=\"https:\/\/radiorevelacionfm.cl\/wp-content\/uploads\/2024\/07\/Reunion-con-Subsecretario-Prev.-Delitos-2-1-1.jpeg\" alt='' title='Reuni\u00f3n con Subsecretario Prev. Delitos 2 (1) (1)' height=\"600\" width=\"800\"  itemprop=\"thumbnailUrl\" srcset=\"https:\/\/radiorevelacionfm.cl\/wp-content\/uploads\/2024\/07\/Reunion-con-Subsecretario-Prev.-Delitos-2-1-1.jpeg 800w, https:\/\/radiorevelacionfm.cl\/wp-content\/uploads\/2024\/07\/Reunion-con-Subsecretario-Prev.-Delitos-2-1-1-300x225.jpeg 300w, https:\/\/radiorevelacionfm.cl\/wp-content\/uploads\/2024\/07\/Reunion-con-Subsecretario-Prev.-Delitos-2-1-1-768x576.jpeg 768w, https:\/\/radiorevelacionfm.cl\/wp-content\/uploads\/2024\/07\/Reunion-con-Subsecretario-Prev.-Delitos-2-1-1-705x529.jpeg 705w, https:\/\/radiorevelacionfm.cl\/wp-content\/uploads\/2024\/07\/Reunion-con-Subsecretario-Prev.-Delitos-2-1-1-450x338.jpeg 450w, https:\/\/radiorevelacionfm.cl\/wp-content\/uploads\/2024\/07\/Reunion-con-Subsecretario-Prev.-Delitos-2-1-1-600x450.jpeg 600w\" sizes=\"(max-width: 800px) 100vw, 800px\" \/><\/div><\/div><\/div><\/div><div class=\"flex_column av_one_full  flex_column_div av-zero-column-padding first  avia-builder-el-2  el_after_av_one_full  el_before_av_one_full  column-top-margin\" style='border-radius:0px; '><section class=\"av_textblock_section \"  itemscope=\"itemscope\" itemtype=\"https:\/\/schema.org\/BlogPosting\" itemprop=\"blogPost\" ><div class='avia_textblock  '   itemprop=\"text\" ><p style=\"text-align: center;\"><span style=\"font-size: 18pt;\"><b>Comercio Amigo: Programa de disuasi\u00f3n y prevenci\u00f3n de delitos ser\u00e1 implementado en Coyhaique<\/b><\/span><\/p>\n<div id=\"gtx-trans\" style=\"position: absolute; left: -50px; top: 4.31534px;\">\n<div class=\"gtx-trans-icon\"><\/div>\n<\/div>\n<\/div><\/section><\/div><div class=\"flex_column av_one_full  flex_column_div av-zero-column-padding first  avia-builder-el-4  el_after_av_one_full  el_before_av_hr  column-top-margin\" style='border-radius:0px; '><section class=\"av_textblock_section \"  itemscope=\"itemscope\" itemtype=\"https:\/\/schema.org\/BlogPosting\" itemprop=\"blogPost\" ><div class='avia_textblock  '   itemprop=\"text\" ><div align=\"justify\"><i>La iniciativa ser\u00e1 ejecutada por el Municipio de Coyhaique en colaboraci\u00f3n con Seguridad Comunitaria, las polic\u00edas y la C\u00e1mara de Comercio de Coyhaique.<\/i><\/div>\n<div align=\"justify\"><\/div>\n<div align=\"justify\">Tras reunirse con el Subsecretario de Prevenci\u00f3n del Delito, Eduardo Vergara en Santiago, el alcalde de Coyhaique, Carlos Gatica, anunci\u00f3 la implementaci\u00f3n del Programa Comercio Amigo, que ya se ha implementado con \u00e9xito en otras comunas y que tiene por objetivo, prevenir y disuadir delitos que afectan al comercio local. Adem\u00e1s, la autoridad comunal, revis\u00f3 junto al Subsecretario, proyectos que apuntan a la instalaci\u00f3n de m\u00e1s luminaria p\u00fablica y la recuperaci\u00f3n de espacios p\u00fablicos que est\u00e1n bajo la l\u00ednea de este ministerio.<\/div>\n<div align=\"justify\"><\/div>\n<div align=\"justify\">La iniciativa de la Subsecretar\u00eda de Prevenci\u00f3n del Delito busca contribuir a la disminuci\u00f3n de los niveles de victimizaci\u00f3n y condiciones de violencia en zonas con alta concentraci\u00f3n de comercio y servicios, as\u00ed como mejorar la percepci\u00f3n de seguridad de las personas que viven, trabajan o acuden a estos sectores.<\/div>\n<div align=\"justify\"><\/div>\n<div align=\"justify\">Al respecto, el alcalde de Coyhaique, Carlos Gatica Villegas, coment\u00f3 que \u201cestamos trabajando en la instalaci\u00f3n del programa Comercio Amigo, que nos permitir\u00e1 poder entregar asesoramiento en materia de seguridad a nuestros comerciantes, lo que llevaremos a cabo en conjunto con la C\u00e1mara de Comercio de Coyhaique y desde el Municipio estaremos realizando las implementaciones que nos permitan desde nuestra unidad de Seguridad Comunitaria, disuadir o prevenir los delitos, y lo haremos junto a los vecinos y vecinas\u201d.<\/div>\n<div align=\"justify\"><\/div>\n<div align=\"justify\">Por su parte, Eduardo Vergara, Subsecretario de Prevenci\u00f3n del Delito, detall\u00f3 que \u201cno es la primera vez que nos reunimos a trabajar con el alcalde, hace pocos meses atr\u00e1s, estuvimos tambi\u00e9n en la comuna. Es un alcalde que est\u00e1 comprometido con la seguridad y su municipio a avanzado significativamente, sabemos que podemos hacer m\u00e1s\u201d.<\/div>\n<div align=\"justify\"><\/div>\n<div align=\"justify\">\u201cEn esta ocasi\u00f3n, abordamos la implementaci\u00f3n de una estrategia enfocada en el comercio y este programa ya se ha implementado en otras comunas, dando buen resultado, por ello, queremos que d\u00e9 tambi\u00e9n resultados positivos en Coyhaique. Tambi\u00e9n junto a la C\u00e1mara de Comercio hemos avanzado significativamente en materias de seguridad, queremos que todos estos avances est\u00e9n presentes en la comuna y para el mes de agosto, los equipos de la Subsecretar\u00eda estar\u00e1n all\u00e1 implementando esto mano a mano junto al comercio local y bajo el paragua del Municipio de Coyhaique\u201d, concluy\u00f3 Vergara.<\/div>\n<\/div><\/section><\/div><div  style='height:50px' class='hr hr-invisible   avia-builder-el-6  el_after_av_one_full  el_before_av_social_share '><span class='hr-inner ' ><span class='hr-inner-style'><\/span><\/span><\/div><\/p>\n<div  class='av-social-sharing-box  avia-builder-el-7  el_after_av_hr  el_before_av_hr  '><div class='av-share-box'><h5 class='av-share-link-description av-no-toc '>Compartir esta noticia<\/h5><ul class='av-share-box-list noLightbox'><li class='av-share-link av-social-link-facebook' ><a target=\"_blank\" aria-label=\"Compartir en Facebook\" href='https:\/\/www.facebook.com\/sharer.php?u=https:\/\/radiorevelacionfm.cl\/?p=43897&#038;t=Comercio%20Amigo%3A%20Programa%20de%20disuasi%C3%B3n%20y%20prevenci%C3%B3n%20de%20delitos%20ser%C3%A1%20implementado%20en%20Coyhaique' aria-hidden='false' data-av_icon='\ue8f3' data-av_iconfont='entypo-fontello' title='' data-avia-related-tooltip='Compartir en Facebook' rel=\"noopener\"><span class='avia_hidden_link_text'>Compartir en Facebook<\/span><\/a><\/li><li class='av-share-link av-social-link-twitter' ><a target=\"_blank\" aria-label=\"Compartir en Twitter\" href='https:\/\/twitter.com\/share?text=Comercio%20Amigo%3A%20Programa%20de%20disuasi%C3%B3n%20y%20prevenci%C3%B3n%20de%20delitos%20ser%C3%A1%20implementado%20en%20Coyhaique&#038;url=https:\/\/radiorevelacionfm.cl\/?p=43897' aria-hidden='false' data-av_icon='\ue8f1' data-av_iconfont='entypo-fontello' title='' data-avia-related-tooltip='Compartir en Twitter' rel=\"noopener\"><span class='avia_hidden_link_text'>Compartir en Twitter<\/span><\/a><\/li><li class='av-share-link av-social-link-whatsapp' ><a target=\"_blank\" aria-label=\"Compartir en Whatsapp\" href='https:\/\/api.whatsapp.com\/send?text=https:\/\/radiorevelacionfm.cl\/?p=43897' aria-hidden='false' data-av_icon='\uf232' data-av_iconfont='entypo-fontello' title='' data-avia-related-tooltip='Compartir en Whatsapp' rel=\"noopener\"><span class='avia_hidden_link_text'>Compartir en Whatsapp<\/span><\/a><\/li><li class='av-share-link av-social-link-linkedin' ><a target=\"_blank\" aria-label=\"Compartir en LinkedIn\" href='https:\/\/linkedin.com\/shareArticle?mini=true&#038;title=Comercio%20Amigo%3A%20Programa%20de%20disuasi%C3%B3n%20y%20prevenci%C3%B3n%20de%20delitos%20ser%C3%A1%20implementado%20en%20Coyhaique&#038;url=https:\/\/radiorevelacionfm.cl\/?p=43897' aria-hidden='false' data-av_icon='\ue8fc' data-av_iconfont='entypo-fontello' title='' data-avia-related-tooltip='Compartir en LinkedIn' rel=\"noopener\"><span class='avia_hidden_link_text'>Compartir en LinkedIn<\/span><\/a><\/li><li class='av-share-link av-social-link-mail' ><a  aria-label=\"Compartir por correo\" href='mailto:?subject=Comercio%20Amigo%3A%20Programa%20de%20disuasi%C3%B3n%20y%20prevenci%C3%B3n%20de%20delitos%20ser%C3%A1%20implementado%20en%20Coyhaique&#038;body=https:\/\/radiorevelacionfm.cl\/?p=43897' aria-hidden='false' data-av_icon='\ue805' data-av_iconfont='entypo-fontello' title='' data-avia-related-tooltip='Compartir por correo'><span class='avia_hidden_link_text'>Compartir por correo<\/span><\/a><\/li><\/ul><\/div><\/div>\n<div  style='height:50px' class='hr hr-invisible   avia-builder-el-8  el_after_av_social_share  el_before_av_comments_list '><span class='hr-inner ' ><span class='hr-inner-style'><\/span><\/span><\/div>\n<div  class='av-buildercomment  av-blog-meta-html-info-disabled av-blog-meta-tag-disabled  '><\/div>\n","protected":false},"excerpt":{"rendered":"","protected":false},"author":1,"featured_media":43899,"comment_status":"open","ping_status":"open","sticky":false,"template":"","format":"standard","meta":{"footnotes":""},"categories":[36],"tags":[],"class_list":["post-43897","post","type-post","status-publish","format-standard","has-post-thumbnail","hentry","category-policial"],"jetpack_featured_media_url":"https:\/\/radiorevelacionfm.cl\/wp-content\/uploads\/2024\/07\/Reunion-con-Subsecretario-Prev.-Delitos-2-1-1.jpeg","_links":{"self":[{"href":"https:\/\/radiorevelacionfm.cl\/index.php?rest_route=\/wp\/v2\/posts\/43897","targetHints":{"allow":["GET"]}}],"collection":[{"href":"https:\/\/radiorevelacionfm.cl\/index.php?rest_route=\/wp\/v2\/posts"}],"about":[{"href":"https:\/\/radiorevelacionfm.cl\/index.php?rest_route=\/wp\/v2\/types\/post"}],"author":[{"embeddable":true,"href":"https:\/\/radiorevelacionfm.cl\/index.php?rest_route=\/wp\/v2\/users\/1"}],"replies":[{"embeddable":true,"href":"https:\/\/radiorevelacionfm.cl\/index.php?rest_route=%2Fwp%2Fv2%2Fcomments&post=43897"}],"version-history":[{"count":1,"href":"https:\/\/radiorevelacionfm.cl\/index.php?rest_route=\/wp\/v2\/posts\/43897\/revisions"}],"predecessor-version":[{"id":43900,"href":"https:\/\/radiorevelacionfm.cl\/index.php?rest_route=\/wp\/v2\/posts\/43897\/revisions\/43900"}],"wp:featuredmedia":[{"embeddable":true,"href":"https:\/\/radiorevelacionfm.cl\/index.php?rest_route=\/wp\/v2\/media\/43899"}],"wp:attachment":[{"href":"https:\/\/radiorevelacionfm.cl\/index.php?rest_route=%2Fwp%2Fv2%2Fmedia&parent=43897"}],"wp:term":[{"taxonomy":"category","embeddable":true,"href":"https:\/\/radiorevelacionfm.cl\/index.php?rest_route=%2Fwp%2Fv2%2Fcategories&post=43897"},{"taxonomy":"post_tag","embeddable":true,"href":"https:\/\/radiorevelacionfm.cl\/index.php?rest_route=%2Fwp%2Fv2%2Ftags&post=43897"}],"curies":[{"name":"wp","href":"https:\/\/api.w.org\/{rel}","templated":true}]}}