{"id":43893,"date":"2024-07-05T19:55:02","date_gmt":"2024-07-05T22:55:02","guid":{"rendered":"https:\/\/radiorevelacionfm.cl\/?p=43893"},"modified":"2024-07-05T19:55:02","modified_gmt":"2024-07-05T22:55:02","slug":"este-lunes-8-de-julio-reabre-sus-puertas-el-polideportivo-21-de-abril-de-puerto-aysen","status":"publish","type":"post","link":"https:\/\/radiorevelacionfm.cl\/?p=43893","title":{"rendered":"Este lunes 8 de julio reabre sus puertas el Polideportivo \u201c21 de abril\u201d de Puerto Ays\u00e9n"},"content":{"rendered":"<p>&nbsp;<\/p>\n<div class=\"flex_column av_one_full  flex_column_div av-zero-column-padding first  avia-builder-el-0  el_before_av_one_full  avia-builder-el-first  \" style='border-radius:0px; '><section class=\"av_textblock_section \"  itemscope=\"itemscope\" itemtype=\"https:\/\/schema.org\/BlogPosting\" itemprop=\"blogPost\" ><div class='avia_textblock  '   itemprop=\"text\" ><p style=\"text-align: center;\"><strong><span style=\"font-size: 18pt;\">Este lunes 8 de julio reabre sus puertas el Polideportivo \u201c21 de abril\u201d de Puerto Ays\u00e9n<\/span><\/strong><\/p>\n<div id=\"gtx-trans\" style=\"position: absolute; left: -50px; top: 4.31534px;\">\n<div class=\"gtx-trans-icon\"><\/div>\n<\/div>\n<\/div><\/section><\/div><div class=\"flex_column av_one_full  flex_column_div av-zero-column-padding first  \" style='border-radius:0px; '><section class=\"av_textblock_section \"  itemscope=\"itemscope\" itemtype=\"https:\/\/schema.org\/BlogPosting\" itemprop=\"blogPost\" ><div class='avia_textblock  '   itemprop=\"text\" ><p style=\"text-align: justify;\"><em>Todas sus \u00e1reas estar\u00e1n operativas, solo habr\u00e1 un cambio en los horarios de utilizaci\u00f3n de la piscina.<\/em><\/p>\n<p style=\"text-align: justify;\"><strong>\u00a0<\/strong>A partir de las 8 de la ma\u00f1ana de este lunes 8 de julio, el Polideportivo \u201c21 de abril\u201d de Puerto Ays\u00e9n retomar\u00e1 sus actividades abiertas a la comunidad en todas sus disciplinas y con monitores en cada una de ellas. As\u00ed lo confirm\u00f3 el director ejecutivo de la Corporaci\u00f3n Municipal del Deporte, Carlos C\u00e1rcamo.<\/p>\n<p style=\"text-align: justify;\">\u201cEste lunes 8 de julio se va a retomar el funcionamiento normal del recinto Polideportivo 21 de abril, habr\u00e1 algunas modificaciones en los horarios de funcionamiento. Todos los espacios en funcionamiento normal, las clases dirigidas y la activaci\u00f3n de todas las \u00e1reas que corresponden a la operatividad normal del recinto. Hacemos la invitaci\u00f3n a la comunidad, a que retomen sus actividades y que puedan asistir al Polideportivo\u201d.<\/p>\n<p style=\"text-align: justify;\">Uno de los espacios con mayor concurrencia del Polideportivo de Ays\u00e9n es la sala de musculaci\u00f3n, la cual, tambi\u00e9n retoma sus actividades con normalidad, se\u00f1al\u00f3 uno de sus profesores, Mart\u00edn C\u00e1rdenas.<\/p>\n<p style=\"text-align: justify;\">\u201cEstamos en la sala de musculaci\u00f3n, la que retomar\u00e1 su funcionamiento con horarios desde las 8 de la ma\u00f1ana hasta las 10 de la noche, con profesores durante todo el d\u00eda para poder resolver tus dudas y consultas. Te invitamos a respetar el reglamento, respetar el l\u00edmite de edad y evitar consumir alimentos dentro de la sala, evita tambi\u00e9n traer acompa\u00f1antes que interfieran el funcionamiento habitual de la sala. Los dejamos invitados a todos a retomar sus actividades f\u00edsicas con normalidad\u201d.<\/p>\n<p style=\"text-align: justify;\">La piscina del Polideportivo \u201c21 de abril\u201d ser\u00e1 uno de los espacios que tendr\u00e1 modificaci\u00f3n en los horarios, tal como lo da a conocer el profesor, Fabio Mac\u00edas. \u201cEn el \u00e1rea de piscina vamos a tener una modificaci\u00f3n en cuanto a los horarios, ahora ser\u00e1 de 8 a 13 horas y de 15 a 21 horas. Retomamos las actividades como los cursos de nataci\u00f3n, la escuela de nataci\u00f3n, los cursos de nataci\u00f3n de adultos, el Club Orcas, Tri Ays\u00e9n y en este periodo de vacaciones invitar a los ni\u00f1os, j\u00f3venes, que venga a la piscina del Polideportivo\u201d.<\/p>\n<p style=\"text-align: justify;\">Dudas o consultas sobre el funcionamiento, horarios de alg\u00fan \u00e1rea espec\u00edfica, pueden acercarse al recinto ubicado en la Ribera Sur de Puerto Ays\u00e9n o visitar el Instagram @poliaysen<\/p>\n<\/div><\/section><\/div><div  style='height:50px' class='hr hr-invisible  '><span class='hr-inner ' ><span class='hr-inner-style'><\/span><\/span><\/div><\/p>\n<div  class='av-social-sharing-box  '><div class='av-share-box'><h5 class='av-share-link-description av-no-toc '>Compartir esta noticia<\/h5><ul class='av-share-box-list noLightbox'><li class='av-share-link av-social-link-facebook' ><a target=\"_blank\" aria-label=\"Compartir en Facebook\" href='https:\/\/www.facebook.com\/sharer.php?u=https:\/\/radiorevelacionfm.cl\/?p=43893&#038;t=Este%20lunes%208%20de%20julio%20reabre%20sus%20puertas%20el%20Polideportivo%20%E2%80%9C21%20de%20abril%E2%80%9D%20de%20Puerto%20Ays%C3%A9n' aria-hidden='false' data-av_icon='\ue8f3' data-av_iconfont='entypo-fontello' title='' data-avia-related-tooltip='Compartir en Facebook' rel=\"noopener\"><span class='avia_hidden_link_text'>Compartir en Facebook<\/span><\/a><\/li><li class='av-share-link av-social-link-twitter' ><a target=\"_blank\" aria-label=\"Compartir en Twitter\" href='https:\/\/twitter.com\/share?text=Este%20lunes%208%20de%20julio%20reabre%20sus%20puertas%20el%20Polideportivo%20%E2%80%9C21%20de%20abril%E2%80%9D%20de%20Puerto%20Ays%C3%A9n&#038;url=https:\/\/radiorevelacionfm.cl\/?p=43893' aria-hidden='false' data-av_icon='\ue8f1' data-av_iconfont='entypo-fontello' title='' data-avia-related-tooltip='Compartir en Twitter' rel=\"noopener\"><span class='avia_hidden_link_text'>Compartir en Twitter<\/span><\/a><\/li><li class='av-share-link av-social-link-whatsapp' ><a target=\"_blank\" aria-label=\"Compartir en Whatsapp\" href='https:\/\/api.whatsapp.com\/send?text=https:\/\/radiorevelacionfm.cl\/?p=43893' aria-hidden='false' data-av_icon='\uf232' data-av_iconfont='entypo-fontello' title='' data-avia-related-tooltip='Compartir en Whatsapp' rel=\"noopener\"><span class='avia_hidden_link_text'>Compartir en Whatsapp<\/span><\/a><\/li><li class='av-share-link av-social-link-linkedin' ><a target=\"_blank\" aria-label=\"Compartir en LinkedIn\" href='https:\/\/linkedin.com\/shareArticle?mini=true&#038;title=Este%20lunes%208%20de%20julio%20reabre%20sus%20puertas%20el%20Polideportivo%20%E2%80%9C21%20de%20abril%E2%80%9D%20de%20Puerto%20Ays%C3%A9n&#038;url=https:\/\/radiorevelacionfm.cl\/?p=43893' aria-hidden='false' data-av_icon='\ue8fc' data-av_iconfont='entypo-fontello' title='' data-avia-related-tooltip='Compartir en LinkedIn' rel=\"noopener\"><span class='avia_hidden_link_text'>Compartir en LinkedIn<\/span><\/a><\/li><li class='av-share-link av-social-link-mail' ><a  aria-label=\"Compartir por correo\" href='mailto:?subject=Este%20lunes%208%20de%20julio%20reabre%20sus%20puertas%20el%20Polideportivo%20%E2%80%9C21%20de%20abril%E2%80%9D%20de%20Puerto%20Ays%C3%A9n&#038;body=https:\/\/radiorevelacionfm.cl\/?p=43893' aria-hidden='false' data-av_icon='\ue805' data-av_iconfont='entypo-fontello' title='' data-avia-related-tooltip='Compartir por correo'><span class='avia_hidden_link_text'>Compartir por correo<\/span><\/a><\/li><\/ul><\/div><\/div>\n<div  style='height:50px' class='hr hr-invisible  '><span class='hr-inner ' ><span class='hr-inner-style'><\/span><\/span><\/div>\n<div  class='av-buildercomment  av-blog-meta-html-info-disabled av-blog-meta-tag-disabled  '><\/div>\n","protected":false},"excerpt":{"rendered":"<p>&nbsp;<\/p>\n","protected":false},"author":1,"featured_media":43894,"comment_status":"open","ping_status":"open","sticky":false,"template":"","format":"standard","meta":{"footnotes":""},"categories":[40],"tags":[],"class_list":["post-43893","post","type-post","status-publish","format-standard","has-post-thumbnail","hentry","category-deportes"],"jetpack_featured_media_url":"https:\/\/radiorevelacionfm.cl\/wp-content\/uploads\/2024\/07\/polideportivo-3-1_optimized.jpg","_links":{"self":[{"href":"https:\/\/radiorevelacionfm.cl\/index.php?rest_route=\/wp\/v2\/posts\/43893","targetHints":{"allow":["GET"]}}],"collection":[{"href":"https:\/\/radiorevelacionfm.cl\/index.php?rest_route=\/wp\/v2\/posts"}],"about":[{"href":"https:\/\/radiorevelacionfm.cl\/index.php?rest_route=\/wp\/v2\/types\/post"}],"author":[{"embeddable":true,"href":"https:\/\/radiorevelacionfm.cl\/index.php?rest_route=\/wp\/v2\/users\/1"}],"replies":[{"embeddable":true,"href":"https:\/\/radiorevelacionfm.cl\/index.php?rest_route=%2Fwp%2Fv2%2Fcomments&post=43893"}],"version-history":[{"count":2,"href":"https:\/\/radiorevelacionfm.cl\/index.php?rest_route=\/wp\/v2\/posts\/43893\/revisions"}],"predecessor-version":[{"id":43896,"href":"https:\/\/radiorevelacionfm.cl\/index.php?rest_route=\/wp\/v2\/posts\/43893\/revisions\/43896"}],"wp:featuredmedia":[{"embeddable":true,"href":"https:\/\/radiorevelacionfm.cl\/index.php?rest_route=\/wp\/v2\/media\/43894"}],"wp:attachment":[{"href":"https:\/\/radiorevelacionfm.cl\/index.php?rest_route=%2Fwp%2Fv2%2Fmedia&parent=43893"}],"wp:term":[{"taxonomy":"category","embeddable":true,"href":"https:\/\/radiorevelacionfm.cl\/index.php?rest_route=%2Fwp%2Fv2%2Fcategories&post=43893"},{"taxonomy":"post_tag","embeddable":true,"href":"https:\/\/radiorevelacionfm.cl\/index.php?rest_route=%2Fwp%2Fv2%2Ftags&post=43893"}],"curies":[{"name":"wp","href":"https:\/\/api.w.org\/{rel}","templated":true}]}}