{"id":4389,"date":"2021-05-22T13:10:51","date_gmt":"2021-05-22T16:10:51","guid":{"rendered":"https:\/\/radiorevelacionfm.cl\/?p=4389"},"modified":"2021-05-22T13:10:51","modified_gmt":"2021-05-22T16:10:51","slug":"comunidad-de-raul-marin-balmaceda-recibe-charla-en-prevencion-de-delitos-sexuales-en-ninos-y-ninas","status":"publish","type":"post","link":"https:\/\/radiorevelacionfm.cl\/?p=4389","title":{"rendered":"Comunidad de Ra\u00fal Mar\u00edn Balmaceda recibe charla en prevenci\u00f3n de delitos sexuales en ni\u00f1os y ni\u00f1as"},"content":{"rendered":"<div class=\"flex_column av_one_full  flex_column_div av-zero-column-padding first  avia-builder-el-0  el_before_av_one_full  avia-builder-el-first  \" style='border-radius:0px; '><div  class='avia-image-container  av-styling-    avia-builder-el-1  avia-builder-el-no-sibling  avia-align-center '  itemprop=\"image\" itemscope=\"itemscope\" itemtype=\"https:\/\/schema.org\/ImageObject\"  ><div class='avia-image-container-inner'><div class='avia-image-overlay-wrap'><img decoding=\"async\" class='wp-image-0 avia-img-lazy-loading-not-0 avia_image' src=\"https:\/\/radiorevelacionfm.cl\/wp-content\/uploads\/2021\/05\/RMB_IMG-1.jpg\" alt='' title=''   itemprop=\"thumbnailUrl\"  \/><\/div><\/div><\/div><\/div><div class=\"flex_column av_one_full  flex_column_div av-zero-column-padding first  avia-builder-el-2  el_after_av_one_full  el_before_av_one_full  column-top-margin\" style='border-radius:0px; '><section class=\"av_textblock_section \"  itemscope=\"itemscope\" itemtype=\"https:\/\/schema.org\/BlogPosting\" itemprop=\"blogPost\" ><div class='avia_textblock  '   itemprop=\"text\" ><p style=\"text-align: center;\"><strong><span style=\"font-size: 18pt;\">Comunidad de Ra\u00fal Mar\u00edn Balmaceda recibe charla en prevenci\u00f3n de delitos sexuales en ni\u00f1os y ni\u00f1as <\/span><\/strong><\/p>\n<div id=\"gtx-trans\" style=\"position: absolute; left: -50px; top: 4.31534px;\">\n<div class=\"gtx-trans-icon\"><\/div>\n<\/div>\n<\/div><\/section><\/div><div class=\"flex_column av_one_full  flex_column_div av-zero-column-padding first  avia-builder-el-4  el_after_av_one_full  el_before_av_hr  column-top-margin\" style='border-radius:0px; '><section class=\"av_textblock_section \"  itemscope=\"itemscope\" itemtype=\"https:\/\/schema.org\/BlogPosting\" itemprop=\"blogPost\" ><div class='avia_textblock  '   itemprop=\"text\" ><p style=\"text-align: justify;\">Una alianza entre Junji, Seremi de Justicia y Derechos Humanos y PDI permiti\u00f3 llegar con un equipo multidisciplinario hasta Ra\u00fal Mar\u00edn Balmaceda, con una instancia de capacitaci\u00f3n denominada \u00abOrientaciones para la prevenci\u00f3n y detecci\u00f3n de abuso sexual en ni\u00f1os y ni\u00f1as, y activaci\u00f3n de protocolos institucionales JUNJI\u00bb.<\/p>\n<p class=\"v1MsoNormal\" style=\"text-align: justify;\">\u00abHoy estamos contentos de estar en Ra\u00fal Mar\u00edn Balmaceda porque hemos marcado un hito, con un trabajo regional. Hoy comenz\u00f3 una tarea importante, en el contexto de la prevenci\u00f3n y protecci\u00f3n de la vulneraci\u00f3n de derechos en ni\u00f1os y ni\u00f1as. Nos acompa\u00f1\u00f3 el Seremi de Justicia y Derechos Humanos Luis Prieto, Carabineros de Chile, PDI, la comunidad educativa del Jard\u00edn Infantil \u00abCuncunita\u00bb y la sociedad civil. Realizamos una jornada en donde nuestros profesionales junto a las instituciones p\u00fablicas, han desarrollado importantes estrategias preventivas. Es lo que nuestra vicepresidenta Adriana Gaete nos solicita, estar cerca de los jardines infantiles y resolver sus inquietudes\u00bb Se\u00f1al\u00f3 el Director Regional Sergio Herrera Hern\u00e1ndez.<\/p>\n<p class=\"v1MsoNormal\" style=\"text-align: justify;\">Esta iniciativa se enmarca en el contexto de las actividades que organiza y realiza la unidad de prevenci\u00f3n para el buen trato infantil de la subdirecci\u00f3n de calidad educativa de la Junji Ays\u00e9n.<\/p>\n<p class=\"v1MsoNormal\" style=\"text-align: justify;\">Por su parte el Seremi de Justicia y Derechos Humanos, Luis Prieto, cont\u00f3 que, en este marco de trabajo, esta es una idea que se viene forjando hace alg\u00fan tiempo entre ambas instituciones: \u00abA ra\u00edz de una reuni\u00f3n y una inquietud que ten\u00edamos en forma conjunta junto al director regional Sergio Herrera, hemos coordinado una serie de acciones en relaci\u00f3n a la detecci\u00f3n y prevenci\u00f3n del abuso sexual infantil. Siempre es importante para nosotros cumplir con el mandato de nuestro presidente Sebasti\u00e1n Pi\u00f1era de llegar a la gente y llegar con respuestas y capacitaciones\u00bb<\/p>\n<p style=\"text-align: justify;\">Una iniciativa que fue muy bienvenida por la comunidad y por el equipo educativo del jard\u00edn infantil \u00abCuncunita\u00bb de Ra\u00fal Mar\u00edn Balmaceda, as\u00ed lo dio a conocer su Directora Marilyn Illesca: \u00abEs s\u00faper importante la charla que tuvimos, porque nos permite acercar a las redes m\u00e1s externas a la localidad. Fue bueno, porque participaron los representantes de cada instituci\u00f3n y nos ayud\u00f3 a aclarar algunas dudas que hab\u00eda respecto al tema. S\u00faper positivo, porque al estar en una localidad tan, tan alejada, no hab\u00edamos tenido la oportunidad. Adem\u00e1s, as\u00ed cada entidad se acerca a la comunidad de Ra\u00fal Mar\u00edn\u00bb<\/p>\n<p class=\"v1MsoNormal\" style=\"text-align: justify;\">\u00abEs de suma importancia que la comunidad tenga conocimiento de los delitos sexuales, la tipificaci\u00f3n de estos y conocimiento para poder denunciar. Si tiene conocimiento de un delito sexual es muy importante hacer la denuncia ya que de eso se genera el antecedente para poder iniciar una investigaci\u00f3n y buscar informaci\u00f3n de todos los antecedentes que se entregan y as\u00ed poder establecer la identidad del imputado o la condena a futuro, etc\u00bb se\u00f1al\u00f3 el Inspector Jonathan Moreno, de la brigada de delitos sexuales de la PDI Ays\u00e9n.<\/p>\n<p class=\"v1MsoNormal\" style=\"text-align: justify;\">Estas capacitaciones se han planificado para su realizaci\u00f3n presencial como virtual, con todos los equipos educativos de los jardines infantiles Junji de nuestra regi\u00f3n.<\/p>\n<div id=\"jp-relatedposts\" class=\"jp-relatedposts\">\n<h3 class=\"jp-relatedposts-headline\"><\/h3>\n<\/div>\n<\/div><\/section><\/div><div  style='height:50px' class='hr hr-invisible   avia-builder-el-6  el_after_av_one_full  el_before_av_social_share '><span class='hr-inner ' ><span class='hr-inner-style'><\/span><\/span><\/div><\/p>\n<div  class='av-social-sharing-box  avia-builder-el-7  el_after_av_hr  el_before_av_hr  '><div class='av-share-box'><h5 class='av-share-link-description av-no-toc '>Compartir esta noticia<\/h5><ul class='av-share-box-list noLightbox'><li class='av-share-link av-social-link-facebook' ><a target=\"_blank\" aria-label=\"Compartir en Facebook\" href='https:\/\/www.facebook.com\/sharer.php?u=https:\/\/radiorevelacionfm.cl\/?p=4389&#038;t=Comunidad%20de%20Ra%C3%BAl%20Mar%C3%ADn%20Balmaceda%20recibe%20charla%20en%20prevenci%C3%B3n%20de%20delitos%20sexuales%20en%20ni%C3%B1os%20y%20ni%C3%B1as' aria-hidden='false' data-av_icon='\ue8f3' data-av_iconfont='entypo-fontello' title='' data-avia-related-tooltip='Compartir en Facebook' rel=\"noopener\"><span class='avia_hidden_link_text'>Compartir en Facebook<\/span><\/a><\/li><li class='av-share-link av-social-link-twitter' ><a target=\"_blank\" aria-label=\"Compartir en Twitter\" href='https:\/\/twitter.com\/share?text=Comunidad%20de%20Ra%C3%BAl%20Mar%C3%ADn%20Balmaceda%20recibe%20charla%20en%20prevenci%C3%B3n%20de%20delitos%20sexuales%20en%20ni%C3%B1os%20y%20ni%C3%B1as&#038;url=https:\/\/radiorevelacionfm.cl\/?p=4389' aria-hidden='false' data-av_icon='\ue8f1' data-av_iconfont='entypo-fontello' title='' data-avia-related-tooltip='Compartir en Twitter' rel=\"noopener\"><span class='avia_hidden_link_text'>Compartir en Twitter<\/span><\/a><\/li><li class='av-share-link av-social-link-whatsapp' ><a target=\"_blank\" aria-label=\"Compartir en Whatsapp\" href='https:\/\/api.whatsapp.com\/send?text=https:\/\/radiorevelacionfm.cl\/?p=4389' aria-hidden='false' data-av_icon='\uf232' data-av_iconfont='entypo-fontello' title='' data-avia-related-tooltip='Compartir en Whatsapp' rel=\"noopener\"><span class='avia_hidden_link_text'>Compartir en Whatsapp<\/span><\/a><\/li><li class='av-share-link av-social-link-linkedin' ><a target=\"_blank\" aria-label=\"Compartir en LinkedIn\" href='https:\/\/linkedin.com\/shareArticle?mini=true&#038;title=Comunidad%20de%20Ra%C3%BAl%20Mar%C3%ADn%20Balmaceda%20recibe%20charla%20en%20prevenci%C3%B3n%20de%20delitos%20sexuales%20en%20ni%C3%B1os%20y%20ni%C3%B1as&#038;url=https:\/\/radiorevelacionfm.cl\/?p=4389' aria-hidden='false' data-av_icon='\ue8fc' data-av_iconfont='entypo-fontello' title='' data-avia-related-tooltip='Compartir en LinkedIn' rel=\"noopener\"><span class='avia_hidden_link_text'>Compartir en LinkedIn<\/span><\/a><\/li><li class='av-share-link av-social-link-mail' ><a  aria-label=\"Compartir por correo\" href='mailto:?subject=Comunidad%20de%20Ra%C3%BAl%20Mar%C3%ADn%20Balmaceda%20recibe%20charla%20en%20prevenci%C3%B3n%20de%20delitos%20sexuales%20en%20ni%C3%B1os%20y%20ni%C3%B1as&#038;body=https:\/\/radiorevelacionfm.cl\/?p=4389' aria-hidden='false' data-av_icon='\ue805' data-av_iconfont='entypo-fontello' title='' data-avia-related-tooltip='Compartir por correo'><span class='avia_hidden_link_text'>Compartir por correo<\/span><\/a><\/li><\/ul><\/div><\/div>\n<div  style='height:50px' class='hr hr-invisible   avia-builder-el-8  el_after_av_social_share  el_before_av_comments_list '><span class='hr-inner ' ><span class='hr-inner-style'><\/span><\/span><\/div>\n<div  class='av-buildercomment  av-blog-meta-html-info-disabled av-blog-meta-tag-disabled  '><\/div>\n","protected":false},"excerpt":{"rendered":"","protected":false},"author":1,"featured_media":0,"comment_status":"open","ping_status":"open","sticky":false,"template":"","format":"standard","meta":{"footnotes":""},"categories":[49],"tags":[],"class_list":["post-4389","post","type-post","status-publish","format-standard","hentry","category-educacion"],"jetpack_featured_media_url":"","_links":{"self":[{"href":"https:\/\/radiorevelacionfm.cl\/index.php?rest_route=\/wp\/v2\/posts\/4389","targetHints":{"allow":["GET"]}}],"collection":[{"href":"https:\/\/radiorevelacionfm.cl\/index.php?rest_route=\/wp\/v2\/posts"}],"about":[{"href":"https:\/\/radiorevelacionfm.cl\/index.php?rest_route=\/wp\/v2\/types\/post"}],"author":[{"embeddable":true,"href":"https:\/\/radiorevelacionfm.cl\/index.php?rest_route=\/wp\/v2\/users\/1"}],"replies":[{"embeddable":true,"href":"https:\/\/radiorevelacionfm.cl\/index.php?rest_route=%2Fwp%2Fv2%2Fcomments&post=4389"}],"version-history":[{"count":1,"href":"https:\/\/radiorevelacionfm.cl\/index.php?rest_route=\/wp\/v2\/posts\/4389\/revisions"}],"predecessor-version":[{"id":4391,"href":"https:\/\/radiorevelacionfm.cl\/index.php?rest_route=\/wp\/v2\/posts\/4389\/revisions\/4391"}],"wp:attachment":[{"href":"https:\/\/radiorevelacionfm.cl\/index.php?rest_route=%2Fwp%2Fv2%2Fmedia&parent=4389"}],"wp:term":[{"taxonomy":"category","embeddable":true,"href":"https:\/\/radiorevelacionfm.cl\/index.php?rest_route=%2Fwp%2Fv2%2Fcategories&post=4389"},{"taxonomy":"post_tag","embeddable":true,"href":"https:\/\/radiorevelacionfm.cl\/index.php?rest_route=%2Fwp%2Fv2%2Ftags&post=4389"}],"curies":[{"name":"wp","href":"https:\/\/api.w.org\/{rel}","templated":true}]}}