{"id":43887,"date":"2024-07-05T19:11:39","date_gmt":"2024-07-05T22:11:39","guid":{"rendered":"https:\/\/radiorevelacionfm.cl\/?p=43887"},"modified":"2024-07-05T19:11:39","modified_gmt":"2024-07-05T22:11:39","slug":"fiscalia-formalizo-investigacion-por-denuncia-de-violacion-en-la-junta","status":"publish","type":"post","link":"https:\/\/radiorevelacionfm.cl\/?p=43887","title":{"rendered":"Fiscal\u00eda formaliz\u00f3 investigaci\u00f3n por denuncia de violaci\u00f3n en La Junta"},"content":{"rendered":"<div class=\"flex_column av_one_full  flex_column_div av-zero-column-padding first  avia-builder-el-0  el_before_av_one_full  avia-builder-el-first  \" style='border-radius:0px; '><div  class='avia-image-container  av-styling-    avia-builder-el-1  avia-builder-el-no-sibling  avia-align-center '  itemprop=\"image\" itemscope=\"itemscope\" itemtype=\"https:\/\/schema.org\/ImageObject\"  ><div class='avia-image-container-inner'><div class='avia-image-overlay-wrap'><img decoding=\"async\" class='wp-image-43889 avia-img-lazy-loading-not-43889 avia_image' src=\"https:\/\/radiorevelacionfm.cl\/wp-content\/uploads\/2024\/07\/17a-2-2-e1720217442290.jpg\" alt='' title='17a-2-2' height=\"616\" width=\"702\"  itemprop=\"thumbnailUrl\" srcset=\"https:\/\/radiorevelacionfm.cl\/wp-content\/uploads\/2024\/07\/17a-2-2-e1720217442290.jpg 702w, https:\/\/radiorevelacionfm.cl\/wp-content\/uploads\/2024\/07\/17a-2-2-e1720217442290-300x263.jpg 300w, https:\/\/radiorevelacionfm.cl\/wp-content\/uploads\/2024\/07\/17a-2-2-e1720217442290-450x395.jpg 450w, https:\/\/radiorevelacionfm.cl\/wp-content\/uploads\/2024\/07\/17a-2-2-e1720217442290-600x526.jpg 600w\" sizes=\"(max-width: 702px) 100vw, 702px\" \/><\/div><\/div><\/div><\/div><div class=\"flex_column av_one_full  flex_column_div av-zero-column-padding first  avia-builder-el-2  el_after_av_one_full  el_before_av_one_full  column-top-margin\" style='border-radius:0px; '><section class=\"av_textblock_section \"  itemscope=\"itemscope\" itemtype=\"https:\/\/schema.org\/BlogPosting\" itemprop=\"blogPost\" ><div class='avia_textblock  '   itemprop=\"text\" ><p style=\"text-align: center;\"><strong><span style=\"font-size: 18pt;\">Fiscal\u00eda formaliz\u00f3 investigaci\u00f3n por denuncia de violaci\u00f3n en La Junta<\/span><\/strong><\/p>\n<div id=\"gtx-trans\" style=\"position: absolute; left: -50px; top: 4.31534px;\">\n<div class=\"gtx-trans-icon\"><\/div>\n<\/div>\n<\/div><\/section><\/div><div class=\"flex_column av_one_full  flex_column_div av-zero-column-padding first  avia-builder-el-4  el_after_av_one_full  el_before_av_hr  column-top-margin\" style='border-radius:0px; '><section class=\"av_textblock_section \"  itemscope=\"itemscope\" itemtype=\"https:\/\/schema.org\/BlogPosting\" itemprop=\"blogPost\" ><div class='avia_textblock  '   itemprop=\"text\" ><p style=\"text-align: justify;\">La Fiscal\u00eda Local de Ays\u00e9n y Cisnes, formaliz\u00f3 una investigaci\u00f3n por el delito de violaci\u00f3n de una mujer mayor de edad el cual fue denunciado en La Junta, extremo norte de Ays\u00e9n, por hechos ocurridos cerca de la medianoche del domingo reci\u00e9n pasado.<\/p>\n<p style=\"text-align: justify;\">Tras solicitud del Ministerio P\u00fablico al Juzgado de Garant\u00eda de Cisnes, el imputado adolescente fue puesto en internaci\u00f3n provisoria este mi\u00e9rcoles, luego que se ampliara su detenci\u00f3n en 48 horas, seg\u00fan explic\u00f3 el fiscal Fernando Pino de la Fiscal\u00eda Local de Ays\u00e9n y Cisnes.<\/p>\n<p style=\"text-align: justify;\">\u201cEl Ministerio P\u00fablico formaliz\u00f3 una investigaci\u00f3n en contra de un adolescente ante el Juzgado de Garant\u00eda de Puerto Cisnes, por un delito de violaci\u00f3n contra un adulto cometido en La Junta el domingo 30 de junio. Por lo anterior, el Tribunal decret\u00f3 la medida cautelar de internaci\u00f3n provisoria del adolescente y un plazo de investigaci\u00f3n de 60 d\u00edas\u201d.<\/p>\n<p style=\"text-align: justify;\">En este caso, las primeras gestiones del caso fueron coordinadas por la abogada asistente Marcela Vald\u00e9s y el fiscal jefe, Pedro Poblete, quienes solicitaron diligencias investigativas a Carabineros de la Tenencia La Junta, la Brigada de Delitos Sexuales de la PDI y el Servicio M\u00e9dico Legal. Asimismo, se efectu\u00f3 un examen sexol\u00f3gico a la v\u00edctima en el Hospital Regional de Coyhaique y la afectada recibi\u00f3 el apoyo y la contenci\u00f3n de la Unidad de V\u00edctimas y Testigos de la Fiscal\u00eda.<\/p>\n<\/div><\/section><\/div><div  style='height:50px' class='hr hr-invisible   avia-builder-el-6  el_after_av_one_full  el_before_av_social_share '><span class='hr-inner ' ><span class='hr-inner-style'><\/span><\/span><\/div><\/p>\n<div  class='av-social-sharing-box  avia-builder-el-7  el_after_av_hr  el_before_av_hr  '><div class='av-share-box'><h5 class='av-share-link-description av-no-toc '>Compartir esta noticia<\/h5><ul class='av-share-box-list noLightbox'><li class='av-share-link av-social-link-facebook' ><a target=\"_blank\" aria-label=\"Compartir en Facebook\" href='https:\/\/www.facebook.com\/sharer.php?u=https:\/\/radiorevelacionfm.cl\/?p=43887&#038;t=Fiscal%C3%ADa%20formaliz%C3%B3%20investigaci%C3%B3n%20por%20denuncia%20de%20violaci%C3%B3n%20en%20La%20Junta' aria-hidden='false' data-av_icon='\ue8f3' data-av_iconfont='entypo-fontello' title='' data-avia-related-tooltip='Compartir en Facebook' rel=\"noopener\"><span class='avia_hidden_link_text'>Compartir en Facebook<\/span><\/a><\/li><li class='av-share-link av-social-link-twitter' ><a target=\"_blank\" aria-label=\"Compartir en Twitter\" href='https:\/\/twitter.com\/share?text=Fiscal%C3%ADa%20formaliz%C3%B3%20investigaci%C3%B3n%20por%20denuncia%20de%20violaci%C3%B3n%20en%20La%20Junta&#038;url=https:\/\/radiorevelacionfm.cl\/?p=43887' aria-hidden='false' data-av_icon='\ue8f1' data-av_iconfont='entypo-fontello' title='' data-avia-related-tooltip='Compartir en Twitter' rel=\"noopener\"><span class='avia_hidden_link_text'>Compartir en Twitter<\/span><\/a><\/li><li class='av-share-link av-social-link-whatsapp' ><a target=\"_blank\" aria-label=\"Compartir en Whatsapp\" href='https:\/\/api.whatsapp.com\/send?text=https:\/\/radiorevelacionfm.cl\/?p=43887' aria-hidden='false' data-av_icon='\uf232' data-av_iconfont='entypo-fontello' title='' data-avia-related-tooltip='Compartir en Whatsapp' rel=\"noopener\"><span class='avia_hidden_link_text'>Compartir en Whatsapp<\/span><\/a><\/li><li class='av-share-link av-social-link-linkedin' ><a target=\"_blank\" aria-label=\"Compartir en LinkedIn\" href='https:\/\/linkedin.com\/shareArticle?mini=true&#038;title=Fiscal%C3%ADa%20formaliz%C3%B3%20investigaci%C3%B3n%20por%20denuncia%20de%20violaci%C3%B3n%20en%20La%20Junta&#038;url=https:\/\/radiorevelacionfm.cl\/?p=43887' aria-hidden='false' data-av_icon='\ue8fc' data-av_iconfont='entypo-fontello' title='' data-avia-related-tooltip='Compartir en LinkedIn' rel=\"noopener\"><span class='avia_hidden_link_text'>Compartir en LinkedIn<\/span><\/a><\/li><li class='av-share-link av-social-link-mail' ><a  aria-label=\"Compartir por correo\" href='mailto:?subject=Fiscal%C3%ADa%20formaliz%C3%B3%20investigaci%C3%B3n%20por%20denuncia%20de%20violaci%C3%B3n%20en%20La%20Junta&#038;body=https:\/\/radiorevelacionfm.cl\/?p=43887' aria-hidden='false' data-av_icon='\ue805' data-av_iconfont='entypo-fontello' title='' data-avia-related-tooltip='Compartir por correo'><span class='avia_hidden_link_text'>Compartir por correo<\/span><\/a><\/li><\/ul><\/div><\/div>\n<div  style='height:50px' class='hr hr-invisible   avia-builder-el-8  el_after_av_social_share  el_before_av_comments_list '><span class='hr-inner ' ><span class='hr-inner-style'><\/span><\/span><\/div>\n<div  class='av-buildercomment  av-blog-meta-html-info-disabled av-blog-meta-tag-disabled  '><\/div>\n","protected":false},"excerpt":{"rendered":"","protected":false},"author":1,"featured_media":43889,"comment_status":"open","ping_status":"open","sticky":false,"template":"","format":"standard","meta":{"footnotes":""},"categories":[55],"tags":[],"class_list":["post-43887","post","type-post","status-publish","format-standard","has-post-thumbnail","hentry","category-justicia"],"jetpack_featured_media_url":"https:\/\/radiorevelacionfm.cl\/wp-content\/uploads\/2024\/07\/17a-2-2-e1720217442290.jpg","_links":{"self":[{"href":"https:\/\/radiorevelacionfm.cl\/index.php?rest_route=\/wp\/v2\/posts\/43887","targetHints":{"allow":["GET"]}}],"collection":[{"href":"https:\/\/radiorevelacionfm.cl\/index.php?rest_route=\/wp\/v2\/posts"}],"about":[{"href":"https:\/\/radiorevelacionfm.cl\/index.php?rest_route=\/wp\/v2\/types\/post"}],"author":[{"embeddable":true,"href":"https:\/\/radiorevelacionfm.cl\/index.php?rest_route=\/wp\/v2\/users\/1"}],"replies":[{"embeddable":true,"href":"https:\/\/radiorevelacionfm.cl\/index.php?rest_route=%2Fwp%2Fv2%2Fcomments&post=43887"}],"version-history":[{"count":1,"href":"https:\/\/radiorevelacionfm.cl\/index.php?rest_route=\/wp\/v2\/posts\/43887\/revisions"}],"predecessor-version":[{"id":43892,"href":"https:\/\/radiorevelacionfm.cl\/index.php?rest_route=\/wp\/v2\/posts\/43887\/revisions\/43892"}],"wp:featuredmedia":[{"embeddable":true,"href":"https:\/\/radiorevelacionfm.cl\/index.php?rest_route=\/wp\/v2\/media\/43889"}],"wp:attachment":[{"href":"https:\/\/radiorevelacionfm.cl\/index.php?rest_route=%2Fwp%2Fv2%2Fmedia&parent=43887"}],"wp:term":[{"taxonomy":"category","embeddable":true,"href":"https:\/\/radiorevelacionfm.cl\/index.php?rest_route=%2Fwp%2Fv2%2Fcategories&post=43887"},{"taxonomy":"post_tag","embeddable":true,"href":"https:\/\/radiorevelacionfm.cl\/index.php?rest_route=%2Fwp%2Fv2%2Ftags&post=43887"}],"curies":[{"name":"wp","href":"https:\/\/api.w.org\/{rel}","templated":true}]}}