{"id":43879,"date":"2024-07-06T15:34:37","date_gmt":"2024-07-06T18:34:37","guid":{"rendered":"https:\/\/radiorevelacionfm.cl\/?p=43879"},"modified":"2024-07-06T15:34:37","modified_gmt":"2024-07-06T18:34:37","slug":"club-de-puerto-aysen-busca-seguir-uniendo-a-la-region-a-traves-del-tenis","status":"publish","type":"post","link":"https:\/\/radiorevelacionfm.cl\/?p=43879","title":{"rendered":"Club de Puerto Ays\u00e9n busca seguir uniendo a la regi\u00f3n a trav\u00e9s del Tenis"},"content":{"rendered":"<div class=\"flex_column av_one_full  flex_column_div av-zero-column-padding first  avia-builder-el-0  el_before_av_one_full  avia-builder-el-first  \" style='border-radius:0px; '><div  class='avia-image-container  av-styling-    avia-builder-el-1  avia-builder-el-no-sibling  avia-align-center '  itemprop=\"image\" itemscope=\"itemscope\" itemtype=\"https:\/\/schema.org\/ImageObject\"  ><div class='avia-image-container-inner'><div class='avia-image-overlay-wrap'><img decoding=\"async\" class='wp-image-43880 avia-img-lazy-loading-not-43880 avia_image' src=\"https:\/\/radiorevelacionfm.cl\/wp-content\/uploads\/2024\/07\/AYSEN-COCHRANE-3-1-1.jpeg\" alt='' title='AYSEN COCHRANE 3 (1) (1)' height=\"600\" width=\"800\"  itemprop=\"thumbnailUrl\" srcset=\"https:\/\/radiorevelacionfm.cl\/wp-content\/uploads\/2024\/07\/AYSEN-COCHRANE-3-1-1.jpeg 800w, https:\/\/radiorevelacionfm.cl\/wp-content\/uploads\/2024\/07\/AYSEN-COCHRANE-3-1-1-300x225.jpeg 300w, https:\/\/radiorevelacionfm.cl\/wp-content\/uploads\/2024\/07\/AYSEN-COCHRANE-3-1-1-768x576.jpeg 768w, https:\/\/radiorevelacionfm.cl\/wp-content\/uploads\/2024\/07\/AYSEN-COCHRANE-3-1-1-705x529.jpeg 705w, https:\/\/radiorevelacionfm.cl\/wp-content\/uploads\/2024\/07\/AYSEN-COCHRANE-3-1-1-450x338.jpeg 450w, https:\/\/radiorevelacionfm.cl\/wp-content\/uploads\/2024\/07\/AYSEN-COCHRANE-3-1-1-600x450.jpeg 600w\" sizes=\"(max-width: 800px) 100vw, 800px\" \/><\/div><\/div><\/div><\/div><div class=\"flex_column av_one_full  flex_column_div av-zero-column-padding first  avia-builder-el-2  el_after_av_one_full  el_before_av_one_full  column-top-margin\" style='border-radius:0px; '><section class=\"av_textblock_section \"  itemscope=\"itemscope\" itemtype=\"https:\/\/schema.org\/BlogPosting\" itemprop=\"blogPost\" ><div class='avia_textblock  '   itemprop=\"text\" ><p style=\"text-align: center;\"><strong><span style=\"font-size: 18pt;\">Club de Puerto Ays\u00e9n busca seguir uniendo a la regi\u00f3n a trav\u00e9s del Tenis<\/span><\/strong><\/p>\n<div id=\"gtx-trans\" style=\"position: absolute; left: -50px; top: 4.31534px;\">\n<div class=\"gtx-trans-icon\"><\/div>\n<\/div>\n<\/div><\/section><\/div><div class=\"flex_column av_one_full  flex_column_div av-zero-column-padding first  avia-builder-el-4  el_after_av_one_full  el_before_av_hr  column-top-margin\" style='border-radius:0px; '><section class=\"av_textblock_section \"  itemscope=\"itemscope\" itemtype=\"https:\/\/schema.org\/BlogPosting\" itemprop=\"blogPost\" ><div class='avia_textblock  '   itemprop=\"text\" ><p style=\"text-align: justify;\"><em>Los partidos se jugaron en Puerto Chacabuco y los invitados llegaron desde Cochrane.<\/em><\/p>\n<p style=\"text-align: justify;\">En una jornada hist\u00f3rica y en el marco del Primer Torneo de Tenis realizado en Puerto Chacabuco, hace algunos d\u00edas se realiz\u00f3 el abierto de dobles con jugadores de Puerto Ays\u00e9n y la participaci\u00f3n especial de representantes de la comuna de Cochrane.<\/p>\n<p style=\"text-align: justify;\">En forma paralela, se realiz\u00f3 un torneo Sub 14, la competencia del doble adultos, se la adjudic\u00f3 la pareja proveniente de la comuna de Cochrane y el campe\u00f3n de la categor\u00eda sub 14 fue Mateo Gatica de Puerto Ays\u00e9n.<\/p>\n<p style=\"text-align: justify;\"><strong>PODIO CATEGOR\u00cdA DOBLES.<\/strong><\/p>\n<p style=\"text-align: justify;\">1\u00b0 lugar Pablo Flores\/Gaston Fuentes (Cochrane)<\/p>\n<p style=\"text-align: justify;\">2\u00b0 lugar Ignacio Valenzuela\/Claudio Vargas (Ays\u00e9n)<\/p>\n<p style=\"text-align: justify;\">3\u00b0 lugar Jorge Ballesteros\/V\u00edctor Ballesteros (Ays\u00e9n)<\/p>\n<p style=\"text-align: justify;\"><strong>PODIO CATEGOR\u00cdA NOVICIOS<\/strong><\/p>\n<p style=\"text-align: justify;\">1\u00b0 lugar Mateo Gatica (Ays\u00e9n)<\/p>\n<p style=\"text-align: justify;\">2\u00b0 lugar Juli\u00e1n Abarca (Ays\u00e9n)<\/p>\n<p style=\"text-align: justify;\">3\u00b0 lugar An\u00edbal Abarca (Ays\u00e9n)<\/p>\n<p style=\"text-align: justify;\">\u201cEstamos muy contentos con la participaci\u00f3n en el torneo de tenis de dobles, fue un largo trayecto desde Cochrane hasta Puerto Ays\u00e9n, dadas las condiciones de transito que hubo durante estos d\u00edas. Sin embargo, a penas llegamos tuvimos una muy buena acogida por parte de los chiquillos en el gimnasio de Chacabuco, ambas jornadas muy provechosas para la pr\u00e1ctica del deporte y el desarrollo del torneo, actividad que se dio en el contexto de mucha camarader\u00eda. En ese sentido estamos muy agradecidos, sobre todo de Ignacio y de Francisco, con quienes conversamos directamente en el lugar\u201d, manifest\u00f3, Gast\u00f3n fuentes, jugador de Cochrane, parte de la pareja campeona del doble.<\/p>\n<p style=\"text-align: justify;\">El Club de Tenis Puerto Ays\u00e9n quiso agradecer profundamente al Club \u00a0femenino Fiordo de Puerto Chacabuco por facilitar el gimnasio con el cual ellas cuentan para la pr\u00e1ctica del futbol, \u201cde un tiempo hasta ahora se ha estado trabajando de manera colaborativa entre ambos clubes y eso se valora demasiado ya que el gimnasio cuenta hoy con una cancha de tenis la cual se ha convertido en la \u00fanica de la comuna\u201d, tambi\u00e9n, \u201cqueremos agradecer \u00a0a <a href=\"https:\/\/www.facebook.com\/profile.php?id=100066340316918&amp;__cft__%5b0%5d=AZVDzMATpNeVLYh_r6sn8IOsipFAV5ixxUXPS3Cl20KRawRPLcCT3ubfaD8rRqn3rlHfpCVtSROklnZyGfifw_NySNTo5aHPvcAKu_PoJGPz2c7DDAEObzwyG8Yoq_IowVVOSUy3lrXH6TVt4Ntyw8ueQqcy31Ds8GAkzNErorlfek7l0NDwRR57SMX1Ftx5Rds&amp;__tn__=-%5dK-R\">Minimarket El Galp\u00f3n<\/a>, por su gran aporte en hidrataci\u00f3n y colaciones para todos los participantes\u201d, comento el presidente del club de tenis de Ays\u00e9n, Francisco Ibera.<\/p>\n<p style=\"text-align: justify;\">Felices de poder continuar con actividades que incluyan a jugadores de otras comunas de la regi\u00f3n, se mostr\u00f3 el tesorero del club local, Ignacio Valenzuela.<\/p>\n<p style=\"text-align: justify;\">\u201cComo directiva del club de tenis estamos muy contentos de poder realizar este tipo de actividades en la comuna, sobre todo cuando tienes una alta convocatoria de participantes mas aun si llegan de otras comunas como ocurri\u00f3 en esta ocasi\u00f3n en la cual contamos con 4 jugadores de la comuna de Cochrane lo que demuestra el inter\u00e9s por este deporte en la regi\u00f3n. Este es el 4\u00b0 torneo que realizamos desde que se retomo el club en la comuna de Ays\u00e9n incluido un torneo en el aniversario de la comuna lo que nos motiva a seguir realizando actividades relacionadas con el tenis\u201d, puntualiz\u00f3.<\/p>\n<\/div><\/section><\/div><div  style='height:50px' class='hr hr-invisible   avia-builder-el-6  el_after_av_one_full  el_before_av_social_share '><span class='hr-inner ' ><span class='hr-inner-style'><\/span><\/span><\/div><\/p>\n<div  class='av-social-sharing-box  avia-builder-el-7  el_after_av_hr  el_before_av_hr  '><div class='av-share-box'><h5 class='av-share-link-description av-no-toc '>Compartir esta noticia<\/h5><ul class='av-share-box-list noLightbox'><li class='av-share-link av-social-link-facebook' ><a target=\"_blank\" aria-label=\"Compartir en Facebook\" href='https:\/\/www.facebook.com\/sharer.php?u=https:\/\/radiorevelacionfm.cl\/?p=43879&#038;t=Club%20de%20Puerto%20Ays%C3%A9n%20busca%20seguir%20uniendo%20a%20la%20regi%C3%B3n%20a%20trav%C3%A9s%20del%20Tenis' aria-hidden='false' data-av_icon='\ue8f3' data-av_iconfont='entypo-fontello' title='' data-avia-related-tooltip='Compartir en Facebook' rel=\"noopener\"><span class='avia_hidden_link_text'>Compartir en Facebook<\/span><\/a><\/li><li class='av-share-link av-social-link-twitter' ><a target=\"_blank\" aria-label=\"Compartir en Twitter\" href='https:\/\/twitter.com\/share?text=Club%20de%20Puerto%20Ays%C3%A9n%20busca%20seguir%20uniendo%20a%20la%20regi%C3%B3n%20a%20trav%C3%A9s%20del%20Tenis&#038;url=https:\/\/radiorevelacionfm.cl\/?p=43879' aria-hidden='false' data-av_icon='\ue8f1' data-av_iconfont='entypo-fontello' title='' data-avia-related-tooltip='Compartir en Twitter' rel=\"noopener\"><span class='avia_hidden_link_text'>Compartir en Twitter<\/span><\/a><\/li><li class='av-share-link av-social-link-whatsapp' ><a target=\"_blank\" aria-label=\"Compartir en Whatsapp\" href='https:\/\/api.whatsapp.com\/send?text=https:\/\/radiorevelacionfm.cl\/?p=43879' aria-hidden='false' data-av_icon='\uf232' data-av_iconfont='entypo-fontello' title='' data-avia-related-tooltip='Compartir en Whatsapp' rel=\"noopener\"><span class='avia_hidden_link_text'>Compartir en Whatsapp<\/span><\/a><\/li><li class='av-share-link av-social-link-linkedin' ><a target=\"_blank\" aria-label=\"Compartir en LinkedIn\" href='https:\/\/linkedin.com\/shareArticle?mini=true&#038;title=Club%20de%20Puerto%20Ays%C3%A9n%20busca%20seguir%20uniendo%20a%20la%20regi%C3%B3n%20a%20trav%C3%A9s%20del%20Tenis&#038;url=https:\/\/radiorevelacionfm.cl\/?p=43879' aria-hidden='false' data-av_icon='\ue8fc' data-av_iconfont='entypo-fontello' title='' data-avia-related-tooltip='Compartir en LinkedIn' rel=\"noopener\"><span class='avia_hidden_link_text'>Compartir en LinkedIn<\/span><\/a><\/li><li class='av-share-link av-social-link-mail' ><a  aria-label=\"Compartir por correo\" href='mailto:?subject=Club%20de%20Puerto%20Ays%C3%A9n%20busca%20seguir%20uniendo%20a%20la%20regi%C3%B3n%20a%20trav%C3%A9s%20del%20Tenis&#038;body=https:\/\/radiorevelacionfm.cl\/?p=43879' aria-hidden='false' data-av_icon='\ue805' data-av_iconfont='entypo-fontello' title='' data-avia-related-tooltip='Compartir por correo'><span class='avia_hidden_link_text'>Compartir por correo<\/span><\/a><\/li><\/ul><\/div><\/div>\n<div  style='height:50px' class='hr hr-invisible   avia-builder-el-8  el_after_av_social_share  el_before_av_comments_list '><span class='hr-inner ' ><span class='hr-inner-style'><\/span><\/span><\/div>\n<div  class='av-buildercomment  av-blog-meta-html-info-disabled av-blog-meta-tag-disabled  '><\/div>\n","protected":false},"excerpt":{"rendered":"","protected":false},"author":1,"featured_media":43880,"comment_status":"open","ping_status":"open","sticky":false,"template":"","format":"standard","meta":{"footnotes":""},"categories":[40],"tags":[],"class_list":["post-43879","post","type-post","status-publish","format-standard","has-post-thumbnail","hentry","category-deportes"],"jetpack_featured_media_url":"https:\/\/radiorevelacionfm.cl\/wp-content\/uploads\/2024\/07\/AYSEN-COCHRANE-3-1-1.jpeg","_links":{"self":[{"href":"https:\/\/radiorevelacionfm.cl\/index.php?rest_route=\/wp\/v2\/posts\/43879","targetHints":{"allow":["GET"]}}],"collection":[{"href":"https:\/\/radiorevelacionfm.cl\/index.php?rest_route=\/wp\/v2\/posts"}],"about":[{"href":"https:\/\/radiorevelacionfm.cl\/index.php?rest_route=\/wp\/v2\/types\/post"}],"author":[{"embeddable":true,"href":"https:\/\/radiorevelacionfm.cl\/index.php?rest_route=\/wp\/v2\/users\/1"}],"replies":[{"embeddable":true,"href":"https:\/\/radiorevelacionfm.cl\/index.php?rest_route=%2Fwp%2Fv2%2Fcomments&post=43879"}],"version-history":[{"count":1,"href":"https:\/\/radiorevelacionfm.cl\/index.php?rest_route=\/wp\/v2\/posts\/43879\/revisions"}],"predecessor-version":[{"id":43881,"href":"https:\/\/radiorevelacionfm.cl\/index.php?rest_route=\/wp\/v2\/posts\/43879\/revisions\/43881"}],"wp:featuredmedia":[{"embeddable":true,"href":"https:\/\/radiorevelacionfm.cl\/index.php?rest_route=\/wp\/v2\/media\/43880"}],"wp:attachment":[{"href":"https:\/\/radiorevelacionfm.cl\/index.php?rest_route=%2Fwp%2Fv2%2Fmedia&parent=43879"}],"wp:term":[{"taxonomy":"category","embeddable":true,"href":"https:\/\/radiorevelacionfm.cl\/index.php?rest_route=%2Fwp%2Fv2%2Fcategories&post=43879"},{"taxonomy":"post_tag","embeddable":true,"href":"https:\/\/radiorevelacionfm.cl\/index.php?rest_route=%2Fwp%2Fv2%2Ftags&post=43879"}],"curies":[{"name":"wp","href":"https:\/\/api.w.org\/{rel}","templated":true}]}}