{"id":43876,"date":"2024-07-06T13:59:43","date_gmt":"2024-07-06T16:59:43","guid":{"rendered":"https:\/\/radiorevelacionfm.cl\/?p=43876"},"modified":"2024-07-06T13:59:43","modified_gmt":"2024-07-06T16:59:43","slug":"internas-de-la-carcel-de-coyhaique-se-certifican-en-curso-de-manicure-y-pedicure","status":"publish","type":"post","link":"https:\/\/radiorevelacionfm.cl\/?p=43876","title":{"rendered":"Internas de la C\u00e1rcel de Coyhaique se certifican en curso de Manicure y Pedicure"},"content":{"rendered":"<div class=\"flex_column av_one_full  flex_column_div av-zero-column-padding first  avia-builder-el-0  el_before_av_one_full  avia-builder-el-first  \" style='border-radius:0px; '><div  class='avia-image-container  av-styling-    avia-builder-el-1  avia-builder-el-no-sibling  avia-align-center '  itemprop=\"image\" itemscope=\"itemscope\" itemtype=\"https:\/\/schema.org\/ImageObject\"  ><div class='avia-image-container-inner'><div class='avia-image-overlay-wrap'><img decoding=\"async\" class='wp-image-43877 avia-img-lazy-loading-not-43877 avia_image' src=\"https:\/\/radiorevelacionfm.cl\/wp-content\/uploads\/2024\/07\/6-48-1-1.jpg\" alt='' title='6 (48) (1) (1)' height=\"600\" width=\"900\"  itemprop=\"thumbnailUrl\" srcset=\"https:\/\/radiorevelacionfm.cl\/wp-content\/uploads\/2024\/07\/6-48-1-1.jpg 900w, https:\/\/radiorevelacionfm.cl\/wp-content\/uploads\/2024\/07\/6-48-1-1-300x200.jpg 300w, https:\/\/radiorevelacionfm.cl\/wp-content\/uploads\/2024\/07\/6-48-1-1-768x512.jpg 768w, https:\/\/radiorevelacionfm.cl\/wp-content\/uploads\/2024\/07\/6-48-1-1-705x470.jpg 705w, https:\/\/radiorevelacionfm.cl\/wp-content\/uploads\/2024\/07\/6-48-1-1-450x300.jpg 450w, https:\/\/radiorevelacionfm.cl\/wp-content\/uploads\/2024\/07\/6-48-1-1-600x400.jpg 600w\" sizes=\"(max-width: 900px) 100vw, 900px\" \/><\/div><\/div><\/div><\/div><div class=\"flex_column av_one_full  flex_column_div av-zero-column-padding first  avia-builder-el-2  el_after_av_one_full  el_before_av_one_full  column-top-margin\" style='border-radius:0px; '><section class=\"av_textblock_section \"  itemscope=\"itemscope\" itemtype=\"https:\/\/schema.org\/BlogPosting\" itemprop=\"blogPost\" ><div class='avia_textblock  '   itemprop=\"text\" ><p style=\"text-align: center;\"><span style=\"font-size: 18pt;\"><strong>Internas de la C\u00e1rcel de Coyhaique se certifican en curso de Manicure y Pedicure<\/strong><\/span><\/p>\n<div id=\"gtx-trans\" style=\"position: absolute; left: -50px; top: 4.31534px;\">\n<div class=\"gtx-trans-icon\"><\/div>\n<\/div>\n<\/div><\/section><\/div><div class=\"flex_column av_one_full  flex_column_div av-zero-column-padding first  avia-builder-el-4  el_after_av_one_full  el_before_av_hr  column-top-margin\" style='border-radius:0px; '><section class=\"av_textblock_section \"  itemscope=\"itemscope\" itemtype=\"https:\/\/schema.org\/BlogPosting\" itemprop=\"blogPost\" ><div class='avia_textblock  '   itemprop=\"text\" ><p style=\"text-align: justify;\">Emocionadas y agradecidas se mostraron las internas del Centro Penitenciario de Coyhaique al recibir su diploma de certificaci\u00f3n, del curso de Manicure y Pedicure, instancia en la que fueron acompa\u00f1adas de diversas autoridades locales, entre ellas: el Seremi de Justicia, Samuel Navarro Castro, la Seremi de la Mujer y la Equidad de G\u00e9nero, Andrea M\u00e9ndez Valenzuela, la directora de SernamEG, Patricia Baeza Cabezas, \u00a0la Alcaide (s) del Centro de Cumplimiento Penitenciario de Coyhaique, \u00a0comandante Ingrid Almonacid, \u00a0y la concejala del municipio de Coyhaique, Johanna Hern\u00e1ndez.<\/p>\n<p style=\"text-align: justify;\">Una iniciativa materializada a trav\u00e9s del programa de Transferencia al Sector P\u00fablico entre SENCE y Gendarmer\u00eda, en respuesta a las demandas de las propias internas del centro penitenciario, que permiti\u00f3 concretar la realizaci\u00f3n de este curso de 110 horas, en la tem\u00e1tica de Manicure y Pedicure, lo que sin duda es un gran aporte al desarrollo laboral y reinserci\u00f3n social de las participantes.<\/p>\n<p style=\"text-align: justify;\">Prop\u00f3sito que se logr\u00f3 concretar gracias al trabajo intersectorial emanado de la <em>Mesa de Mujeres Privadas de Libertad<\/em>, encabezada por la Seremi de la Mujer y la Equidad de G\u00e9nero, instancia de coordinaci\u00f3n, que ha permitido intencionar acciones y proponer alianzas para responder a las necesidades de las internas, mediante la coordinaci\u00f3n p\u00fablico \u2013 privada, aportando sin duda desde la formaci\u00f3n (en este caso), apropiaci\u00f3n de competencias, \u00a0empleabilidad laboral y desarrollo personal de las internas.<\/p>\n<p style=\"text-align: justify;\">\u00abDe esta iniciativa destacamos que fue requerida por las mismas mujeres privadas de libertad en las diferentes visitas que hemos realizado desde que asumimos como gobierno. Desde all\u00ed, pudimos instalar dicha necesidad con SENCE y Gendarmer\u00eda, ambas instituciones que atendieron r\u00e1pidamente y terminaron desarrollando un curso tendiente a ampliar las habilidades y competencias de las mujeres\u00bb, indic\u00f3 Andrea M\u00e9ndez Valenzuela, Seremi de la Mujer y la Equidad de G\u00e9nero de Ays\u00e9n.<\/p>\n<p style=\"text-align: justify;\">Sin duda, una iniciativa que incorpora la transversalizaci\u00f3n de la perspectiva de g\u00e9nero y pone en valor, el derecho fundamental de acercar la capacitaci\u00f3n a todos los espacios en que se desenvuelven las mujeres, y que permite entregar herramientas concretas para el futuro desarrollo laboral de las participantes.<\/p>\n<p style=\"text-align: justify;\">As\u00ed lo relev\u00f3 el Seremi de Justicia, Samuel Navarro Castro, quien indic\u00f3: \u201cFueron varias horas de trabajo, que contempl\u00f3 adem\u00e1s la entrega de insumos, materiales para que ellas puedan ejercer en un futuro pr\u00f3ximo este oficio, por lo que nos parece importante dar estas posibilidades de reinserci\u00f3n laboral a las personas privadas de libertad, por lo que esperamos en lo que resta de este a\u00f1o, seguir fortaleciendo la reinserci\u00f3n, que es el aporte del sector justicia a la seguridad p\u00fablica\u201d, indic\u00f3.<\/p>\n<p style=\"text-align: justify;\">As\u00ed tambi\u00e9n, la Alcaide (s) del Centro de Cumplimiento Penitenciario de Coyhaique comandante Ingrid Almonacid, agradeci\u00f3 la realizaci\u00f3n de este curso, indicando que: \u201cEsperamos vengan m\u00e1s capacitaciones en los cuales ellas se sientan identificadas y les permitan tener herramientas para desarrollar actividades en el exterior\u201d, valoraci\u00f3n que compartieron las mujeres participantes, \u00a0quienes agradecieron la instancia facilitada por las instituciones patrocinadoras, destacando la oportunidad de contar con esta capacitaci\u00f3n dentro del recinto, as\u00ed como tambi\u00e9n, la posibilidad de contar con nuevas capacidades, permiti\u00e9ndoles proyectarse en el futuro.<\/p>\n<p style=\"text-align: justify;\">Finalmente, cabe destacar que el proceso formativo es parte de la l\u00ednea de capacitaci\u00f3n que impulsa el SENCE, que busca entregar capacidades para que las mujeres una vez al salir del recinto penitenciario, logren mejorar su calidad de vida. As\u00ed lo indic\u00f3 Nelson Garrido, director regional del SENCE, quien adem\u00e1s destac\u00f3 que la misi\u00f3n fundamental del servicio es recoger las necesidades y problem\u00e1ticas laborales de la sociedad, en sus diversos espacios, para que, a partir de las mismas, se orienten esfuerzos, que permitan lograr un sistema de relaciones laborales que privilegien la cooperaci\u00f3n entre los actores involucrados.<\/p>\n<\/div><\/section><\/div><div  style='height:50px' class='hr hr-invisible   avia-builder-el-6  el_after_av_one_full  el_before_av_social_share '><span class='hr-inner ' ><span class='hr-inner-style'><\/span><\/span><\/div><\/p>\n<div  class='av-social-sharing-box  avia-builder-el-7  el_after_av_hr  el_before_av_hr  '><div class='av-share-box'><h5 class='av-share-link-description av-no-toc '>Compartir esta noticia<\/h5><ul class='av-share-box-list noLightbox'><li class='av-share-link av-social-link-facebook' ><a target=\"_blank\" aria-label=\"Compartir en Facebook\" href='https:\/\/www.facebook.com\/sharer.php?u=https:\/\/radiorevelacionfm.cl\/?p=43876&#038;t=Internas%20de%20la%20C%C3%A1rcel%20de%20Coyhaique%20se%20certifican%20en%20curso%20de%20Manicure%20y%20Pedicure' aria-hidden='false' data-av_icon='\ue8f3' data-av_iconfont='entypo-fontello' title='' data-avia-related-tooltip='Compartir en Facebook' rel=\"noopener\"><span class='avia_hidden_link_text'>Compartir en Facebook<\/span><\/a><\/li><li class='av-share-link av-social-link-twitter' ><a target=\"_blank\" aria-label=\"Compartir en Twitter\" href='https:\/\/twitter.com\/share?text=Internas%20de%20la%20C%C3%A1rcel%20de%20Coyhaique%20se%20certifican%20en%20curso%20de%20Manicure%20y%20Pedicure&#038;url=https:\/\/radiorevelacionfm.cl\/?p=43876' aria-hidden='false' data-av_icon='\ue8f1' data-av_iconfont='entypo-fontello' title='' data-avia-related-tooltip='Compartir en Twitter' rel=\"noopener\"><span class='avia_hidden_link_text'>Compartir en Twitter<\/span><\/a><\/li><li class='av-share-link av-social-link-whatsapp' ><a target=\"_blank\" aria-label=\"Compartir en Whatsapp\" href='https:\/\/api.whatsapp.com\/send?text=https:\/\/radiorevelacionfm.cl\/?p=43876' aria-hidden='false' data-av_icon='\uf232' data-av_iconfont='entypo-fontello' title='' data-avia-related-tooltip='Compartir en Whatsapp' rel=\"noopener\"><span class='avia_hidden_link_text'>Compartir en Whatsapp<\/span><\/a><\/li><li class='av-share-link av-social-link-linkedin' ><a target=\"_blank\" aria-label=\"Compartir en LinkedIn\" href='https:\/\/linkedin.com\/shareArticle?mini=true&#038;title=Internas%20de%20la%20C%C3%A1rcel%20de%20Coyhaique%20se%20certifican%20en%20curso%20de%20Manicure%20y%20Pedicure&#038;url=https:\/\/radiorevelacionfm.cl\/?p=43876' aria-hidden='false' data-av_icon='\ue8fc' data-av_iconfont='entypo-fontello' title='' data-avia-related-tooltip='Compartir en LinkedIn' rel=\"noopener\"><span class='avia_hidden_link_text'>Compartir en LinkedIn<\/span><\/a><\/li><li class='av-share-link av-social-link-mail' ><a  aria-label=\"Compartir por correo\" href='mailto:?subject=Internas%20de%20la%20C%C3%A1rcel%20de%20Coyhaique%20se%20certifican%20en%20curso%20de%20Manicure%20y%20Pedicure&#038;body=https:\/\/radiorevelacionfm.cl\/?p=43876' aria-hidden='false' data-av_icon='\ue805' data-av_iconfont='entypo-fontello' title='' data-avia-related-tooltip='Compartir por correo'><span class='avia_hidden_link_text'>Compartir por correo<\/span><\/a><\/li><\/ul><\/div><\/div>\n<div  style='height:50px' class='hr hr-invisible   avia-builder-el-8  el_after_av_social_share  el_before_av_comments_list '><span class='hr-inner ' ><span class='hr-inner-style'><\/span><\/span><\/div>\n<div  class='av-buildercomment  av-blog-meta-html-info-disabled av-blog-meta-tag-disabled  '><\/div>\n","protected":false},"excerpt":{"rendered":"","protected":false},"author":1,"featured_media":43877,"comment_status":"open","ping_status":"open","sticky":false,"template":"","format":"standard","meta":{"footnotes":""},"categories":[38],"tags":[],"class_list":["post-43876","post","type-post","status-publish","format-standard","has-post-thumbnail","hentry","category-regional"],"jetpack_featured_media_url":"https:\/\/radiorevelacionfm.cl\/wp-content\/uploads\/2024\/07\/6-48-1-1.jpg","_links":{"self":[{"href":"https:\/\/radiorevelacionfm.cl\/index.php?rest_route=\/wp\/v2\/posts\/43876","targetHints":{"allow":["GET"]}}],"collection":[{"href":"https:\/\/radiorevelacionfm.cl\/index.php?rest_route=\/wp\/v2\/posts"}],"about":[{"href":"https:\/\/radiorevelacionfm.cl\/index.php?rest_route=\/wp\/v2\/types\/post"}],"author":[{"embeddable":true,"href":"https:\/\/radiorevelacionfm.cl\/index.php?rest_route=\/wp\/v2\/users\/1"}],"replies":[{"embeddable":true,"href":"https:\/\/radiorevelacionfm.cl\/index.php?rest_route=%2Fwp%2Fv2%2Fcomments&post=43876"}],"version-history":[{"count":1,"href":"https:\/\/radiorevelacionfm.cl\/index.php?rest_route=\/wp\/v2\/posts\/43876\/revisions"}],"predecessor-version":[{"id":43878,"href":"https:\/\/radiorevelacionfm.cl\/index.php?rest_route=\/wp\/v2\/posts\/43876\/revisions\/43878"}],"wp:featuredmedia":[{"embeddable":true,"href":"https:\/\/radiorevelacionfm.cl\/index.php?rest_route=\/wp\/v2\/media\/43877"}],"wp:attachment":[{"href":"https:\/\/radiorevelacionfm.cl\/index.php?rest_route=%2Fwp%2Fv2%2Fmedia&parent=43876"}],"wp:term":[{"taxonomy":"category","embeddable":true,"href":"https:\/\/radiorevelacionfm.cl\/index.php?rest_route=%2Fwp%2Fv2%2Fcategories&post=43876"},{"taxonomy":"post_tag","embeddable":true,"href":"https:\/\/radiorevelacionfm.cl\/index.php?rest_route=%2Fwp%2Fv2%2Ftags&post=43876"}],"curies":[{"name":"wp","href":"https:\/\/api.w.org\/{rel}","templated":true}]}}