{"id":43873,"date":"2024-07-06T12:33:24","date_gmt":"2024-07-06T15:33:24","guid":{"rendered":"https:\/\/radiorevelacionfm.cl\/?p=43873"},"modified":"2024-07-06T22:09:12","modified_gmt":"2024-07-07T01:09:12","slug":"vecinos-de-el-balseo-dan-cuenta-de-principales-necesidades-del-sector-al-alcalde-julio-uribe-esperan-contar-con-una-sede-social-y-un-paseo-publico-e-historico-para-potenciar-el-turismo","status":"publish","type":"post","link":"https:\/\/radiorevelacionfm.cl\/?p=43873","title":{"rendered":"Vecinos de El Balseo dan cuenta de principales necesidades del sector al alcalde Uribe, esperan contar con una sede social y un paseo p\u00fablico e hist\u00f3rico para potenciar el turismo"},"content":{"rendered":"<div class=\"flex_column av_one_full  flex_column_div av-zero-column-padding first  avia-builder-el-0  el_before_av_one_full  avia-builder-el-first  \" style='border-radius:0px; '><div  class='avia-image-container  av-styling-    avia-builder-el-1  avia-builder-el-no-sibling  avia-align-center '  itemprop=\"image\" itemscope=\"itemscope\" itemtype=\"https:\/\/schema.org\/ImageObject\"  ><div class='avia-image-container-inner'><div class='avia-image-overlay-wrap'><img decoding=\"async\" class='wp-image-43874 avia-img-lazy-loading-not-43874 avia_image' src=\"https:\/\/radiorevelacionfm.cl\/wp-content\/uploads\/2024\/07\/balseo2-1_optimized.jpg\" alt='' title='balseo2-(1)_optimized' height=\"600\" width=\"1067\"  itemprop=\"thumbnailUrl\" srcset=\"https:\/\/radiorevelacionfm.cl\/wp-content\/uploads\/2024\/07\/balseo2-1_optimized.jpg 1067w, https:\/\/radiorevelacionfm.cl\/wp-content\/uploads\/2024\/07\/balseo2-1_optimized-300x169.jpg 300w, https:\/\/radiorevelacionfm.cl\/wp-content\/uploads\/2024\/07\/balseo2-1_optimized-1030x579.jpg 1030w, https:\/\/radiorevelacionfm.cl\/wp-content\/uploads\/2024\/07\/balseo2-1_optimized-768x432.jpg 768w, https:\/\/radiorevelacionfm.cl\/wp-content\/uploads\/2024\/07\/balseo2-1_optimized-705x396.jpg 705w, https:\/\/radiorevelacionfm.cl\/wp-content\/uploads\/2024\/07\/balseo2-1_optimized-450x253.jpg 450w, https:\/\/radiorevelacionfm.cl\/wp-content\/uploads\/2024\/07\/balseo2-1_optimized-600x337.jpg 600w\" sizes=\"(max-width: 1067px) 100vw, 1067px\" \/><\/div><\/div><\/div><\/div>\n<div class=\"flex_column av_one_full  flex_column_div av-zero-column-padding first  avia-builder-el-2  el_after_av_one_full  el_before_av_one_full  column-top-margin\" style='border-radius:0px; '><section class=\"av_textblock_section \"  itemscope=\"itemscope\" itemtype=\"https:\/\/schema.org\/BlogPosting\" itemprop=\"blogPost\" ><div class='avia_textblock  '   itemprop=\"text\" ><p style=\"text-align: center;\"><strong><span style=\"font-size: 18pt;\">Vecinos de El Balseo dan cuenta de principales necesidades del sector al alcalde Uribe, esperan contar con una sede social y un paseo p\u00fablico e hist\u00f3rico para potenciar el turismo<\/span><\/strong><\/p>\n<div id=\"gtx-trans\" style=\"position: absolute; left: -50px; top: 4.31534px;\">\n<div class=\"gtx-trans-icon\"><\/div>\n<\/div>\n<\/div><\/section><\/div><div class=\"flex_column av_one_full  flex_column_div av-zero-column-padding first  avia-builder-el-4  el_after_av_one_full  el_before_av_hr  column-top-margin\" style='border-radius:0px; '><section class=\"av_textblock_section \"  itemscope=\"itemscope\" itemtype=\"https:\/\/schema.org\/BlogPosting\" itemprop=\"blogPost\" ><div class='avia_textblock  '   itemprop=\"text\" ><p style=\"text-align: justify;\"><em>Esperan contar con una sede social y un paseo p\u00fablico e hist\u00f3rico para potenciar el turismo.<\/em><\/p>\n<p style=\"text-align: justify;\">El Balseo, sector ubicado a 20 kil\u00f3metros de la ruta 240 Ays\u00e9n \u2013 Coyhaique, cuenta con nueva directiva, quienes pretenden realizar todas las gestiones necesarias para potenciar el lugar, como una zona tur\u00edstica y un \u00e1rea cada vez m\u00e1s agradable y segura para sus residentes.<\/p>\n<p style=\"text-align: justify;\">En ese sentido, solicitaron una reuni\u00f3n con el Alcalde de la comuna, Julio Uribe Alvarado, a quien dieron cuenta de las m\u00e1s urgentes necesidades, algunas de ellas que pueden ser abordadas prontamente como, mejorar algunas luminarias y el retiro de residuos menores.<\/p>\n<p style=\"text-align: justify;\">Algo que anhelan para realizar sus reuniones y actividades como pobladores es una sede comunitaria, as\u00ed lo manifest\u00f3 la presidenta de la junta de vecinos del Km. 20 sector El Balseo, Ruby Valdivieso.<\/p>\n<p style=\"text-align: justify;\">\u201cLo m\u00e1s importante de todo es, tener una sede, porque tenemos que hacer las reuniones aqu\u00ed afuera, con el frio y con los vecinos igual nos juntamos ac\u00e1, entonces, eso es lo m\u00e1s prioritario y esperamos que nos salga, tenemos toda la fe de que ser\u00e1 as\u00ed. Me gust\u00f3 mucho que el Alcalde nos haya escuchado y haya venido a este sector, que lo encuentro que es muy importante, est\u00e1 preocupado de las necesidades que tenemos, aunque seamos poquitos, pero hay una importancia y eso se valora mucho\u201d.<\/p>\n<p style=\"text-align: justify;\">La presidenta de la junta de vecinos del sector El Balseo, afirm\u00f3 que est\u00e1n muy claros de los procesos que debe seguir un proyecto como una sede social, que no es algo inmediato, pero para ellos se mantiene como una necesidad y conf\u00edan en las gestiones de la primera autoridad comunal.<\/p>\n<p style=\"text-align: justify;\">\u201cNosotros estamos conscientes de que eso se va a demorar, no es de la noche a la ma\u00f1ana, puede que pase un a\u00f1o, dos a\u00f1os, pero en el fondo, ya se est\u00e1 haciendo una gesti\u00f3n, que eso es s\u00faper importante y que nos escuch\u00f3 el Alcalde y eso para m\u00ed es s\u00faper bueno. Lo dejamos comprometido con todo lo planteado hoy d\u00eda y por eso encuentro muy bueno que el Alcalde haya venido, nos haya escuchado, porque es una necesidad de todos los vecinos y eso lo agradezco mucho\u201d.<\/p>\n<p style=\"text-align: justify;\">Otro importante planteamiento de los vecinos del Km.20 al Alcalde Julio Uribe, es iniciar las gestiones para crear un paseo p\u00fablico e hist\u00f3rico en medio del sector, justo en el frontis de la recordada escuela \u2013 internado de El Balseo, un punto que durante todo el a\u00f1o es visitado por ex alumnos y alumnas, como as\u00ed tambi\u00e9n, por turistas que recorren la regi\u00f3n de Ays\u00e9n.<\/p>\n<p><strong>\u00a0<\/strong><\/p>\n<\/div><\/section><\/div><\/p>\n<div  style='height:50px' class='hr hr-invisible   avia-builder-el-6  el_after_av_one_full  el_before_av_social_share '><span class='hr-inner ' ><span class='hr-inner-style'><\/span><\/span><\/div>\n<div  class='av-social-sharing-box  avia-builder-el-7  el_after_av_hr  el_before_av_hr  '><div class='av-share-box'><h5 class='av-share-link-description av-no-toc '>Compartir esta noticia<\/h5><ul class='av-share-box-list noLightbox'><li class='av-share-link av-social-link-facebook' ><a target=\"_blank\" aria-label=\"Compartir en Facebook\" href='https:\/\/www.facebook.com\/sharer.php?u=https:\/\/radiorevelacionfm.cl\/?p=43873&#038;t=Vecinos%20de%20El%20Balseo%20dan%20cuenta%20de%20principales%20necesidades%20del%20sector%20al%20alcalde%20Uribe%2C%20esperan%20contar%20con%20una%20sede%20social%20y%20un%20paseo%20p%C3%BAblico%20e%20hist%C3%B3rico%20para%20potenciar%20el%20turismo' aria-hidden='false' data-av_icon='\ue8f3' data-av_iconfont='entypo-fontello' title='' data-avia-related-tooltip='Compartir en Facebook' rel=\"noopener\"><span class='avia_hidden_link_text'>Compartir en Facebook<\/span><\/a><\/li><li class='av-share-link av-social-link-twitter' ><a target=\"_blank\" aria-label=\"Compartir en Twitter\" href='https:\/\/twitter.com\/share?text=Vecinos%20de%20El%20Balseo%20dan%20cuenta%20de%20principales%20necesidades%20del%20sector%20al%20alcalde%20Uribe%2C%20esperan%20contar%20con%20una%20sede%20social%20y%20un%20paseo%20p%C3%BAblico%20e%20hist%C3%B3rico%20para%20potenciar%20el%20turismo&#038;url=https:\/\/radiorevelacionfm.cl\/?p=43873' aria-hidden='false' data-av_icon='\ue8f1' data-av_iconfont='entypo-fontello' title='' data-avia-related-tooltip='Compartir en Twitter' rel=\"noopener\"><span class='avia_hidden_link_text'>Compartir en Twitter<\/span><\/a><\/li><li class='av-share-link av-social-link-whatsapp' ><a target=\"_blank\" aria-label=\"Compartir en Whatsapp\" href='https:\/\/api.whatsapp.com\/send?text=https:\/\/radiorevelacionfm.cl\/?p=43873' aria-hidden='false' data-av_icon='\uf232' data-av_iconfont='entypo-fontello' title='' data-avia-related-tooltip='Compartir en Whatsapp' rel=\"noopener\"><span class='avia_hidden_link_text'>Compartir en Whatsapp<\/span><\/a><\/li><li class='av-share-link av-social-link-linkedin' ><a target=\"_blank\" aria-label=\"Compartir en LinkedIn\" href='https:\/\/linkedin.com\/shareArticle?mini=true&#038;title=Vecinos%20de%20El%20Balseo%20dan%20cuenta%20de%20principales%20necesidades%20del%20sector%20al%20alcalde%20Uribe%2C%20esperan%20contar%20con%20una%20sede%20social%20y%20un%20paseo%20p%C3%BAblico%20e%20hist%C3%B3rico%20para%20potenciar%20el%20turismo&#038;url=https:\/\/radiorevelacionfm.cl\/?p=43873' aria-hidden='false' data-av_icon='\ue8fc' data-av_iconfont='entypo-fontello' title='' data-avia-related-tooltip='Compartir en LinkedIn' rel=\"noopener\"><span class='avia_hidden_link_text'>Compartir en LinkedIn<\/span><\/a><\/li><li class='av-share-link av-social-link-mail' ><a  aria-label=\"Compartir por correo\" href='mailto:?subject=Vecinos%20de%20El%20Balseo%20dan%20cuenta%20de%20principales%20necesidades%20del%20sector%20al%20alcalde%20Uribe%2C%20esperan%20contar%20con%20una%20sede%20social%20y%20un%20paseo%20p%C3%BAblico%20e%20hist%C3%B3rico%20para%20potenciar%20el%20turismo&#038;body=https:\/\/radiorevelacionfm.cl\/?p=43873' aria-hidden='false' data-av_icon='\ue805' data-av_iconfont='entypo-fontello' title='' data-avia-related-tooltip='Compartir por correo'><span class='avia_hidden_link_text'>Compartir por correo<\/span><\/a><\/li><\/ul><\/div><\/div>\n<div  style='height:50px' class='hr hr-invisible   avia-builder-el-8  el_after_av_social_share  el_before_av_comments_list '><span class='hr-inner ' ><span class='hr-inner-style'><\/span><\/span><\/div>\n<div  class='av-buildercomment  av-blog-meta-html-info-disabled av-blog-meta-tag-disabled  '><\/div>\n","protected":false},"excerpt":{"rendered":"","protected":false},"author":1,"featured_media":43874,"comment_status":"open","ping_status":"open","sticky":false,"template":"","format":"standard","meta":{"footnotes":""},"categories":[38],"tags":[],"class_list":["post-43873","post","type-post","status-publish","format-standard","has-post-thumbnail","hentry","category-regional"],"jetpack_featured_media_url":"https:\/\/radiorevelacionfm.cl\/wp-content\/uploads\/2024\/07\/balseo2-1_optimized.jpg","_links":{"self":[{"href":"https:\/\/radiorevelacionfm.cl\/index.php?rest_route=\/wp\/v2\/posts\/43873","targetHints":{"allow":["GET"]}}],"collection":[{"href":"https:\/\/radiorevelacionfm.cl\/index.php?rest_route=\/wp\/v2\/posts"}],"about":[{"href":"https:\/\/radiorevelacionfm.cl\/index.php?rest_route=\/wp\/v2\/types\/post"}],"author":[{"embeddable":true,"href":"https:\/\/radiorevelacionfm.cl\/index.php?rest_route=\/wp\/v2\/users\/1"}],"replies":[{"embeddable":true,"href":"https:\/\/radiorevelacionfm.cl\/index.php?rest_route=%2Fwp%2Fv2%2Fcomments&post=43873"}],"version-history":[{"count":3,"href":"https:\/\/radiorevelacionfm.cl\/index.php?rest_route=\/wp\/v2\/posts\/43873\/revisions"}],"predecessor-version":[{"id":43909,"href":"https:\/\/radiorevelacionfm.cl\/index.php?rest_route=\/wp\/v2\/posts\/43873\/revisions\/43909"}],"wp:featuredmedia":[{"embeddable":true,"href":"https:\/\/radiorevelacionfm.cl\/index.php?rest_route=\/wp\/v2\/media\/43874"}],"wp:attachment":[{"href":"https:\/\/radiorevelacionfm.cl\/index.php?rest_route=%2Fwp%2Fv2%2Fmedia&parent=43873"}],"wp:term":[{"taxonomy":"category","embeddable":true,"href":"https:\/\/radiorevelacionfm.cl\/index.php?rest_route=%2Fwp%2Fv2%2Fcategories&post=43873"},{"taxonomy":"post_tag","embeddable":true,"href":"https:\/\/radiorevelacionfm.cl\/index.php?rest_route=%2Fwp%2Fv2%2Ftags&post=43873"}],"curies":[{"name":"wp","href":"https:\/\/api.w.org\/{rel}","templated":true}]}}