{"id":43869,"date":"2024-07-05T14:01:00","date_gmt":"2024-07-05T17:01:00","guid":{"rendered":"https:\/\/radiorevelacionfm.cl\/?p=43869"},"modified":"2024-07-05T14:01:00","modified_gmt":"2024-07-05T17:01:00","slug":"seremis-informan-a-la-comunidad-sobre-subsidio-electrico-y-sistema-chile-cuida","status":"publish","type":"post","link":"https:\/\/radiorevelacionfm.cl\/?p=43869","title":{"rendered":"Seremis informan a la comunidad sobre subsidio el\u00e9ctrico y sistema \u201cChile Cuida\u201d"},"content":{"rendered":"<div class=\"flex_column av_one_full  flex_column_div av-zero-column-padding first  avia-builder-el-0  el_before_av_one_full  avia-builder-el-first  \" style='border-radius:0px; '><div  class='avia-image-container  av-styling-    avia-builder-el-1  avia-builder-el-no-sibling  avia-align-center '  itemprop=\"image\" itemscope=\"itemscope\" itemtype=\"https:\/\/schema.org\/ImageObject\"  ><div class='avia-image-container-inner'><div class='avia-image-overlay-wrap'><img decoding=\"async\" class='wp-image-43870 avia-img-lazy-loading-not-43870 avia_image' src=\"https:\/\/radiorevelacionfm.cl\/wp-content\/uploads\/2024\/07\/1-3-2-2.jpeg\" alt='' title='1 (3)-2-2' height=\"600\" width=\"800\"  itemprop=\"thumbnailUrl\" srcset=\"https:\/\/radiorevelacionfm.cl\/wp-content\/uploads\/2024\/07\/1-3-2-2.jpeg 800w, https:\/\/radiorevelacionfm.cl\/wp-content\/uploads\/2024\/07\/1-3-2-2-300x225.jpeg 300w, https:\/\/radiorevelacionfm.cl\/wp-content\/uploads\/2024\/07\/1-3-2-2-768x576.jpeg 768w, https:\/\/radiorevelacionfm.cl\/wp-content\/uploads\/2024\/07\/1-3-2-2-705x529.jpeg 705w, https:\/\/radiorevelacionfm.cl\/wp-content\/uploads\/2024\/07\/1-3-2-2-450x338.jpeg 450w, https:\/\/radiorevelacionfm.cl\/wp-content\/uploads\/2024\/07\/1-3-2-2-600x450.jpeg 600w\" sizes=\"(max-width: 800px) 100vw, 800px\" \/><\/div><\/div><\/div><\/div><div class=\"flex_column av_one_full  flex_column_div av-zero-column-padding first  avia-builder-el-2  el_after_av_one_full  el_before_av_one_full  column-top-margin\" style='border-radius:0px; '><section class=\"av_textblock_section \"  itemscope=\"itemscope\" itemtype=\"https:\/\/schema.org\/BlogPosting\" itemprop=\"blogPost\" ><div class='avia_textblock  '   itemprop=\"text\" ><p style=\"text-align: center;\"><span style=\"font-size: 18pt;\"><strong>Seremis informan a la comunidad sobre subsidio el\u00e9ctrico y sistema \u201cChile Cuida\u201d <\/strong><\/span><\/p>\n<div id=\"gtx-trans\" style=\"position: absolute; left: -50px; top: 4.31534px;\">\n<div class=\"gtx-trans-icon\"><\/div>\n<\/div>\n<\/div><\/section><\/div><div class=\"flex_column av_one_full  flex_column_div av-zero-column-padding first  avia-builder-el-4  el_after_av_one_full  el_before_av_hr  column-top-margin\" style='border-radius:0px; '><section class=\"av_textblock_section \"  itemscope=\"itemscope\" itemtype=\"https:\/\/schema.org\/BlogPosting\" itemprop=\"blogPost\" ><div class='avia_textblock  '   itemprop=\"text\" ><p style=\"text-align: justify;\">La seremi de Gobierno, Tatiana Pl\u00e1 \u00c1lvarez, en conjunto con el seremi de Energ\u00eda, Tom\u00e1s Laibe S\u00e1ez, han estado recorriendo distintas sedes de adultos mayores y juntas de vecinos -tanto en Coyhaique como en Puerto Ays\u00e9n y Puerto Chacabuco- realizando la difusi\u00f3n de dos importantes temas para la poblaci\u00f3n, uno es el sistema \u201cChile Cuida\u201d y c\u00f3mo inscribirse como cuidador\/a en el Registro Social de Hogares y el otro, c\u00f3mo realizar la postulaci\u00f3n al subsidio el\u00e9ctrico y qui\u00e9nes pueden hacerlo, que comenz\u00f3 el 1 de julio y se extender\u00e1 hasta el 14 de este mes.<\/p>\n<p style=\"text-align: justify;\">\u201cEl mandato que nos ha dado el presidente Gabriel Boric es que estemos en terreno, as\u00ed que hemos ido a varias sedes de adultos mayores y juntas de vecinos, junto al seremi de Energ\u00eda, Tom\u00e1s Laibe, informando a las personas con respecto a c\u00f3mo realizar la postulaci\u00f3n al subsidio el\u00e9ctrico y c\u00f3mo incorporar a las y los cuidadores en el Registro Social de Hogares, qui\u00e9nes a trav\u00e9s de esta inscripci\u00f3n podr\u00e1n optar a los beneficios del sistema \u2018Chile Cuida\u2019, programa cuya finalidad es promover la autonom\u00eda y prevenir la dependencia desde la infancia a la vejez, y apoyar a quienes cuidan de manera remunerada y no remunerada, promoviendo la corresponsabilidad social y de g\u00e9nero\u201d, indic\u00f3 Tatiana Pl\u00e1 \u00c1lvarez, seremi de Gobierno de Ays\u00e9n.<\/p>\n<p style=\"text-align: justify;\">En uno de los encuentros, realizado en la sede de la Uni\u00f3n Comunal de Adultos Mayores (UCAM) en Coyhaique, Elena Zu\u00f1iga Vargas, delegada del Taller de Adulto Mayor de la poblaci\u00f3n Las Lengas, coment\u00f3: \u201cTodas estas instancias, para nosotros son muy importantes, porque muchas veces son generadas por nuestras propias necesidades, de tener m\u00e1s informaci\u00f3n, m\u00e1s directa y clara, sobre todo cuando nos van a informar acerca de alg\u00fan tipo de beneficio, de subsidio, en este caso a la energ\u00eda el\u00e9ctrica, que es algo que siempre los adultos mayores esperamos\u201d.<\/p>\n<p style=\"text-align: justify;\">\u201cVeo c\u00f3mo est\u00e1 sufriendo el adulto mayor, las personas mayores, m\u00e1s en esta regi\u00f3n. Si bien, en la actualidad, algunos y algunas reciben la Pensi\u00f3n Garantizada Universal (PGU), que ha venido a aliviar el bolsillo de los adultos mayores, hay otros problemas tambi\u00e9n, el tema de la salud y hoy d\u00eda de las tarifas el\u00e9ctricas. Como presidente de esta organizaci\u00f3n en la regi\u00f3n de Ays\u00e9n, veo como adultos mayores sufren por no tener electricidad, porque el mes de nosotros parece que fuera de 40 \u00f3 50 d\u00edas, los recursos no nos alcanzan y esa es la realidad que yo veo en nuestros adultos mayores\u201d, asever\u00f3 Jos\u00e9 Manuel Vivallo, presidente de la Uni\u00f3n Comunal de Adultos Mayores \u201cBaquedano\u201d de Coyhaique.<\/p>\n<p style=\"text-align: justify;\">Hasta el momento, se han realizado los siguientes encuentros: online con vecinos y dirigentes de Puerto Guadal, con la Uni\u00f3n Comunal Pampas del Corral en Coyhaique, con la UCAM de Puerto Ays\u00e9n y la UCAM de Puerto Chacabuco donde participaron: Sindicato de mujeres del mar y Club parroquial Sagrado Coraz\u00f3n.<\/p>\n<p style=\"text-align: justify;\">\u201cEstamos conformes con el trabajo que se ha hecho con la Seremi de Gobierno, Tatiana Pl\u00e1, para informar del Subsidio El\u00e9ctrico. Este es un trabajo que se viene realizando hace varias semanas, que se reforz\u00f3 desde este lunes 1\u00b0 de julio, que se iniciaron formalmente las postulaciones hasta el 14 de julio. En esta regi\u00f3n hay una brecha digital importante, especialmente para los adultos mayores y es por eso que hemos estado en el territorio, conversando con los clubes de adultos mayores, con las juntas de vecinos, explicando los requisitos y gui\u00e1ndolos en c\u00f3mo hacer la postulaci\u00f3n. Tambi\u00e9n estamos haciendo alianza con ChileAtiende, el Registro Civil, para sumarlos a este esfuerzo y que entre todos podamos llegar a la ciudadan\u00eda con los servicios que se requieren para que este beneficio, venga a amortiguar las alzas tarifarias a toda la gente de Ays\u00e9n\u201d, se\u00f1al\u00f3 Tom\u00e1s Laibe S\u00e1ez, seremi de Energ\u00eda.<\/p>\n<p style=\"text-align: justify;\">Los Di\u00e1logos Ciudadanos se han realizado en forma presencial, tanto en Coyhaique como en Ays\u00e9n, en sedes de juntas de vecinos, clubes de adultos mayores, en la sede de la UCAM y, pr\u00f3ximamente, en la sede de ANECAP y en la junta de vecinos de la poblaci\u00f3n Marchant en Coyhaique.<\/p>\n<\/div><\/section><\/div><div  style='height:50px' class='hr hr-invisible   avia-builder-el-6  el_after_av_one_full  el_before_av_social_share '><span class='hr-inner ' ><span class='hr-inner-style'><\/span><\/span><\/div><\/p>\n<div  class='av-social-sharing-box  avia-builder-el-7  el_after_av_hr  el_before_av_hr  '><div class='av-share-box'><h5 class='av-share-link-description av-no-toc '>Compartir esta noticia<\/h5><ul class='av-share-box-list noLightbox'><li class='av-share-link av-social-link-facebook' ><a target=\"_blank\" aria-label=\"Compartir en Facebook\" href='https:\/\/www.facebook.com\/sharer.php?u=https:\/\/radiorevelacionfm.cl\/?p=43869&#038;t=Seremis%20informan%20a%20la%20comunidad%20sobre%20subsidio%20el%C3%A9ctrico%20y%20sistema%20%E2%80%9CChile%20Cuida%E2%80%9D' aria-hidden='false' data-av_icon='\ue8f3' data-av_iconfont='entypo-fontello' title='' data-avia-related-tooltip='Compartir en Facebook' rel=\"noopener\"><span class='avia_hidden_link_text'>Compartir en Facebook<\/span><\/a><\/li><li class='av-share-link av-social-link-twitter' ><a target=\"_blank\" aria-label=\"Compartir en Twitter\" href='https:\/\/twitter.com\/share?text=Seremis%20informan%20a%20la%20comunidad%20sobre%20subsidio%20el%C3%A9ctrico%20y%20sistema%20%E2%80%9CChile%20Cuida%E2%80%9D&#038;url=https:\/\/radiorevelacionfm.cl\/?p=43869' aria-hidden='false' data-av_icon='\ue8f1' data-av_iconfont='entypo-fontello' title='' data-avia-related-tooltip='Compartir en Twitter' rel=\"noopener\"><span class='avia_hidden_link_text'>Compartir en Twitter<\/span><\/a><\/li><li class='av-share-link av-social-link-whatsapp' ><a target=\"_blank\" aria-label=\"Compartir en Whatsapp\" href='https:\/\/api.whatsapp.com\/send?text=https:\/\/radiorevelacionfm.cl\/?p=43869' aria-hidden='false' data-av_icon='\uf232' data-av_iconfont='entypo-fontello' title='' data-avia-related-tooltip='Compartir en Whatsapp' rel=\"noopener\"><span class='avia_hidden_link_text'>Compartir en Whatsapp<\/span><\/a><\/li><li class='av-share-link av-social-link-linkedin' ><a target=\"_blank\" aria-label=\"Compartir en LinkedIn\" href='https:\/\/linkedin.com\/shareArticle?mini=true&#038;title=Seremis%20informan%20a%20la%20comunidad%20sobre%20subsidio%20el%C3%A9ctrico%20y%20sistema%20%E2%80%9CChile%20Cuida%E2%80%9D&#038;url=https:\/\/radiorevelacionfm.cl\/?p=43869' aria-hidden='false' data-av_icon='\ue8fc' data-av_iconfont='entypo-fontello' title='' data-avia-related-tooltip='Compartir en LinkedIn' rel=\"noopener\"><span class='avia_hidden_link_text'>Compartir en LinkedIn<\/span><\/a><\/li><li class='av-share-link av-social-link-mail' ><a  aria-label=\"Compartir por correo\" href='mailto:?subject=Seremis%20informan%20a%20la%20comunidad%20sobre%20subsidio%20el%C3%A9ctrico%20y%20sistema%20%E2%80%9CChile%20Cuida%E2%80%9D&#038;body=https:\/\/radiorevelacionfm.cl\/?p=43869' aria-hidden='false' data-av_icon='\ue805' data-av_iconfont='entypo-fontello' title='' data-avia-related-tooltip='Compartir por correo'><span class='avia_hidden_link_text'>Compartir por correo<\/span><\/a><\/li><\/ul><\/div><\/div>\n<div  style='height:50px' class='hr hr-invisible   avia-builder-el-8  el_after_av_social_share  el_before_av_comments_list '><span class='hr-inner ' ><span class='hr-inner-style'><\/span><\/span><\/div>\n<div  class='av-buildercomment  av-blog-meta-html-info-disabled av-blog-meta-tag-disabled  '><\/div>\n","protected":false},"excerpt":{"rendered":"","protected":false},"author":1,"featured_media":43870,"comment_status":"open","ping_status":"open","sticky":false,"template":"","format":"standard","meta":{"footnotes":""},"categories":[38],"tags":[],"class_list":["post-43869","post","type-post","status-publish","format-standard","has-post-thumbnail","hentry","category-regional"],"jetpack_featured_media_url":"https:\/\/radiorevelacionfm.cl\/wp-content\/uploads\/2024\/07\/1-3-2-2.jpeg","_links":{"self":[{"href":"https:\/\/radiorevelacionfm.cl\/index.php?rest_route=\/wp\/v2\/posts\/43869","targetHints":{"allow":["GET"]}}],"collection":[{"href":"https:\/\/radiorevelacionfm.cl\/index.php?rest_route=\/wp\/v2\/posts"}],"about":[{"href":"https:\/\/radiorevelacionfm.cl\/index.php?rest_route=\/wp\/v2\/types\/post"}],"author":[{"embeddable":true,"href":"https:\/\/radiorevelacionfm.cl\/index.php?rest_route=\/wp\/v2\/users\/1"}],"replies":[{"embeddable":true,"href":"https:\/\/radiorevelacionfm.cl\/index.php?rest_route=%2Fwp%2Fv2%2Fcomments&post=43869"}],"version-history":[{"count":1,"href":"https:\/\/radiorevelacionfm.cl\/index.php?rest_route=\/wp\/v2\/posts\/43869\/revisions"}],"predecessor-version":[{"id":43871,"href":"https:\/\/radiorevelacionfm.cl\/index.php?rest_route=\/wp\/v2\/posts\/43869\/revisions\/43871"}],"wp:featuredmedia":[{"embeddable":true,"href":"https:\/\/radiorevelacionfm.cl\/index.php?rest_route=\/wp\/v2\/media\/43870"}],"wp:attachment":[{"href":"https:\/\/radiorevelacionfm.cl\/index.php?rest_route=%2Fwp%2Fv2%2Fmedia&parent=43869"}],"wp:term":[{"taxonomy":"category","embeddable":true,"href":"https:\/\/radiorevelacionfm.cl\/index.php?rest_route=%2Fwp%2Fv2%2Fcategories&post=43869"},{"taxonomy":"post_tag","embeddable":true,"href":"https:\/\/radiorevelacionfm.cl\/index.php?rest_route=%2Fwp%2Fv2%2Ftags&post=43869"}],"curies":[{"name":"wp","href":"https:\/\/api.w.org\/{rel}","templated":true}]}}