{"id":43866,"date":"2024-07-05T12:28:12","date_gmt":"2024-07-05T15:28:12","guid":{"rendered":"https:\/\/radiorevelacionfm.cl\/?p=43866"},"modified":"2024-07-05T12:28:12","modified_gmt":"2024-07-05T15:28:12","slug":"chilevalora-certifica-a-162-personas-en-puerto-aysen-y-coyhaique","status":"publish","type":"post","link":"https:\/\/radiorevelacionfm.cl\/?p=43866","title":{"rendered":"ChileValora certifica a 162 personas en Puerto Ays\u00e9n y Coyhaique"},"content":{"rendered":"<div class=\"flex_column av_one_full  flex_column_div av-zero-column-padding first  avia-builder-el-0  el_before_av_one_full  avia-builder-el-first  \" style='border-radius:0px; '><div  class='avia-image-container  av-styling-    avia-builder-el-1  avia-builder-el-no-sibling  avia-align-center '  itemprop=\"image\" itemscope=\"itemscope\" itemtype=\"https:\/\/schema.org\/ImageObject\"  ><div class='avia-image-container-inner'><div class='avia-image-overlay-wrap'><img decoding=\"async\" class='wp-image-43867 avia-img-lazy-loading-not-43867 avia_image' src=\"https:\/\/radiorevelacionfm.cl\/wp-content\/uploads\/2024\/07\/CertChileValora_PtoAysen-2-2.jpeg\" alt='' title='CertChileValora_PtoAysen-2-2' height=\"600\" width=\"901\"  itemprop=\"thumbnailUrl\" srcset=\"https:\/\/radiorevelacionfm.cl\/wp-content\/uploads\/2024\/07\/CertChileValora_PtoAysen-2-2.jpeg 901w, https:\/\/radiorevelacionfm.cl\/wp-content\/uploads\/2024\/07\/CertChileValora_PtoAysen-2-2-300x200.jpeg 300w, https:\/\/radiorevelacionfm.cl\/wp-content\/uploads\/2024\/07\/CertChileValora_PtoAysen-2-2-768x511.jpeg 768w, https:\/\/radiorevelacionfm.cl\/wp-content\/uploads\/2024\/07\/CertChileValora_PtoAysen-2-2-705x469.jpeg 705w, https:\/\/radiorevelacionfm.cl\/wp-content\/uploads\/2024\/07\/CertChileValora_PtoAysen-2-2-450x300.jpeg 450w, https:\/\/radiorevelacionfm.cl\/wp-content\/uploads\/2024\/07\/CertChileValora_PtoAysen-2-2-600x400.jpeg 600w\" sizes=\"(max-width: 901px) 100vw, 901px\" \/><\/div><\/div><\/div><\/div><div class=\"flex_column av_one_full  flex_column_div av-zero-column-padding first  avia-builder-el-2  el_after_av_one_full  el_before_av_one_full  column-top-margin\" style='border-radius:0px; '><section class=\"av_textblock_section \"  itemscope=\"itemscope\" itemtype=\"https:\/\/schema.org\/BlogPosting\" itemprop=\"blogPost\" ><div class='avia_textblock  '   itemprop=\"text\" ><p style=\"text-align: center;\"><span style=\"font-size: 18pt;\"><b>ChileValora certifica a 162 personas en Puerto Ays\u00e9n y Coyhaique<\/b><\/span><\/p>\n<div id=\"gtx-trans\" style=\"position: absolute; left: -50px; top: 4.31534px;\">\n<div class=\"gtx-trans-icon\"><\/div>\n<\/div>\n<\/div><\/section><\/div><div class=\"flex_column av_one_full  flex_column_div av-zero-column-padding first  avia-builder-el-4  el_after_av_one_full  el_before_av_hr  column-top-margin\" style='border-radius:0px; '><section class=\"av_textblock_section \"  itemscope=\"itemscope\" itemtype=\"https:\/\/schema.org\/BlogPosting\" itemprop=\"blogPost\" ><div class='avia_textblock  '   itemprop=\"text\" ><p style=\"text-align: justify;\"><em><span lang=\"ES-TRAD\">Se certificaron las competencias laborales de cuidadores\/as, enfierradores\/as, instaladores el\u00e9ctricos clase D, manipuladoras de alimentos, maestros\/as carpintero de obra gruesa, entre otros oficios.<\/span><\/em><b><\/b><\/p>\n<p style=\"text-align: justify;\">En Puerto Ays\u00e9n y Coyhaique se realizaron las ceremonias de certificaci\u00f3n de competencias laborales de ChileValora con fondos del servicio Nacional de capacitaci\u00f3n y Empleo, Sence, ambos del Ministerio de Trabajo y Previsi\u00f3n Social, donde fueron 162 personas, 68 de ellas, mujeres, quienes recibieron su certificado que acredita su conocimiento, participando autoridades regionales, provinciales y comunales.<\/p>\n<p class=\"v1MsoNormal\" style=\"text-align: justify;\"><span lang=\"ES\">El Seremi de Trabajo y Previsi\u00f3n Social, Rodrigo D\u00edaz Cordaro, recalc\u00f3 la importancia del reconocimiento de la experiencia en los oficios gracias a ChileValora, \u00abLas certificaciones que realizamos con ChileValora en Puerto Ays\u00e9n y en Coyhaique, reflejan el esp\u00edritu que el Gobierno del Presidente Boric y el Ministerio del Trabajo y Previsi\u00f3n Social quieren reflejar en la pol\u00edtica p\u00fablica, impulsar el trabajo decente. Vemos en ambos lugares, con las distintas personas, cuidadoras, enfierradores, enfierradoras -alumnos y alumnas del Liceo Juan Pablo II se certificaron en este oficio-, donde hay una demanda importante por reconocer las trayectorias laborales y eso es relevante. Vamos a seguir trabajando con ChileValora, con el coordinador regional, Rodrigo Moreno, para ir a las provincias tambi\u00e9n y reconocer los distintos saberes que hoy d\u00eda tenemos y que van a aportar al crecimiento en la Regi\u00f3n de Ays\u00e9n\u00bb.<\/span><\/p>\n<p class=\"v1MsoNormal\" style=\"text-align: justify;\"><span lang=\"ES\">En este sentido, la Senadora Ximena \u00d3rdenes conoci\u00f3 la experiencia de los beneficiarios\/as, destacando la nueva ley, aprobada por el Congreso y promulgada recientemente, que moderniza y fortaleza la Comisi\u00f3n del Sistema Nacional de Certificaci\u00f3n de Competencias Laborales, ChileValora, \u00abEstoy muy contenta de encontrarme en el Liceo Juan Pablo II junto a trabajadores\/as y tambi\u00e9n estudiantes que hoy d\u00eda certificaron competencias a trav\u00e9s del programa ChileValora. Para m\u00ed es muy importante porque hace un tiempo, en abril del a\u00f1o 2024 se promulg\u00f3 la ley que moderniza y fortalece que ChileValora, pero esto es expresi\u00f3n real de un ejercicio que aparece abstracto pero que hoy d\u00eda tiene visibilidad a trav\u00e9s de muchas personas que en competencias tales como enfierradores, enfierradoras, cuidadoras, en el \u00e1mbito de la construcci\u00f3n, electricista, son personas que tienen la experiencia pero que no han sido reconocidas p\u00fablica y formalmente, y eso es lo que hace este programa\u00bb.<\/span><\/p>\n<p class=\"v1MsoNormal\" style=\"text-align: justify;\"><span lang=\"ES\">Reforzando lo anterior, Rodrigo Moreno, coordinador regional de ChileValora, explic\u00f3, \u00abel rol de ChileValora es certificar las competencias laborales que hoy d\u00eda existen en la regi\u00f3n. El proceso de evaluaci\u00f3n es saber in situ lo que ellos han aprendido a trav\u00e9s de la experiencia o de distintas formas que no haya sido la academia o alg\u00fan instituto profesional. El prop\u00f3sito es certificar los conocimientos que ellos han adquirido a trav\u00e9s de la experiencia o en este caso, en alg\u00fan tipo de colegio de formaci\u00f3n t\u00e9cnica TP\u00bb.<\/span><\/p>\n<p style=\"text-align: justify;\"><span lang=\"ES\">Entre los perfiles certificados est\u00e1n: cuidadores\/as primarios\/as, instaladores el\u00e9ctricos clase D, manipuladoras de alimentos, maestros\/as carpintero de obra gruesa, jefe de Obra, maestro Alba\u00f1il, enfierradores\/as, maestros\/as instalaciones sanitarias, maestro Trazador, agreg\u00e1ndose en Puerto Ays\u00e9n, los perfiles de administrador\/a de establecimientos gastron\u00f3micos, ayudante de cocina, capataz de obra gruesa y obras preliminares, garz\u00f3n\/a, maestro\/a de Cocina y manipulador\/a del Programa de Alimentaci\u00f3n Escolar.<\/span><\/p>\n<p style=\"text-align: justify;\">En Coyhaique, 28 alumnos del Liceo Juan Pablo II se certificaron en algunos perfiles, apreciando su director, Adolfo Pavez, esta oportunidad que les permitir\u00e1 mejor empleabilidad, \u00abLos procesos de certificaci\u00f3n y de capacitaci\u00f3n en el mundo formativo en que est\u00e1n los j\u00f3venes, sin duda, les permite construir un pelda\u00f1o, no solamente lograr especificaciones t\u00e9cnicas definidas en \u00e1rea espec\u00edfica, sino que abre el espacio para entender que el perfeccionamiento permanente y el estudio permanente, abre caminos y posibilidades en el mundo del trabajo. Ellos est\u00e1n en un proceso de formaci\u00f3n, la mayor\u00eda de nuestros 28 estudiantes que fueros certificados son estudiantes de 4to. Medio, pr\u00f3ximos a ir al mundo de la educaci\u00f3n superior, al mundo del trabajo, sin duda esta certificaci\u00f3n les permite acercarse al mundo del trabajo con m\u00e1s herramientas, que es lo que todos buscamos y queremos para que los j\u00f3venes tengan un trabajo digno y un trabajo bien remunerado\u00bb.<\/p>\n<p class=\"v1MsoNormal\" style=\"text-align: justify;\"><span lang=\"ES\">Una de las alumnas que se certific\u00f3 como maestra enfierradora es Trinidad Chiguay, quien est\u00e1 en 4to medio en el Liceo Juan Pablo II, en la especialidad de obras viales, \u00abMe parece una experiencia muy bonita, ya que si el d\u00eda de ma\u00f1ana quiero seguir trabajando en construcci\u00f3n, este certificado me va a servir demasiado en mi futuro, por ejemplo, ya s\u00e9 manejar los fierros que lleva la construcci\u00f3n para la armadura de vigas, de pilares, entre otras cosas\u00bb.<\/span><\/p>\n<p style=\"text-align: justify;\"><span lang=\"ES\">En ambas ceremonias participaron el Seremi de Trabajo y Previsi\u00f3n Social, Rodrigo D\u00edaz Cordaro; el coordinador regional de ChileValora, Rodrigo Moreno y el director regional de Sence, Nelson Garrido, adem\u00e1s del Delegado presidencial provincial, Jorge D\u00edaz Guzm\u00e1n, concejala M\u00f3nica Navarrete y representante del CFT Estatal en el caso de Ays\u00e9n, y en Coyhaique, la Senadora Ximena \u00d3rdenes, la Directora regional de Sernameg, Patricia Baeza, la representante de la Gobernadora Regional, Claudia Cantero, el director del Liceo Juan Pablo II y la representante de MINVU. Natacha Pot. El Centro de Evaluaci\u00f3n y Certificaci\u00f3n de Competencias Laborales fue Ecerlab SpA.<\/span><\/p>\n<p style=\"text-align: justify;\">Cabe mencionar que entre los aspectos fundamentales de la reforma a la ley de ChileValora recientemente aprobada destacan contar con financiamiento institucional directamente a trav\u00e9s de la Ley de Presupuestos; avanzar en despliegue territorial a trav\u00e9s de la apertura de oficinas regionales, favoreciendo la vinculaci\u00f3n de la certificaci\u00f3n con las demandas locales de desarrollo de capital humano en cada regi\u00f3n; facilitar y estimular el uso de la franquicia tributaria para certificaci\u00f3n; y permitir la homologaci\u00f3n de la certificaci\u00f3n de competencias laborales otorgadas por otros pa\u00edses, entre otros.<\/p>\n<\/div><\/section><\/div><div  style='height:50px' class='hr hr-invisible   avia-builder-el-6  el_after_av_one_full  el_before_av_social_share '><span class='hr-inner ' ><span class='hr-inner-style'><\/span><\/span><\/div><\/p>\n<div  class='av-social-sharing-box  avia-builder-el-7  el_after_av_hr  el_before_av_hr  '><div class='av-share-box'><h5 class='av-share-link-description av-no-toc '>Compartir esta noticia<\/h5><ul class='av-share-box-list noLightbox'><li class='av-share-link av-social-link-facebook' ><a target=\"_blank\" aria-label=\"Compartir en Facebook\" href='https:\/\/www.facebook.com\/sharer.php?u=https:\/\/radiorevelacionfm.cl\/?p=43866&#038;t=ChileValora%20certifica%20a%20162%20personas%20en%20Puerto%20Ays%C3%A9n%20y%20Coyhaique' aria-hidden='false' data-av_icon='\ue8f3' data-av_iconfont='entypo-fontello' title='' data-avia-related-tooltip='Compartir en Facebook' rel=\"noopener\"><span class='avia_hidden_link_text'>Compartir en Facebook<\/span><\/a><\/li><li class='av-share-link av-social-link-twitter' ><a target=\"_blank\" aria-label=\"Compartir en Twitter\" href='https:\/\/twitter.com\/share?text=ChileValora%20certifica%20a%20162%20personas%20en%20Puerto%20Ays%C3%A9n%20y%20Coyhaique&#038;url=https:\/\/radiorevelacionfm.cl\/?p=43866' aria-hidden='false' data-av_icon='\ue8f1' data-av_iconfont='entypo-fontello' title='' data-avia-related-tooltip='Compartir en Twitter' rel=\"noopener\"><span class='avia_hidden_link_text'>Compartir en Twitter<\/span><\/a><\/li><li class='av-share-link av-social-link-whatsapp' ><a target=\"_blank\" aria-label=\"Compartir en Whatsapp\" href='https:\/\/api.whatsapp.com\/send?text=https:\/\/radiorevelacionfm.cl\/?p=43866' aria-hidden='false' data-av_icon='\uf232' data-av_iconfont='entypo-fontello' title='' data-avia-related-tooltip='Compartir en Whatsapp' rel=\"noopener\"><span class='avia_hidden_link_text'>Compartir en Whatsapp<\/span><\/a><\/li><li class='av-share-link av-social-link-linkedin' ><a target=\"_blank\" aria-label=\"Compartir en LinkedIn\" href='https:\/\/linkedin.com\/shareArticle?mini=true&#038;title=ChileValora%20certifica%20a%20162%20personas%20en%20Puerto%20Ays%C3%A9n%20y%20Coyhaique&#038;url=https:\/\/radiorevelacionfm.cl\/?p=43866' aria-hidden='false' data-av_icon='\ue8fc' data-av_iconfont='entypo-fontello' title='' data-avia-related-tooltip='Compartir en LinkedIn' rel=\"noopener\"><span class='avia_hidden_link_text'>Compartir en LinkedIn<\/span><\/a><\/li><li class='av-share-link av-social-link-mail' ><a  aria-label=\"Compartir por correo\" href='mailto:?subject=ChileValora%20certifica%20a%20162%20personas%20en%20Puerto%20Ays%C3%A9n%20y%20Coyhaique&#038;body=https:\/\/radiorevelacionfm.cl\/?p=43866' aria-hidden='false' data-av_icon='\ue805' data-av_iconfont='entypo-fontello' title='' data-avia-related-tooltip='Compartir por correo'><span class='avia_hidden_link_text'>Compartir por correo<\/span><\/a><\/li><\/ul><\/div><\/div>\n<div  style='height:50px' class='hr hr-invisible   avia-builder-el-8  el_after_av_social_share  el_before_av_comments_list '><span class='hr-inner ' ><span class='hr-inner-style'><\/span><\/span><\/div>\n<div  class='av-buildercomment  av-blog-meta-html-info-disabled av-blog-meta-tag-disabled  '><\/div>\n","protected":false},"excerpt":{"rendered":"","protected":false},"author":1,"featured_media":43867,"comment_status":"open","ping_status":"open","sticky":false,"template":"","format":"standard","meta":{"footnotes":""},"categories":[56],"tags":[],"class_list":["post-43866","post","type-post","status-publish","format-standard","has-post-thumbnail","hentry","category-trabajo"],"jetpack_featured_media_url":"https:\/\/radiorevelacionfm.cl\/wp-content\/uploads\/2024\/07\/CertChileValora_PtoAysen-2-2.jpeg","_links":{"self":[{"href":"https:\/\/radiorevelacionfm.cl\/index.php?rest_route=\/wp\/v2\/posts\/43866","targetHints":{"allow":["GET"]}}],"collection":[{"href":"https:\/\/radiorevelacionfm.cl\/index.php?rest_route=\/wp\/v2\/posts"}],"about":[{"href":"https:\/\/radiorevelacionfm.cl\/index.php?rest_route=\/wp\/v2\/types\/post"}],"author":[{"embeddable":true,"href":"https:\/\/radiorevelacionfm.cl\/index.php?rest_route=\/wp\/v2\/users\/1"}],"replies":[{"embeddable":true,"href":"https:\/\/radiorevelacionfm.cl\/index.php?rest_route=%2Fwp%2Fv2%2Fcomments&post=43866"}],"version-history":[{"count":1,"href":"https:\/\/radiorevelacionfm.cl\/index.php?rest_route=\/wp\/v2\/posts\/43866\/revisions"}],"predecessor-version":[{"id":43868,"href":"https:\/\/radiorevelacionfm.cl\/index.php?rest_route=\/wp\/v2\/posts\/43866\/revisions\/43868"}],"wp:featuredmedia":[{"embeddable":true,"href":"https:\/\/radiorevelacionfm.cl\/index.php?rest_route=\/wp\/v2\/media\/43867"}],"wp:attachment":[{"href":"https:\/\/radiorevelacionfm.cl\/index.php?rest_route=%2Fwp%2Fv2%2Fmedia&parent=43866"}],"wp:term":[{"taxonomy":"category","embeddable":true,"href":"https:\/\/radiorevelacionfm.cl\/index.php?rest_route=%2Fwp%2Fv2%2Fcategories&post=43866"},{"taxonomy":"post_tag","embeddable":true,"href":"https:\/\/radiorevelacionfm.cl\/index.php?rest_route=%2Fwp%2Fv2%2Ftags&post=43866"}],"curies":[{"name":"wp","href":"https:\/\/api.w.org\/{rel}","templated":true}]}}