{"id":43860,"date":"2024-07-05T11:15:26","date_gmt":"2024-07-05T14:15:26","guid":{"rendered":"https:\/\/radiorevelacionfm.cl\/?p=43860"},"modified":"2024-07-05T11:15:26","modified_gmt":"2024-07-05T14:15:26","slug":"nadadores-promesas-chile-aysen-reciben-indumentaria-para-afrontar-nuevas-competencias","status":"publish","type":"post","link":"https:\/\/radiorevelacionfm.cl\/?p=43860","title":{"rendered":"Nadadores Promesas Chile Ays\u00e9n reciben indumentaria para afrontar nuevas competencias"},"content":{"rendered":"<div class=\"flex_column av_one_full  flex_column_div av-zero-column-padding first  avia-builder-el-0  el_before_av_one_full  avia-builder-el-first  \" style='border-radius:0px; '><div  class='avia-image-container  av-styling-    avia-builder-el-1  avia-builder-el-no-sibling  avia-align-center '  itemprop=\"image\" itemscope=\"itemscope\" itemtype=\"https:\/\/schema.org\/ImageObject\"  ><div class='avia-image-container-inner'><div class='avia-image-overlay-wrap'><img decoding=\"async\" class='wp-image-43861 avia-img-lazy-loading-not-43861 avia_image' src=\"https:\/\/radiorevelacionfm.cl\/wp-content\/uploads\/2024\/07\/image-159-2_optimized.jpg\" alt='' title='image-159-2_optimized' height=\"600\" width=\"840\"  itemprop=\"thumbnailUrl\" srcset=\"https:\/\/radiorevelacionfm.cl\/wp-content\/uploads\/2024\/07\/image-159-2_optimized.jpg 840w, https:\/\/radiorevelacionfm.cl\/wp-content\/uploads\/2024\/07\/image-159-2_optimized-300x214.jpg 300w, https:\/\/radiorevelacionfm.cl\/wp-content\/uploads\/2024\/07\/image-159-2_optimized-768x549.jpg 768w, https:\/\/radiorevelacionfm.cl\/wp-content\/uploads\/2024\/07\/image-159-2_optimized-260x185.jpg 260w, https:\/\/radiorevelacionfm.cl\/wp-content\/uploads\/2024\/07\/image-159-2_optimized-705x504.jpg 705w, https:\/\/radiorevelacionfm.cl\/wp-content\/uploads\/2024\/07\/image-159-2_optimized-450x321.jpg 450w, https:\/\/radiorevelacionfm.cl\/wp-content\/uploads\/2024\/07\/image-159-2_optimized-600x429.jpg 600w\" sizes=\"(max-width: 840px) 100vw, 840px\" \/><\/div><\/div><\/div><\/div><div class=\"flex_column av_one_full  flex_column_div av-zero-column-padding first  avia-builder-el-2  el_after_av_one_full  el_before_av_one_full  column-top-margin\" style='border-radius:0px; '><section class=\"av_textblock_section \"  itemscope=\"itemscope\" itemtype=\"https:\/\/schema.org\/BlogPosting\" itemprop=\"blogPost\" ><div class='avia_textblock  '   itemprop=\"text\" ><p style=\"text-align: center;\"><strong><span style=\"font-size: 18pt;\">Nadadores Promesas Chile Ays\u00e9n reciben indumentaria para afrontar nuevas competencias<\/span><\/strong><\/p>\n<div id=\"gtx-trans\" style=\"position: absolute; left: -50px; top: 4.31534px;\">\n<div class=\"gtx-trans-icon\"><\/div>\n<\/div>\n<\/div><\/section><\/div><div class=\"flex_column av_one_full  flex_column_div av-zero-column-padding first  avia-builder-el-4  el_after_av_one_full  el_before_av_hr  column-top-margin\" style='border-radius:0px; '><section class=\"av_textblock_section \"  itemscope=\"itemscope\" itemtype=\"https:\/\/schema.org\/BlogPosting\" itemprop=\"blogPost\" ><div class='avia_textblock  '   itemprop=\"text\" ><div>\n<p class=\"v1MsoNormal\" style=\"text-align: justify;\"><em>Trajes de ba\u00f1o con tecnolog\u00eda de carbono y lentes de nataci\u00f3n, son parte de los materiales entregados por el Instituto Nacional de Deportes que incluye adem\u00e1s, seguro m\u00e9dico, atenci\u00f3n de equipo interdisciplinario, compra de bienes y servicios.<\/em><b><\/b><\/p>\n<p class=\"v1MsoNormal\" style=\"text-align: justify;\">Con la presencia de deportistas y entrenadores, la Seremi del Deporte, Mar\u00eda Eugenia Dur\u00e1n Jara y el Director regional (s) IND Javier Medina Mella, se hizo entrega de un aporte en indumentaria y equipamiento deportivo a los seleccionados Promesas Chilede Nataci\u00f3n Emilia Fern\u00e1ndez Olave y Joaqu\u00edn G\u00e1lvez Rudolf \u00a0quienes por sus resultados y logros obtuvieron este beneficio.<\/p>\n<p class=\"v1MsoNormal\" style=\"text-align: justify;\">\u00abEstos dos deportistas regionales Emilia y Joaqu\u00edn obtuvieron este beneficio gracias a sus tremendos logros deportivos lo que permiti\u00f3 que ingresaran al Programa Promesas Chile, que ya cuenta con aproximadamente 55 deportistas en n\u00f3mina beneficiados en nuestra regi\u00f3n; estamos y seguiremos comprometidos como Gobierno, Ministerio del Deporte e IND con nuestros deportistas brind\u00e1ndoles el apoyo necesario para que puedan alcanzar sus metas y representar con orgullo a nuestra regi\u00f3n y pa\u00eds, sabemos que esta implementaci\u00f3n les servir\u00e1 mucho y les ayudar\u00e1 a mejorar su rendimiento\u00bb, se\u00f1al\u00f3 Mar\u00eda Eugenia Dur\u00e1n Jara, Seremi del Deporte.<i><\/i><\/p>\n<p class=\"v1MsoNormal\" style=\"text-align: justify;\">Asimismo Javier Medina Mella, director(s) del IND Ays\u00e9n, coment\u00f3 \u00abNos encontramos muy contentos como Instituto Nacional de Deportes de haber podido formalizar en el d\u00eda de hoy, una entrega de parte del Beneficio del Programa Promesas Chile, consistente en trajes de ba\u00f1o con tecnolog\u00eda de carbono, gafas de nataci\u00f3n y mochilas\u00a0para que nuestras y nuestros deportistas, sigan creciendo y perfeccionando sus entrenamientos y compromiso deportivos durante el a\u00f1o\u00bb.<\/p>\n<p class=\"v1MsoNormal\" style=\"text-align: justify;\">Por su parte, los deportistas beneficiarios del Programa Promesas Chile, se mostraron muy contentos, as\u00ed lo manifest\u00f3 Joaqu\u00edn G\u00e1lvez: \u00abLa nataci\u00f3n es un deporte en el que el implemento es muy importante, hay muchos trajes de ba\u00f1o los cuales te aportan cierta ventaja y estos lentes tan bien son de bastante buena calidad\u00bb.<\/p>\n<p class=\"v1MsoNormal\" style=\"text-align: justify;\">Promesas Chile es un Programa dise\u00f1ado para impulsar el potencial de j\u00f3venes deportistas, de 9 a 24 a\u00f1os, en las etapas iniciales de su carrera deportiva, orient\u00e1ndolos hacia el alto rendimiento. Este programa se enfoca en identificar, desarrollar y apoyar a talentos deportivos, prepar\u00e1ndolos especialmente para competiciones del ciclo ol\u00edmpico y paral\u00edmpico. Adaptamos estrategias y recursos seg\u00fan las necesidades espec\u00edficas.<\/p>\n<\/div>\n<\/div><\/section><\/div><div  style='height:50px' class='hr hr-invisible   avia-builder-el-6  el_after_av_one_full  el_before_av_social_share '><span class='hr-inner ' ><span class='hr-inner-style'><\/span><\/span><\/div><\/p>\n<div  class='av-social-sharing-box  avia-builder-el-7  el_after_av_hr  el_before_av_hr  '><div class='av-share-box'><h5 class='av-share-link-description av-no-toc '>Compartir esta noticia<\/h5><ul class='av-share-box-list noLightbox'><li class='av-share-link av-social-link-facebook' ><a target=\"_blank\" aria-label=\"Compartir en Facebook\" href='https:\/\/www.facebook.com\/sharer.php?u=https:\/\/radiorevelacionfm.cl\/?p=43860&#038;t=Nadadores%20Promesas%20Chile%20Ays%C3%A9n%20reciben%20indumentaria%20para%20afrontar%20nuevas%20competencias' aria-hidden='false' data-av_icon='\ue8f3' data-av_iconfont='entypo-fontello' title='' data-avia-related-tooltip='Compartir en Facebook' rel=\"noopener\"><span class='avia_hidden_link_text'>Compartir en Facebook<\/span><\/a><\/li><li class='av-share-link av-social-link-twitter' ><a target=\"_blank\" aria-label=\"Compartir en Twitter\" href='https:\/\/twitter.com\/share?text=Nadadores%20Promesas%20Chile%20Ays%C3%A9n%20reciben%20indumentaria%20para%20afrontar%20nuevas%20competencias&#038;url=https:\/\/radiorevelacionfm.cl\/?p=43860' aria-hidden='false' data-av_icon='\ue8f1' data-av_iconfont='entypo-fontello' title='' data-avia-related-tooltip='Compartir en Twitter' rel=\"noopener\"><span class='avia_hidden_link_text'>Compartir en Twitter<\/span><\/a><\/li><li class='av-share-link av-social-link-whatsapp' ><a target=\"_blank\" aria-label=\"Compartir en Whatsapp\" href='https:\/\/api.whatsapp.com\/send?text=https:\/\/radiorevelacionfm.cl\/?p=43860' aria-hidden='false' data-av_icon='\uf232' data-av_iconfont='entypo-fontello' title='' data-avia-related-tooltip='Compartir en Whatsapp' rel=\"noopener\"><span class='avia_hidden_link_text'>Compartir en Whatsapp<\/span><\/a><\/li><li class='av-share-link av-social-link-linkedin' ><a target=\"_blank\" aria-label=\"Compartir en LinkedIn\" href='https:\/\/linkedin.com\/shareArticle?mini=true&#038;title=Nadadores%20Promesas%20Chile%20Ays%C3%A9n%20reciben%20indumentaria%20para%20afrontar%20nuevas%20competencias&#038;url=https:\/\/radiorevelacionfm.cl\/?p=43860' aria-hidden='false' data-av_icon='\ue8fc' data-av_iconfont='entypo-fontello' title='' data-avia-related-tooltip='Compartir en LinkedIn' rel=\"noopener\"><span class='avia_hidden_link_text'>Compartir en LinkedIn<\/span><\/a><\/li><li class='av-share-link av-social-link-mail' ><a  aria-label=\"Compartir por correo\" href='mailto:?subject=Nadadores%20Promesas%20Chile%20Ays%C3%A9n%20reciben%20indumentaria%20para%20afrontar%20nuevas%20competencias&#038;body=https:\/\/radiorevelacionfm.cl\/?p=43860' aria-hidden='false' data-av_icon='\ue805' data-av_iconfont='entypo-fontello' title='' data-avia-related-tooltip='Compartir por correo'><span class='avia_hidden_link_text'>Compartir por correo<\/span><\/a><\/li><\/ul><\/div><\/div>\n<div  style='height:50px' class='hr hr-invisible   avia-builder-el-8  el_after_av_social_share  el_before_av_comments_list '><span class='hr-inner ' ><span class='hr-inner-style'><\/span><\/span><\/div>\n<div  class='av-buildercomment  av-blog-meta-html-info-disabled av-blog-meta-tag-disabled  '><\/div>\n","protected":false},"excerpt":{"rendered":"","protected":false},"author":1,"featured_media":43861,"comment_status":"open","ping_status":"open","sticky":false,"template":"","format":"standard","meta":{"footnotes":""},"categories":[40],"tags":[],"class_list":["post-43860","post","type-post","status-publish","format-standard","has-post-thumbnail","hentry","category-deportes"],"jetpack_featured_media_url":"https:\/\/radiorevelacionfm.cl\/wp-content\/uploads\/2024\/07\/image-159-2_optimized.jpg","_links":{"self":[{"href":"https:\/\/radiorevelacionfm.cl\/index.php?rest_route=\/wp\/v2\/posts\/43860","targetHints":{"allow":["GET"]}}],"collection":[{"href":"https:\/\/radiorevelacionfm.cl\/index.php?rest_route=\/wp\/v2\/posts"}],"about":[{"href":"https:\/\/radiorevelacionfm.cl\/index.php?rest_route=\/wp\/v2\/types\/post"}],"author":[{"embeddable":true,"href":"https:\/\/radiorevelacionfm.cl\/index.php?rest_route=\/wp\/v2\/users\/1"}],"replies":[{"embeddable":true,"href":"https:\/\/radiorevelacionfm.cl\/index.php?rest_route=%2Fwp%2Fv2%2Fcomments&post=43860"}],"version-history":[{"count":1,"href":"https:\/\/radiorevelacionfm.cl\/index.php?rest_route=\/wp\/v2\/posts\/43860\/revisions"}],"predecessor-version":[{"id":43862,"href":"https:\/\/radiorevelacionfm.cl\/index.php?rest_route=\/wp\/v2\/posts\/43860\/revisions\/43862"}],"wp:featuredmedia":[{"embeddable":true,"href":"https:\/\/radiorevelacionfm.cl\/index.php?rest_route=\/wp\/v2\/media\/43861"}],"wp:attachment":[{"href":"https:\/\/radiorevelacionfm.cl\/index.php?rest_route=%2Fwp%2Fv2%2Fmedia&parent=43860"}],"wp:term":[{"taxonomy":"category","embeddable":true,"href":"https:\/\/radiorevelacionfm.cl\/index.php?rest_route=%2Fwp%2Fv2%2Fcategories&post=43860"},{"taxonomy":"post_tag","embeddable":true,"href":"https:\/\/radiorevelacionfm.cl\/index.php?rest_route=%2Fwp%2Fv2%2Ftags&post=43860"}],"curies":[{"name":"wp","href":"https:\/\/api.w.org\/{rel}","templated":true}]}}