{"id":43856,"date":"2024-07-04T23:14:39","date_gmt":"2024-07-05T02:14:39","guid":{"rendered":"https:\/\/radiorevelacionfm.cl\/?p=43856"},"modified":"2024-07-04T23:14:39","modified_gmt":"2024-07-05T02:14:39","slug":"ninos-y-ninas-del-jardin-infantil-kau-kalem-reciben-su-cedula-de-identidad","status":"publish","type":"post","link":"https:\/\/radiorevelacionfm.cl\/?p=43856","title":{"rendered":"Ni\u00f1os y ni\u00f1as del Jard\u00edn Infantil Kau Kalem reciben su c\u00e9dula de identidad"},"content":{"rendered":"<div class=\"flex_column av_one_full  flex_column_div av-zero-column-padding first  avia-builder-el-0  el_before_av_one_full  avia-builder-el-first  \" style='border-radius:0px; '><div  class='avia-image-container  av-styling-    avia-builder-el-1  avia-builder-el-no-sibling  avia-align-center '  itemprop=\"image\" itemscope=\"itemscope\" itemtype=\"https:\/\/schema.org\/ImageObject\"  ><div class='avia-image-container-inner'><div class='avia-image-overlay-wrap'><img decoding=\"async\" class='wp-image-43857 avia-img-lazy-loading-not-43857 avia_image' src=\"https:\/\/radiorevelacionfm.cl\/wp-content\/uploads\/2024\/07\/kaukalem-1-2-2.jpg\" alt='' title='kaukalem 1-2-2' height=\"600\" width=\"800\"  itemprop=\"thumbnailUrl\" srcset=\"https:\/\/radiorevelacionfm.cl\/wp-content\/uploads\/2024\/07\/kaukalem-1-2-2.jpg 800w, https:\/\/radiorevelacionfm.cl\/wp-content\/uploads\/2024\/07\/kaukalem-1-2-2-300x225.jpg 300w, https:\/\/radiorevelacionfm.cl\/wp-content\/uploads\/2024\/07\/kaukalem-1-2-2-768x576.jpg 768w, https:\/\/radiorevelacionfm.cl\/wp-content\/uploads\/2024\/07\/kaukalem-1-2-2-705x529.jpg 705w, https:\/\/radiorevelacionfm.cl\/wp-content\/uploads\/2024\/07\/kaukalem-1-2-2-450x338.jpg 450w, https:\/\/radiorevelacionfm.cl\/wp-content\/uploads\/2024\/07\/kaukalem-1-2-2-600x450.jpg 600w\" sizes=\"(max-width: 800px) 100vw, 800px\" \/><\/div><\/div><\/div><\/div><div class=\"flex_column av_one_full  flex_column_div av-zero-column-padding first  avia-builder-el-2  el_after_av_one_full  el_before_av_one_full  column-top-margin\" style='border-radius:0px; '><section class=\"av_textblock_section \"  itemscope=\"itemscope\" itemtype=\"https:\/\/schema.org\/BlogPosting\" itemprop=\"blogPost\" ><div class='avia_textblock  '   itemprop=\"text\" ><p style=\"text-align: center;\"><strong><span style=\"font-size: 18pt;\">Ni\u00f1os y ni\u00f1as del Jard\u00edn Infantil Kau Kalem reciben su c\u00e9dula de identidad<\/span><\/strong><\/p>\n<div id=\"gtx-trans\" style=\"position: absolute; left: -50px; top: 4.31534px;\">\n<div class=\"gtx-trans-icon\"><\/div>\n<\/div>\n<\/div><\/section><\/div><div class=\"flex_column av_one_full  flex_column_div av-zero-column-padding first  avia-builder-el-4  el_after_av_one_full  el_before_av_hr  column-top-margin\" style='border-radius:0px; '><section class=\"av_textblock_section \"  itemscope=\"itemscope\" itemtype=\"https:\/\/schema.org\/BlogPosting\" itemprop=\"blogPost\" ><div class='avia_textblock  '   itemprop=\"text\" ><p style=\"text-align: justify;\">En una peque\u00f1a pero significativa ceremonia realizada el pasado lunes, cuatro ni\u00f1os y ni\u00f1as del Jard\u00edn Infantil Kau Kalem recibieron su c\u00e9dula de identidad, esto en el marco de los derechos de los ni\u00f1os y ni\u00f1as y que nace de una alianza entre la JUNJI y el Registro Civil e Identificaci\u00f3n.<\/p>\n<p style=\"text-align: justify;\">La actividad cont\u00f3 con la presencia del seremi de Justicia y DD.HH Samuel Navarro, la directora del Servicio de Registro Civil e Identificaci\u00f3n Patricia Verdugo, su par de la Junta Nacional de Jardines Infantiles Juan Eduardo Lorca, la directora del establecimiento Sandra Flores, adem\u00e1s de apoderados y personal del jard\u00edn.<\/p>\n<p style=\"text-align: justify;\">La directora regional de Servicio de Registro Civil e Identificaci\u00f3n, Patricia Verdugo valor\u00f3 esta iniciativa dado que \u201cpara nuestro servicio, y particularmente como madre, tiene un especial significado en la Promoci\u00f3n de Derecho a la Identidad en ni\u00f1os y ni\u00f1as, cuya finalidad c\u00e9dula de identidad entre otros se enmarca en: protecci\u00f3n, pertenencia, identidad, es el documento que los acompa\u00f1ar\u00e1 toda su vida en cada tr\u00e1mite que deban realizar a esta corta edad sus padres o cuidadores, y en un futuro por ellos mismos\u201d.<\/p>\n<p style=\"text-align: justify;\">En tanto, el seremi de Justicia y Derechos Humanos, Samuel Navarro se\u00f1al\u00f3 que estas acciones \u00a0permiten acercar los servicios a las personas \u201ces una l\u00ednea de trabajo que desarrolla el Registro Civil en conjunto con distintos jardines Junji y que permiten reforzar ciertos aspectos relacionados con los derechos que tienen los ni\u00f1os en particular el derecho a la identidad, pero nos permite tambi\u00e9n acercar en terreno a las distintas organizaciones o instituciones servicios del Registro Civil e Identificaci\u00f3n, en este caso la obtenci\u00f3n, captura y entrega de c\u00e9dulas de identidad y que basta la coordinaci\u00f3n entre las distas instituciones y el equipo en terreno del registro civil para que puedan desplazarse y concurrir a aquellos lugares donde hay una demanda espec\u00edfica, respecto a estos documentos para los efectos de poder contar con una cedula de identidad vigente\u201d.<\/p>\n<p style=\"text-align: justify;\">Por su parte, el director regional de Junji Ays\u00e9n Juan Eduardo Lorca indic\u00f3 que \u201ciniciativas como \u00e9stas nos permiten articular los esfuerzos interinstitucionales, sobre todo lograr que nuestras familias se acerquen a los jardines infantiles y especialmente para hacer parte a nuestros ni\u00f1os y ni\u00f1as de todos estos derechos y deberes c\u00edvicos que nacen desde la primera infancia\u201d.<\/p>\n<p style=\"text-align: justify;\">A su vez, la directora del Jard\u00edn Infantil Kau Kalem Sandra Flores destac\u00f3 el trabajo colaborativo con el servicio indicando que \u201c\u00e9sta es una pr\u00e1ctica instalada ya desde hace muchos a\u00f1os, agradecer siempre al Registro Civil por la disposici\u00f3n que tiene con nuestro jard\u00edn, ya que es una instancia donde la familia puede venir con los ni\u00f1os y ni\u00f1as para sacar su c\u00e9dula de identidad, esto mediante una programaci\u00f3n y que les permite organizarse\u201d.<\/p>\n<p style=\"text-align: justify;\">Finalmente, destacar que esta instancia que se realiza en distintos jardines infantiles de la regi\u00f3n durante el a\u00f1o, permite a los ni\u00f1os y ni\u00f1as acceder a sus c\u00e9dulas de identidad a trav\u00e9s de los mismos establecimientos, previa coordinaci\u00f3n con el Servicio de Registro Civil e Identificaci\u00f3n, quienes mediante su equipo en terreno acuden a los jardines para la realizaci\u00f3n del tr\u00e1mite, evitando con ello que los padres tengan que llevarlos hasta las oficinas del servicio.<\/p>\n<\/div><\/section><\/div><div  style='height:50px' class='hr hr-invisible   avia-builder-el-6  el_after_av_one_full  el_before_av_social_share '><span class='hr-inner ' ><span class='hr-inner-style'><\/span><\/span><\/div><\/p>\n<div  class='av-social-sharing-box  avia-builder-el-7  el_after_av_hr  el_before_av_hr  '><div class='av-share-box'><h5 class='av-share-link-description av-no-toc '>Compartir esta noticia<\/h5><ul class='av-share-box-list noLightbox'><li class='av-share-link av-social-link-facebook' ><a target=\"_blank\" aria-label=\"Compartir en Facebook\" href='https:\/\/www.facebook.com\/sharer.php?u=https:\/\/radiorevelacionfm.cl\/?p=43856&#038;t=Ni%C3%B1os%20y%20ni%C3%B1as%20del%20Jard%C3%ADn%20Infantil%20Kau%20Kalem%20reciben%20su%20c%C3%A9dula%20de%20identidad' aria-hidden='false' data-av_icon='\ue8f3' data-av_iconfont='entypo-fontello' title='' data-avia-related-tooltip='Compartir en Facebook' rel=\"noopener\"><span class='avia_hidden_link_text'>Compartir en Facebook<\/span><\/a><\/li><li class='av-share-link av-social-link-twitter' ><a target=\"_blank\" aria-label=\"Compartir en Twitter\" href='https:\/\/twitter.com\/share?text=Ni%C3%B1os%20y%20ni%C3%B1as%20del%20Jard%C3%ADn%20Infantil%20Kau%20Kalem%20reciben%20su%20c%C3%A9dula%20de%20identidad&#038;url=https:\/\/radiorevelacionfm.cl\/?p=43856' aria-hidden='false' data-av_icon='\ue8f1' data-av_iconfont='entypo-fontello' title='' data-avia-related-tooltip='Compartir en Twitter' rel=\"noopener\"><span class='avia_hidden_link_text'>Compartir en Twitter<\/span><\/a><\/li><li class='av-share-link av-social-link-whatsapp' ><a target=\"_blank\" aria-label=\"Compartir en Whatsapp\" href='https:\/\/api.whatsapp.com\/send?text=https:\/\/radiorevelacionfm.cl\/?p=43856' aria-hidden='false' data-av_icon='\uf232' data-av_iconfont='entypo-fontello' title='' data-avia-related-tooltip='Compartir en Whatsapp' rel=\"noopener\"><span class='avia_hidden_link_text'>Compartir en Whatsapp<\/span><\/a><\/li><li class='av-share-link av-social-link-linkedin' ><a target=\"_blank\" aria-label=\"Compartir en LinkedIn\" href='https:\/\/linkedin.com\/shareArticle?mini=true&#038;title=Ni%C3%B1os%20y%20ni%C3%B1as%20del%20Jard%C3%ADn%20Infantil%20Kau%20Kalem%20reciben%20su%20c%C3%A9dula%20de%20identidad&#038;url=https:\/\/radiorevelacionfm.cl\/?p=43856' aria-hidden='false' data-av_icon='\ue8fc' data-av_iconfont='entypo-fontello' title='' data-avia-related-tooltip='Compartir en LinkedIn' rel=\"noopener\"><span class='avia_hidden_link_text'>Compartir en LinkedIn<\/span><\/a><\/li><li class='av-share-link av-social-link-mail' ><a  aria-label=\"Compartir por correo\" href='mailto:?subject=Ni%C3%B1os%20y%20ni%C3%B1as%20del%20Jard%C3%ADn%20Infantil%20Kau%20Kalem%20reciben%20su%20c%C3%A9dula%20de%20identidad&#038;body=https:\/\/radiorevelacionfm.cl\/?p=43856' aria-hidden='false' data-av_icon='\ue805' data-av_iconfont='entypo-fontello' title='' data-avia-related-tooltip='Compartir por correo'><span class='avia_hidden_link_text'>Compartir por correo<\/span><\/a><\/li><\/ul><\/div><\/div>\n<div  style='height:50px' class='hr hr-invisible   avia-builder-el-8  el_after_av_social_share  el_before_av_comments_list '><span class='hr-inner ' ><span class='hr-inner-style'><\/span><\/span><\/div>\n<div  class='av-buildercomment  av-blog-meta-html-info-disabled av-blog-meta-tag-disabled  '><\/div>\n","protected":false},"excerpt":{"rendered":"","protected":false},"author":1,"featured_media":43857,"comment_status":"open","ping_status":"open","sticky":false,"template":"","format":"standard","meta":{"footnotes":""},"categories":[38],"tags":[],"class_list":["post-43856","post","type-post","status-publish","format-standard","has-post-thumbnail","hentry","category-regional"],"jetpack_featured_media_url":"https:\/\/radiorevelacionfm.cl\/wp-content\/uploads\/2024\/07\/kaukalem-1-2-2.jpg","_links":{"self":[{"href":"https:\/\/radiorevelacionfm.cl\/index.php?rest_route=\/wp\/v2\/posts\/43856","targetHints":{"allow":["GET"]}}],"collection":[{"href":"https:\/\/radiorevelacionfm.cl\/index.php?rest_route=\/wp\/v2\/posts"}],"about":[{"href":"https:\/\/radiorevelacionfm.cl\/index.php?rest_route=\/wp\/v2\/types\/post"}],"author":[{"embeddable":true,"href":"https:\/\/radiorevelacionfm.cl\/index.php?rest_route=\/wp\/v2\/users\/1"}],"replies":[{"embeddable":true,"href":"https:\/\/radiorevelacionfm.cl\/index.php?rest_route=%2Fwp%2Fv2%2Fcomments&post=43856"}],"version-history":[{"count":1,"href":"https:\/\/radiorevelacionfm.cl\/index.php?rest_route=\/wp\/v2\/posts\/43856\/revisions"}],"predecessor-version":[{"id":43858,"href":"https:\/\/radiorevelacionfm.cl\/index.php?rest_route=\/wp\/v2\/posts\/43856\/revisions\/43858"}],"wp:featuredmedia":[{"embeddable":true,"href":"https:\/\/radiorevelacionfm.cl\/index.php?rest_route=\/wp\/v2\/media\/43857"}],"wp:attachment":[{"href":"https:\/\/radiorevelacionfm.cl\/index.php?rest_route=%2Fwp%2Fv2%2Fmedia&parent=43856"}],"wp:term":[{"taxonomy":"category","embeddable":true,"href":"https:\/\/radiorevelacionfm.cl\/index.php?rest_route=%2Fwp%2Fv2%2Fcategories&post=43856"},{"taxonomy":"post_tag","embeddable":true,"href":"https:\/\/radiorevelacionfm.cl\/index.php?rest_route=%2Fwp%2Fv2%2Ftags&post=43856"}],"curies":[{"name":"wp","href":"https:\/\/api.w.org\/{rel}","templated":true}]}}