{"id":43854,"date":"2024-07-04T22:42:29","date_gmt":"2024-07-05T01:42:29","guid":{"rendered":"https:\/\/radiorevelacionfm.cl\/?p=43854"},"modified":"2024-07-04T22:42:29","modified_gmt":"2024-07-05T01:42:29","slug":"condenan-a-15-anos-y-un-dia-de-presidio-efectivo-a-autor-de-homicidio-calificado-ocurrido-en-nirehuao","status":"publish","type":"post","link":"https:\/\/radiorevelacionfm.cl\/?p=43854","title":{"rendered":"Condenan a 15 a\u00f1os y un d\u00eda de presidio efectivo a autor de homicidio calificado ocurrido en \u00d1irehuao"},"content":{"rendered":"<div class=\"flex_column av_one_full  flex_column_div av-zero-column-padding first  avia-builder-el-0  el_before_av_one_full  avia-builder-el-first  \" style='border-radius:0px; '><div  class='avia-image-container  av-styling-    avia-builder-el-1  avia-builder-el-no-sibling  avia-align-center '  itemprop=\"image\" itemscope=\"itemscope\" itemtype=\"https:\/\/schema.org\/ImageObject\"  ><div class='avia-image-container-inner'><div class='avia-image-overlay-wrap'><img decoding=\"async\" class='wp-image-13477 avia-img-lazy-loading-not-13477 avia_image' src=\"https:\/\/radiorevelacionfm.cl\/wp-content\/uploads\/2022\/02\/foto-1-top-4-1_optimized.jpg\" alt='' title='foto-1-top-4-1_optimized' height=\"573\" width=\"860\"  itemprop=\"thumbnailUrl\" srcset=\"https:\/\/radiorevelacionfm.cl\/wp-content\/uploads\/2022\/02\/foto-1-top-4-1_optimized.jpg 860w, https:\/\/radiorevelacionfm.cl\/wp-content\/uploads\/2022\/02\/foto-1-top-4-1_optimized-300x200.jpg 300w, https:\/\/radiorevelacionfm.cl\/wp-content\/uploads\/2022\/02\/foto-1-top-4-1_optimized-768x512.jpg 768w, https:\/\/radiorevelacionfm.cl\/wp-content\/uploads\/2022\/02\/foto-1-top-4-1_optimized-705x470.jpg 705w, https:\/\/radiorevelacionfm.cl\/wp-content\/uploads\/2022\/02\/foto-1-top-4-1_optimized-600x400.jpg 600w\" sizes=\"(max-width: 860px) 100vw, 860px\" \/><\/div><\/div><\/div><\/div><div class=\"flex_column av_one_full  flex_column_div av-zero-column-padding first  avia-builder-el-2  el_after_av_one_full  el_before_av_one_full  column-top-margin\" style='border-radius:0px; '><section class=\"av_textblock_section \"  itemscope=\"itemscope\" itemtype=\"https:\/\/schema.org\/BlogPosting\" itemprop=\"blogPost\" ><div class='avia_textblock  '   itemprop=\"text\" ><p style=\"text-align: center;\"><strong><span style=\"font-size: 18pt;\">Condenan a 15 a\u00f1os y un d\u00eda de presidio efectivo a autor de homicidio calificado ocurrido en \u00d1irehuao<\/span><\/strong><\/p>\n<div id=\"gtx-trans\" style=\"position: absolute; left: -50px; top: 4.31534px;\">\n<div class=\"gtx-trans-icon\"><\/div>\n<\/div>\n<\/div><\/section><\/div><div class=\"flex_column av_one_full  flex_column_div av-zero-column-padding first  avia-builder-el-4  el_after_av_one_full  el_before_av_hr  column-top-margin\" style='border-radius:0px; '><section class=\"av_textblock_section \"  itemscope=\"itemscope\" itemtype=\"https:\/\/schema.org\/BlogPosting\" itemprop=\"blogPost\" ><div class='avia_textblock  '   itemprop=\"text\" ><p class=\"v1MsoNormal\" style=\"text-align: justify;\">El Tribunal de Juicio Oral en lo Penal de Coyhaique conden\u00f3 a Claudio\u00a0del\u00a0Carmen Concha Avil\u00e9s a la pena de cumplimiento efectivo de 15 a\u00f1os y un d\u00eda de presidio, m\u00e1s las accesorias legales de inhabilitaci\u00f3n absoluta perpetua para cargos y oficios p\u00fablicos y derechos pol\u00edticos y la inhabilitaci\u00f3n absoluta para profesiones titulares mientras dure la condena, en calidad de autor del delito consumado de homicidio calificado. Il\u00edcito perpetrado en agosto del a\u00f1o pasado, en la comuna.<\/p>\n<p class=\"v1MsoNormal\" style=\"text-align: justify;\">En fallo un\u00e1nime, el tribunal \u2013integrado por los magistrados M\u00f3nica Coloma (presidenta), Rosal\u00eda Mansilla y Patricio Z\u00fa\u00f1iga (redactor)\u2013 conden\u00f3 al acusado\u00a0Cristi\u00e1n\u00a0Robinson Arratia Zurita a 6 a\u00f1os de presidio efectivo y accesorias de inhabilitaci\u00f3n absoluta perpetua para cargos y oficios p\u00fablicos y derechos pol\u00edticos y la inhabilitaci\u00f3n absoluta para profesiones titulares mientras dure la condena, como encubridor del delito.<\/p>\n<p class=\"v1MsoNormal\" style=\"text-align: justify;\">Asimismo, el tribunal impuso a los condenados el pago de 1,13 UTM mensuales cada uno, correspondiente a los alimentos\u00a0congruos\u00a0(m\u00ednimos) para la subsistencia de la familia de la v\u00edctima; adem\u00e1s del pago de las costas de la causa.<\/p>\n<p class=\"v1MsoNormal\" style=\"text-align: justify;\">Una vez que el fallo quede ejecutoriado, el tribunal dispuso que se proceda a la toma de muestras biol\u00f3gicas de los sentenciados para determinar\u00a0sus respectivas huellas gen\u00e9ticas\u00a0e incorporaci\u00f3n en el registro nacional de ADN de condenados. Adem\u00e1s, se orden\u00f3 el comiso y destrucci\u00f3n del arma blanca incautada en el procedimiento.<\/p>\n<p class=\"v1MsoNormal\" style=\"text-align: justify;\">El tribunal dio por acreditado, m\u00e1s all\u00e1 de toda duda razonable, que en una hora indeterminada, entre el 2 y el 3 de agosto de 2023, Concha Avil\u00e9s se traslad\u00f3\u0301 hasta el domicilio de Arratia Zurita, ubicado en el kil\u00f3metro 18 de la Ruta X-445, sector de El Richard, comuna de Coyhaique, acompa\u00f1ado por la v\u00edctima, F\u00e9lix Soto Riquelme, con quien hab\u00edan estado bebiendo en el domicilio de un tercero.<\/p>\n<p class=\"v1MsoNormal\" style=\"text-align: justify;\">Una vez en el lugar, Concha Avil\u00e9s apu\u00f1al\u00f3 a Soto Riquelme, actuando sobre seguro debido al estado et\u00edlico de la v\u00edctima, caus\u00e1ndole cuatro heridas penetrantes tor\u00e1cicas, dos de ellas penetrantes card\u00edacas. Lesiones que le causaron la muerte por shock hipovol\u00e9mico.<\/p>\n<p class=\"v1MsoNormal\" style=\"text-align: justify;\">Posteriormente, con la ayuda de Arratia Zurita, traslad\u00f3 el cuerpo de la v\u00edctima hasta el r\u00edo \u00d1irehuao, distante a unos 100 metros de la casa, y lo lanzaron a dicho cauce.<\/p>\n<\/div><\/section><\/div><div  style='height:50px' class='hr hr-invisible   avia-builder-el-6  el_after_av_one_full  el_before_av_social_share '><span class='hr-inner ' ><span class='hr-inner-style'><\/span><\/span><\/div><\/p>\n<div  class='av-social-sharing-box  avia-builder-el-7  el_after_av_hr  el_before_av_hr  '><div class='av-share-box'><h5 class='av-share-link-description av-no-toc '>Compartir esta noticia<\/h5><ul class='av-share-box-list noLightbox'><li class='av-share-link av-social-link-facebook' ><a target=\"_blank\" aria-label=\"Compartir en Facebook\" href='https:\/\/www.facebook.com\/sharer.php?u=https:\/\/radiorevelacionfm.cl\/?p=43854&#038;t=Condenan%20a%2015%20a%C3%B1os%20y%20un%20d%C3%ADa%20de%20presidio%20efectivo%20a%20autor%20de%20homicidio%20calificado%20ocurrido%20en%20%C3%91irehuao' aria-hidden='false' data-av_icon='\ue8f3' data-av_iconfont='entypo-fontello' title='' data-avia-related-tooltip='Compartir en Facebook' rel=\"noopener\"><span class='avia_hidden_link_text'>Compartir en Facebook<\/span><\/a><\/li><li class='av-share-link av-social-link-twitter' ><a target=\"_blank\" aria-label=\"Compartir en Twitter\" href='https:\/\/twitter.com\/share?text=Condenan%20a%2015%20a%C3%B1os%20y%20un%20d%C3%ADa%20de%20presidio%20efectivo%20a%20autor%20de%20homicidio%20calificado%20ocurrido%20en%20%C3%91irehuao&#038;url=https:\/\/radiorevelacionfm.cl\/?p=43854' aria-hidden='false' data-av_icon='\ue8f1' data-av_iconfont='entypo-fontello' title='' data-avia-related-tooltip='Compartir en Twitter' rel=\"noopener\"><span class='avia_hidden_link_text'>Compartir en Twitter<\/span><\/a><\/li><li class='av-share-link av-social-link-whatsapp' ><a target=\"_blank\" aria-label=\"Compartir en Whatsapp\" href='https:\/\/api.whatsapp.com\/send?text=https:\/\/radiorevelacionfm.cl\/?p=43854' aria-hidden='false' data-av_icon='\uf232' data-av_iconfont='entypo-fontello' title='' data-avia-related-tooltip='Compartir en Whatsapp' rel=\"noopener\"><span class='avia_hidden_link_text'>Compartir en Whatsapp<\/span><\/a><\/li><li class='av-share-link av-social-link-linkedin' ><a target=\"_blank\" aria-label=\"Compartir en LinkedIn\" href='https:\/\/linkedin.com\/shareArticle?mini=true&#038;title=Condenan%20a%2015%20a%C3%B1os%20y%20un%20d%C3%ADa%20de%20presidio%20efectivo%20a%20autor%20de%20homicidio%20calificado%20ocurrido%20en%20%C3%91irehuao&#038;url=https:\/\/radiorevelacionfm.cl\/?p=43854' aria-hidden='false' data-av_icon='\ue8fc' data-av_iconfont='entypo-fontello' title='' data-avia-related-tooltip='Compartir en LinkedIn' rel=\"noopener\"><span class='avia_hidden_link_text'>Compartir en LinkedIn<\/span><\/a><\/li><li class='av-share-link av-social-link-mail' ><a  aria-label=\"Compartir por correo\" href='mailto:?subject=Condenan%20a%2015%20a%C3%B1os%20y%20un%20d%C3%ADa%20de%20presidio%20efectivo%20a%20autor%20de%20homicidio%20calificado%20ocurrido%20en%20%C3%91irehuao&#038;body=https:\/\/radiorevelacionfm.cl\/?p=43854' aria-hidden='false' data-av_icon='\ue805' data-av_iconfont='entypo-fontello' title='' data-avia-related-tooltip='Compartir por correo'><span class='avia_hidden_link_text'>Compartir por correo<\/span><\/a><\/li><\/ul><\/div><\/div>\n<div  style='height:50px' class='hr hr-invisible   avia-builder-el-8  el_after_av_social_share  el_before_av_comments_list '><span class='hr-inner ' ><span class='hr-inner-style'><\/span><\/span><\/div>\n<div  class='av-buildercomment  av-blog-meta-html-info-disabled av-blog-meta-tag-disabled  '><\/div>\n","protected":false},"excerpt":{"rendered":"","protected":false},"author":1,"featured_media":13477,"comment_status":"open","ping_status":"open","sticky":false,"template":"","format":"standard","meta":{"footnotes":""},"categories":[55],"tags":[],"class_list":["post-43854","post","type-post","status-publish","format-standard","has-post-thumbnail","hentry","category-justicia"],"jetpack_featured_media_url":"https:\/\/radiorevelacionfm.cl\/wp-content\/uploads\/2022\/02\/foto-1-top-4-1_optimized.jpg","_links":{"self":[{"href":"https:\/\/radiorevelacionfm.cl\/index.php?rest_route=\/wp\/v2\/posts\/43854","targetHints":{"allow":["GET"]}}],"collection":[{"href":"https:\/\/radiorevelacionfm.cl\/index.php?rest_route=\/wp\/v2\/posts"}],"about":[{"href":"https:\/\/radiorevelacionfm.cl\/index.php?rest_route=\/wp\/v2\/types\/post"}],"author":[{"embeddable":true,"href":"https:\/\/radiorevelacionfm.cl\/index.php?rest_route=\/wp\/v2\/users\/1"}],"replies":[{"embeddable":true,"href":"https:\/\/radiorevelacionfm.cl\/index.php?rest_route=%2Fwp%2Fv2%2Fcomments&post=43854"}],"version-history":[{"count":1,"href":"https:\/\/radiorevelacionfm.cl\/index.php?rest_route=\/wp\/v2\/posts\/43854\/revisions"}],"predecessor-version":[{"id":43855,"href":"https:\/\/radiorevelacionfm.cl\/index.php?rest_route=\/wp\/v2\/posts\/43854\/revisions\/43855"}],"wp:featuredmedia":[{"embeddable":true,"href":"https:\/\/radiorevelacionfm.cl\/index.php?rest_route=\/wp\/v2\/media\/13477"}],"wp:attachment":[{"href":"https:\/\/radiorevelacionfm.cl\/index.php?rest_route=%2Fwp%2Fv2%2Fmedia&parent=43854"}],"wp:term":[{"taxonomy":"category","embeddable":true,"href":"https:\/\/radiorevelacionfm.cl\/index.php?rest_route=%2Fwp%2Fv2%2Fcategories&post=43854"},{"taxonomy":"post_tag","embeddable":true,"href":"https:\/\/radiorevelacionfm.cl\/index.php?rest_route=%2Fwp%2Fv2%2Ftags&post=43854"}],"curies":[{"name":"wp","href":"https:\/\/api.w.org\/{rel}","templated":true}]}}