{"id":4385,"date":"2021-05-21T22:38:07","date_gmt":"2021-05-22T01:38:07","guid":{"rendered":"https:\/\/radiorevelacionfm.cl\/?p=4385"},"modified":"2021-05-21T22:48:16","modified_gmt":"2021-05-22T01:48:16","slug":"estudiantes-de-liceos-tecnicos-profesionales-han-perdido-mas-de-la-mitad-de-sus-horas-practicas","status":"publish","type":"post","link":"https:\/\/radiorevelacionfm.cl\/?p=4385","title":{"rendered":"Estudiantes de liceos t\u00e9cnicos profesionales han perdido m\u00e1s de la mitad de sus horas pr\u00e1cticas"},"content":{"rendered":"<div class=\"flex_column av_one_full  flex_column_div av-zero-column-padding first  avia-builder-el-0  el_before_av_one_full  avia-builder-el-first  \" style='border-radius:0px; '><div  class='avia-image-container  av-styling-    avia-builder-el-1  avia-builder-el-no-sibling  avia-align-center '  itemprop=\"image\" itemscope=\"itemscope\" itemtype=\"https:\/\/schema.org\/ImageObject\"  ><div class='avia-image-container-inner'><div class='avia-image-overlay-wrap'><img decoding=\"async\" class='wp-image-0 avia-img-lazy-loading-not-0 avia_image' src=\"https:\/\/radiorevelacionfm.cl\/wp-content\/uploads\/2021\/05\/tp-foto-archivo-1-1.jpg\" alt='' title=''   itemprop=\"thumbnailUrl\"  \/><\/div><\/div><\/div><\/div><div class=\"flex_column av_one_full  flex_column_div av-zero-column-padding first  avia-builder-el-2  el_after_av_one_full  el_before_av_one_full  column-top-margin\" style='border-radius:0px; '><section class=\"av_textblock_section \"  itemscope=\"itemscope\" itemtype=\"https:\/\/schema.org\/BlogPosting\" itemprop=\"blogPost\" ><div class='avia_textblock  '   itemprop=\"text\" ><p style=\"text-align: center;\"><strong><span style=\"font-size: 18pt;\">Estudiantes de liceos t\u00e9cnicos profesionales han perdido m\u00e1s de la mitad de sus horas pr\u00e1cticas<\/span><\/strong><\/p>\n<div id=\"gtx-trans\" style=\"position: absolute; left: -50px; top: 4.31534px;\">\n<div class=\"gtx-trans-icon\"><\/div>\n<\/div>\n<\/div><\/section><\/div><div class=\"flex_column av_one_full  flex_column_div av-zero-column-padding first  avia-builder-el-4  el_after_av_one_full  el_before_av_hr  column-top-margin\" style='border-radius:0px; '><section class=\"av_textblock_section \"  itemscope=\"itemscope\" itemtype=\"https:\/\/schema.org\/BlogPosting\" itemprop=\"blogPost\" ><div class='avia_textblock  '   itemprop=\"text\" ><p class=\"v1MsoNormal\" style=\"text-align: justify;\">Pese a que poco a poco los establecimientos educacionales del pa\u00eds est\u00e1n reabriendo sus puertas para que sus estudiantes contin\u00faen con las actividades presenciales, el Seremi de Educaci\u00f3n de Ays\u00e9n Sergio Becerra Mera mostr\u00f3 su preocupaci\u00f3n por los estudiantes de Liceos T\u00e9cnico profesionales (TP) de la regi\u00f3n, uno de los sectores m\u00e1s afectados por la suspensi\u00f3n de clases presenciales a causa del Covid-19.<\/p>\n<p class=\"v1MsoNormal\" style=\"text-align: justify;\"><span lang=\"ES-TRAD\">De acuerdo al Ministerio de Educaci\u00f3n en el pa\u00eds m\u00e1s de 150 mil estudiantes de esta modalidad educativa se han visto afectados por la p\u00e9rdida de horas pr\u00e1cticas, particularmente aquellos de los 409 liceos TP del pa\u00eds que no han reanudado clases presenciales desde marzo de 2020.<\/span><\/p>\n<p class=\"v1MsoNormal\" style=\"text-align: justify;\"><span lang=\"ES-TRAD\">En la Regi\u00f3n de Ays\u00e9n, 67 estudiantes de Cuarto Medio T\u00e9cnico Profesional han perdido un 61% de sus horas pr\u00e1cticas (571)<\/span><span lang=\"ES-TRAD\">\u00a0<\/span><span lang=\"ES-TRAD\">por la no realizaci\u00f3n de clases desde 2020, lo que supone un tercio de la formaci\u00f3n necesaria para su especialidad. En tanto, durante el a\u00f1o escolar 2020, 658 estudiantes de 3\u00b0 y 4\u00b0 Medio T\u00e9cnico Profesional perdieron en promedio 436 horas pr\u00e1cticas, lo que equivale al 52% de su formaci\u00f3n.<\/span><\/p>\n<p class=\"v1MsoNormal\" style=\"text-align: justify;\"><span lang=\"ES-TRAD\">Sergio Becerra calific\u00f3 esta situaci\u00f3n como muy grave por lo que hizo un llamado a que los establecimientos mantengan abiertas sus puertas. \u00abEs importante que en la medida que las condiciones sanitarias lo permitan, los sostenedores, especialmente los municipios, hagan los esfuerzos necesarios para que los estudiantes vuelvan o permanezcan en la presencialidad, Son ellos los principales sostenedores de la educaci\u00f3n p\u00fablica y es fundamental que aseguren el derecho de los alumnos a la educaci\u00f3n. La pandemia nos ha llevado a una situaci\u00f3n cr\u00edtica en cuanto a la p\u00e9rdida de los aprendizajes, por lo que tenemos que hacer todos los esfuerzos para recuperarlos cuanto antes\u00bb.<\/span><\/p>\n<p class=\"v1MsoNormal\" style=\"text-align: justify;\"><span lang=\"ES-TRAD\">Asimismo, los estudiantes del \u00e1rea t\u00e9cnico\u00a0profesional son quienes valoran positivamente el retorno a las clases presenciales.<\/span><\/p>\n<p class=\"v1MsoNormal\" style=\"text-align: justify;\"><span lang=\"ES-TRAD\">Ricardo Haro, estudiante de 4\u00b0 Medio de la especialidad de Mec\u00e1nica del Liceo Polit\u00e9cnico A 1 de Puerto Ays\u00e9n expres\u00f3 que \u00abLa formaci\u00f3n t\u00e9cnico profesional siempre se ha dado en forma presencial en la sala de clases. Ese es el espacio donde aprendemos integralmente. Para nosotros como alumnos de la ense\u00f1anza t\u00e9cnico profesional las clases presenciales son fundamentales y en el a\u00f1o 2020 perdimos la posibilidad de formarnos t\u00e9cnicamente y desarrollar las habilidades propias de nuestra especialidad. Por eso este a\u00f1o son tan importantes las clases presenciales porque nuestra formaci\u00f3n se logra haciendo, practicando en los talleres transformando lo te\u00f3rico en acciones pr\u00e1cticas y esto lo podemos hacer en las clases no en forma virtual\u00bb.<\/span><\/p>\n<p class=\"v1MsoNormal\" style=\"text-align: justify;\"><span lang=\"ES-TRAD\">Por su parte, Javiera Jara estudiante de 4\u00b0 Medio de la Especialidad de Enfermer\u00eda del Liceo Polit\u00e9cnico A 1 expres\u00f3. \u00abPara mi es importante asistir presencialmente a clases porque es en el liceo donde est\u00e1n los laboratorios cl\u00ednicos y ah\u00ed se realizan las actividades pr\u00e1cticas de la especialidad, trabajando en equipo y aprendemos de nuestros errores. y es una herramienta de evaluaci\u00f3n\u00bb.<\/span><\/p>\n<p class=\"v1MsoNormal\" style=\"text-align: justify;\"><span lang=\"ES-TRAD\">Cabe consignar que en el presente a\u00f1o escolar en todo el pa\u00eds\u00a0 m\u00e1s de 74 mil estudiantes acumulan 123 horas pr\u00e1cticas perdidas para su formaci\u00f3n espec\u00edfica y en la regi\u00f3n de Ays\u00e9n 133 estudiantes de 3\u00b0 y 4\u00b0 Medio T\u00e9cnico Profesional han perdido en promedio 127 horas pr\u00e1cticas de su formaci\u00f3n espec\u00edfica.\u00a0<\/span><\/p>\n<\/div><\/section><\/div><div  style='height:50px' class='hr hr-invisible   avia-builder-el-6  el_after_av_one_full  el_before_av_social_share '><span class='hr-inner ' ><span class='hr-inner-style'><\/span><\/span><\/div><\/p>\n<div  class='av-social-sharing-box  avia-builder-el-7  el_after_av_hr  el_before_av_hr  '><div class='av-share-box'><h5 class='av-share-link-description av-no-toc '>Compartir esta noticia<\/h5><ul class='av-share-box-list noLightbox'><li class='av-share-link av-social-link-facebook' ><a target=\"_blank\" aria-label=\"Compartir en Facebook\" href='https:\/\/www.facebook.com\/sharer.php?u=https:\/\/radiorevelacionfm.cl\/?p=4385&#038;t=Estudiantes%20de%20liceos%20t%C3%A9cnicos%20profesionales%20han%20perdido%20m%C3%A1s%20de%20la%20mitad%20de%20sus%20horas%20pr%C3%A1cticas' aria-hidden='false' data-av_icon='\ue8f3' data-av_iconfont='entypo-fontello' title='' data-avia-related-tooltip='Compartir en Facebook' rel=\"noopener\"><span class='avia_hidden_link_text'>Compartir en Facebook<\/span><\/a><\/li><li class='av-share-link av-social-link-twitter' ><a target=\"_blank\" aria-label=\"Compartir en Twitter\" href='https:\/\/twitter.com\/share?text=Estudiantes%20de%20liceos%20t%C3%A9cnicos%20profesionales%20han%20perdido%20m%C3%A1s%20de%20la%20mitad%20de%20sus%20horas%20pr%C3%A1cticas&#038;url=https:\/\/radiorevelacionfm.cl\/?p=4385' aria-hidden='false' data-av_icon='\ue8f1' data-av_iconfont='entypo-fontello' title='' data-avia-related-tooltip='Compartir en Twitter' rel=\"noopener\"><span class='avia_hidden_link_text'>Compartir en Twitter<\/span><\/a><\/li><li class='av-share-link av-social-link-whatsapp' ><a target=\"_blank\" aria-label=\"Compartir en Whatsapp\" href='https:\/\/api.whatsapp.com\/send?text=https:\/\/radiorevelacionfm.cl\/?p=4385' aria-hidden='false' data-av_icon='\uf232' data-av_iconfont='entypo-fontello' title='' data-avia-related-tooltip='Compartir en Whatsapp' rel=\"noopener\"><span class='avia_hidden_link_text'>Compartir en Whatsapp<\/span><\/a><\/li><li class='av-share-link av-social-link-linkedin' ><a target=\"_blank\" aria-label=\"Compartir en LinkedIn\" href='https:\/\/linkedin.com\/shareArticle?mini=true&#038;title=Estudiantes%20de%20liceos%20t%C3%A9cnicos%20profesionales%20han%20perdido%20m%C3%A1s%20de%20la%20mitad%20de%20sus%20horas%20pr%C3%A1cticas&#038;url=https:\/\/radiorevelacionfm.cl\/?p=4385' aria-hidden='false' data-av_icon='\ue8fc' data-av_iconfont='entypo-fontello' title='' data-avia-related-tooltip='Compartir en LinkedIn' rel=\"noopener\"><span class='avia_hidden_link_text'>Compartir en LinkedIn<\/span><\/a><\/li><li class='av-share-link av-social-link-mail' ><a  aria-label=\"Compartir por correo\" href='mailto:?subject=Estudiantes%20de%20liceos%20t%C3%A9cnicos%20profesionales%20han%20perdido%20m%C3%A1s%20de%20la%20mitad%20de%20sus%20horas%20pr%C3%A1cticas&#038;body=https:\/\/radiorevelacionfm.cl\/?p=4385' aria-hidden='false' data-av_icon='\ue805' data-av_iconfont='entypo-fontello' title='' data-avia-related-tooltip='Compartir por correo'><span class='avia_hidden_link_text'>Compartir por correo<\/span><\/a><\/li><\/ul><\/div><\/div>\n<div  style='height:50px' class='hr hr-invisible   avia-builder-el-8  el_after_av_social_share  el_before_av_comments_list '><span class='hr-inner ' ><span class='hr-inner-style'><\/span><\/span><\/div>\n<div  class='av-buildercomment  av-blog-meta-html-info-disabled av-blog-meta-tag-disabled  '><\/div>\n","protected":false},"excerpt":{"rendered":"","protected":false},"author":1,"featured_media":0,"comment_status":"open","ping_status":"open","sticky":false,"template":"","format":"standard","meta":{"footnotes":""},"categories":[49],"tags":[],"class_list":["post-4385","post","type-post","status-publish","format-standard","hentry","category-educacion"],"jetpack_featured_media_url":"","_links":{"self":[{"href":"https:\/\/radiorevelacionfm.cl\/index.php?rest_route=\/wp\/v2\/posts\/4385","targetHints":{"allow":["GET"]}}],"collection":[{"href":"https:\/\/radiorevelacionfm.cl\/index.php?rest_route=\/wp\/v2\/posts"}],"about":[{"href":"https:\/\/radiorevelacionfm.cl\/index.php?rest_route=\/wp\/v2\/types\/post"}],"author":[{"embeddable":true,"href":"https:\/\/radiorevelacionfm.cl\/index.php?rest_route=\/wp\/v2\/users\/1"}],"replies":[{"embeddable":true,"href":"https:\/\/radiorevelacionfm.cl\/index.php?rest_route=%2Fwp%2Fv2%2Fcomments&post=4385"}],"version-history":[{"count":1,"href":"https:\/\/radiorevelacionfm.cl\/index.php?rest_route=\/wp\/v2\/posts\/4385\/revisions"}],"predecessor-version":[{"id":4387,"href":"https:\/\/radiorevelacionfm.cl\/index.php?rest_route=\/wp\/v2\/posts\/4385\/revisions\/4387"}],"wp:attachment":[{"href":"https:\/\/radiorevelacionfm.cl\/index.php?rest_route=%2Fwp%2Fv2%2Fmedia&parent=4385"}],"wp:term":[{"taxonomy":"category","embeddable":true,"href":"https:\/\/radiorevelacionfm.cl\/index.php?rest_route=%2Fwp%2Fv2%2Fcategories&post=4385"},{"taxonomy":"post_tag","embeddable":true,"href":"https:\/\/radiorevelacionfm.cl\/index.php?rest_route=%2Fwp%2Fv2%2Ftags&post=4385"}],"curies":[{"name":"wp","href":"https:\/\/api.w.org\/{rel}","templated":true}]}}