{"id":43845,"date":"2024-07-05T18:57:39","date_gmt":"2024-07-05T21:57:39","guid":{"rendered":"https:\/\/radiorevelacionfm.cl\/?p=43845"},"modified":"2024-07-05T18:57:39","modified_gmt":"2024-07-05T21:57:39","slug":"diputado-calisto-entrega-apoyo-a-agrupacion-esperanza-de-vida-acusan-abandono-del-estado","status":"publish","type":"post","link":"https:\/\/radiorevelacionfm.cl\/?p=43845","title":{"rendered":"Diputado Calisto entrega apoyo a agrupaci\u00f3n Esperanza de Vida: Acusan abandono del Estado"},"content":{"rendered":"<div class=\"flex_column av_one_full  flex_column_div av-zero-column-padding first  avia-builder-el-0  el_before_av_one_full  avia-builder-el-first  \" style='border-radius:0px; '><div  class='avia-image-container  av-styling-    avia-builder-el-1  avia-builder-el-no-sibling  avia-align-center '  itemprop=\"image\" itemscope=\"itemscope\" itemtype=\"https:\/\/schema.org\/ImageObject\"  ><div class='avia-image-container-inner'><div class='avia-image-overlay-wrap'><img decoding=\"async\" class='wp-image-43846 avia-img-lazy-loading-not-43846 avia_image' src=\"https:\/\/radiorevelacionfm.cl\/wp-content\/uploads\/2024\/07\/FOTO-ESPERANZA-DE-VIDA-1-1.jpg\" alt='' title='FOTO ESPERANZA DE VIDA (1) (1)' height=\"600\" width=\"1067\"  itemprop=\"thumbnailUrl\" srcset=\"https:\/\/radiorevelacionfm.cl\/wp-content\/uploads\/2024\/07\/FOTO-ESPERANZA-DE-VIDA-1-1.jpg 1067w, https:\/\/radiorevelacionfm.cl\/wp-content\/uploads\/2024\/07\/FOTO-ESPERANZA-DE-VIDA-1-1-300x169.jpg 300w, https:\/\/radiorevelacionfm.cl\/wp-content\/uploads\/2024\/07\/FOTO-ESPERANZA-DE-VIDA-1-1-1030x579.jpg 1030w, https:\/\/radiorevelacionfm.cl\/wp-content\/uploads\/2024\/07\/FOTO-ESPERANZA-DE-VIDA-1-1-768x432.jpg 768w, https:\/\/radiorevelacionfm.cl\/wp-content\/uploads\/2024\/07\/FOTO-ESPERANZA-DE-VIDA-1-1-705x396.jpg 705w, https:\/\/radiorevelacionfm.cl\/wp-content\/uploads\/2024\/07\/FOTO-ESPERANZA-DE-VIDA-1-1-450x253.jpg 450w, https:\/\/radiorevelacionfm.cl\/wp-content\/uploads\/2024\/07\/FOTO-ESPERANZA-DE-VIDA-1-1-600x337.jpg 600w\" sizes=\"(max-width: 1067px) 100vw, 1067px\" \/><\/div><\/div><\/div><\/div><div class=\"flex_column av_one_full  flex_column_div av-zero-column-padding first  avia-builder-el-2  el_after_av_one_full  el_before_av_one_full  column-top-margin\" style='border-radius:0px; '><section class=\"av_textblock_section \"  itemscope=\"itemscope\" itemtype=\"https:\/\/schema.org\/BlogPosting\" itemprop=\"blogPost\" ><div class='avia_textblock  '   itemprop=\"text\" ><p style=\"text-align: center;\"><span style=\"font-size: 18pt;\"><b><span lang=\"ES\">Diputado Calisto entrega apoyo a agrupaci\u00f3n Esperanza de Vida: Acusan abandono del Estado<\/span><\/b><\/span><\/p>\n<div id=\"gtx-trans\" style=\"position: absolute; left: -50px; top: 4.31534px;\">\n<div class=\"gtx-trans-icon\"><\/div>\n<\/div>\n<\/div><\/section><\/div><div class=\"flex_column av_one_full  flex_column_div av-zero-column-padding first  avia-builder-el-4  el_after_av_one_full  el_before_av_hr  column-top-margin\" style='border-radius:0px; '><section class=\"av_textblock_section \"  itemscope=\"itemscope\" itemtype=\"https:\/\/schema.org\/BlogPosting\" itemprop=\"blogPost\" ><div class='avia_textblock  '   itemprop=\"text\" ><p style=\"font-weight: 400; text-align: justify;\">El diputado Miguel \u00c1ngel Calisto se reuni\u00f3 en Puerto Ays\u00e9n con dirigentes y socios de la agrupaci\u00f3n Esperanza de Vida, organizaci\u00f3n que aboga por tratamientos y operaciones bari\u00e1tricas para las personas que sufren obesidad, quienes acusan que han sido dejados de lado por el actual Gobierno al no poder acceder a las cirug\u00edas.<\/p>\n<p style=\"font-weight: 400; text-align: justify;\">Seg\u00fan el legislador, \u201ca esta agrupaci\u00f3n la conocemos hace cerca de 11 a\u00f1os cuando se constituy\u00f3. Ellos levantaron la voz acerca de la necesidad de las operaciones bari\u00e1ticas y de apoyar a las personas con obesidad en la regi\u00f3n. Nosotros tenemos uno de los \u00edndices m\u00e1s altos de obesidad en el pa\u00eds, algo que incluso viene de la primera infancia. Entonces es muy necesario que las pol\u00edticas p\u00fablicas apunten a combatir este problema desde la primera infancia\u201d.<\/p>\n<p style=\"font-weight: 400; text-align: justify;\">\u201cPero tambi\u00e9n tenemos que poner los recursos para atender tambi\u00e9n a aquellas personas que hoy tienen problemas de salud por la obesidad. Nosotros en la ley de presupuesto aprobamos un presupuesto para las operaciones bari\u00e1tricas. Lamentablemente, esto no est\u00e1 llegando a agrupaci\u00f3n Esperanza de Vida, quienes lideraron este tema a nivel regional y nacional. Ellos, luego de haber levantado la voz, quedaron fuera de los beneficios\u201d, se\u00f1al\u00f3.<\/p>\n<p style=\"font-weight: 400; text-align: justify;\">Calisto agreg\u00f3 que \u201cesto no lo podemos permitir, por lo que vamos a acompa\u00f1ar con toda la asesor\u00eda legal, por da\u00f1os o perjuicios. Esperamos que el Servicio de Salud reaccione, porque el objetivo es que las personas que son socias de esta agrupaci\u00f3n, tambi\u00e9n puedan ser beneficiarias de la operaci\u00f3n. Esto no es una situaci\u00f3n est\u00e9tica, sino algo de salud que afecta a mucha gente que no pudo optar a este beneficio. Es importante que se aborde de manera integral\u201d.<\/p>\n<p style=\"font-weight: 400; text-align: justify;\">Por su parte, Jaqueline Melinao, presidenta de la Esperanza de Vida, asegur\u00f3 que \u201cel diputado tuvo toda la disponibilidad de venir a apoyarnos como agrupaci\u00f3n. Estamos bastante sentidos y enojados, porque estamos abandonados. Nosotros fuimos los primeros que alzaron la voz por los problemas que afectan a las personas con obesidad. Hoy estamos totalmente dejados de lado como agrupaci\u00f3n\u201d.<\/p>\n<p style=\"font-weight: 400; text-align: justify;\">Finalmente, la dirigenta indic\u00f3 que \u201csi es necesario llegar a las calles, viajar a Santiago, lo haremos. Estamos evaluando presentar acciones legales a nivel regional por el constante maltrato psicol\u00f3gico a los pacientes de nuestra organizaci\u00f3n\u201d.<\/p>\n<\/div><\/section><\/div><div  style='height:50px' class='hr hr-invisible   avia-builder-el-6  el_after_av_one_full  el_before_av_social_share '><span class='hr-inner ' ><span class='hr-inner-style'><\/span><\/span><\/div><\/p>\n<div  class='av-social-sharing-box  avia-builder-el-7  el_after_av_hr  el_before_av_hr  '><div class='av-share-box'><h5 class='av-share-link-description av-no-toc '>Compartir esta noticia<\/h5><ul class='av-share-box-list noLightbox'><li class='av-share-link av-social-link-facebook' ><a target=\"_blank\" aria-label=\"Compartir en Facebook\" href='https:\/\/www.facebook.com\/sharer.php?u=https:\/\/radiorevelacionfm.cl\/?p=43845&#038;t=Diputado%20Calisto%20entrega%20apoyo%20a%20agrupaci%C3%B3n%20Esperanza%20de%20Vida%3A%20Acusan%20abandono%20del%20Estado' aria-hidden='false' data-av_icon='\ue8f3' data-av_iconfont='entypo-fontello' title='' data-avia-related-tooltip='Compartir en Facebook' rel=\"noopener\"><span class='avia_hidden_link_text'>Compartir en Facebook<\/span><\/a><\/li><li class='av-share-link av-social-link-twitter' ><a target=\"_blank\" aria-label=\"Compartir en Twitter\" href='https:\/\/twitter.com\/share?text=Diputado%20Calisto%20entrega%20apoyo%20a%20agrupaci%C3%B3n%20Esperanza%20de%20Vida%3A%20Acusan%20abandono%20del%20Estado&#038;url=https:\/\/radiorevelacionfm.cl\/?p=43845' aria-hidden='false' data-av_icon='\ue8f1' data-av_iconfont='entypo-fontello' title='' data-avia-related-tooltip='Compartir en Twitter' rel=\"noopener\"><span class='avia_hidden_link_text'>Compartir en Twitter<\/span><\/a><\/li><li class='av-share-link av-social-link-whatsapp' ><a target=\"_blank\" aria-label=\"Compartir en Whatsapp\" href='https:\/\/api.whatsapp.com\/send?text=https:\/\/radiorevelacionfm.cl\/?p=43845' aria-hidden='false' data-av_icon='\uf232' data-av_iconfont='entypo-fontello' title='' data-avia-related-tooltip='Compartir en Whatsapp' rel=\"noopener\"><span class='avia_hidden_link_text'>Compartir en Whatsapp<\/span><\/a><\/li><li class='av-share-link av-social-link-linkedin' ><a target=\"_blank\" aria-label=\"Compartir en LinkedIn\" href='https:\/\/linkedin.com\/shareArticle?mini=true&#038;title=Diputado%20Calisto%20entrega%20apoyo%20a%20agrupaci%C3%B3n%20Esperanza%20de%20Vida%3A%20Acusan%20abandono%20del%20Estado&#038;url=https:\/\/radiorevelacionfm.cl\/?p=43845' aria-hidden='false' data-av_icon='\ue8fc' data-av_iconfont='entypo-fontello' title='' data-avia-related-tooltip='Compartir en LinkedIn' rel=\"noopener\"><span class='avia_hidden_link_text'>Compartir en LinkedIn<\/span><\/a><\/li><li class='av-share-link av-social-link-mail' ><a  aria-label=\"Compartir por correo\" href='mailto:?subject=Diputado%20Calisto%20entrega%20apoyo%20a%20agrupaci%C3%B3n%20Esperanza%20de%20Vida%3A%20Acusan%20abandono%20del%20Estado&#038;body=https:\/\/radiorevelacionfm.cl\/?p=43845' aria-hidden='false' data-av_icon='\ue805' data-av_iconfont='entypo-fontello' title='' data-avia-related-tooltip='Compartir por correo'><span class='avia_hidden_link_text'>Compartir por correo<\/span><\/a><\/li><\/ul><\/div><\/div>\n<div  style='height:50px' class='hr hr-invisible   avia-builder-el-8  el_after_av_social_share  el_before_av_comments_list '><span class='hr-inner ' ><span class='hr-inner-style'><\/span><\/span><\/div>\n<div  class='av-buildercomment  av-blog-meta-html-info-disabled av-blog-meta-tag-disabled  '><\/div>\n","protected":false},"excerpt":{"rendered":"","protected":false},"author":1,"featured_media":43846,"comment_status":"open","ping_status":"open","sticky":false,"template":"","format":"standard","meta":{"footnotes":""},"categories":[35],"tags":[],"class_list":["post-43845","post","type-post","status-publish","format-standard","has-post-thumbnail","hentry","category-politica"],"jetpack_featured_media_url":"https:\/\/radiorevelacionfm.cl\/wp-content\/uploads\/2024\/07\/FOTO-ESPERANZA-DE-VIDA-1-1.jpg","_links":{"self":[{"href":"https:\/\/radiorevelacionfm.cl\/index.php?rest_route=\/wp\/v2\/posts\/43845","targetHints":{"allow":["GET"]}}],"collection":[{"href":"https:\/\/radiorevelacionfm.cl\/index.php?rest_route=\/wp\/v2\/posts"}],"about":[{"href":"https:\/\/radiorevelacionfm.cl\/index.php?rest_route=\/wp\/v2\/types\/post"}],"author":[{"embeddable":true,"href":"https:\/\/radiorevelacionfm.cl\/index.php?rest_route=\/wp\/v2\/users\/1"}],"replies":[{"embeddable":true,"href":"https:\/\/radiorevelacionfm.cl\/index.php?rest_route=%2Fwp%2Fv2%2Fcomments&post=43845"}],"version-history":[{"count":1,"href":"https:\/\/radiorevelacionfm.cl\/index.php?rest_route=\/wp\/v2\/posts\/43845\/revisions"}],"predecessor-version":[{"id":43847,"href":"https:\/\/radiorevelacionfm.cl\/index.php?rest_route=\/wp\/v2\/posts\/43845\/revisions\/43847"}],"wp:featuredmedia":[{"embeddable":true,"href":"https:\/\/radiorevelacionfm.cl\/index.php?rest_route=\/wp\/v2\/media\/43846"}],"wp:attachment":[{"href":"https:\/\/radiorevelacionfm.cl\/index.php?rest_route=%2Fwp%2Fv2%2Fmedia&parent=43845"}],"wp:term":[{"taxonomy":"category","embeddable":true,"href":"https:\/\/radiorevelacionfm.cl\/index.php?rest_route=%2Fwp%2Fv2%2Fcategories&post=43845"},{"taxonomy":"post_tag","embeddable":true,"href":"https:\/\/radiorevelacionfm.cl\/index.php?rest_route=%2Fwp%2Fv2%2Ftags&post=43845"}],"curies":[{"name":"wp","href":"https:\/\/api.w.org\/{rel}","templated":true}]}}