{"id":43839,"date":"2024-07-05T16:43:38","date_gmt":"2024-07-05T19:43:38","guid":{"rendered":"https:\/\/radiorevelacionfm.cl\/?p=43839"},"modified":"2024-07-05T16:43:38","modified_gmt":"2024-07-05T19:43:38","slug":"senadora-ordenes-represento-el-sentir-sobre-la-inauguracion-de-la-posta-rural-de-cerro-castillo-lo-que-le-quiero-pedir-al-ministerio-es-que-la-entreguen","status":"publish","type":"post","link":"https:\/\/radiorevelacionfm.cl\/?p=43839","title":{"rendered":"Senadora \u00d3rdenes represent\u00f3 el sentir sobre la inauguraci\u00f3n de la Posta Rural de Cerro Castillo: \u201clo que le quiero pedir al Ministerio es que la entreguen\u201d."},"content":{"rendered":"<div class=\"flex_column av_one_full  flex_column_div av-zero-column-padding first  avia-builder-el-0  el_before_av_one_full  avia-builder-el-first  \" style='border-radius:0px; '><div  class='avia-image-container  av-styling-    avia-builder-el-1  avia-builder-el-no-sibling  avia-align-center '  itemprop=\"image\" itemscope=\"itemscope\" itemtype=\"https:\/\/schema.org\/ImageObject\"  ><div class='avia-image-container-inner'><div class='avia-image-overlay-wrap'><img decoding=\"async\" class='wp-image-43840 avia-img-lazy-loading-not-43840 avia_image' src=\"https:\/\/radiorevelacionfm.cl\/wp-content\/uploads\/2024\/07\/FOTO-1-13-1-1.jpg\" alt='' title='FOTO #1 (13) (1) (1)' height=\"600\" width=\"900\"  itemprop=\"thumbnailUrl\" srcset=\"https:\/\/radiorevelacionfm.cl\/wp-content\/uploads\/2024\/07\/FOTO-1-13-1-1.jpg 900w, https:\/\/radiorevelacionfm.cl\/wp-content\/uploads\/2024\/07\/FOTO-1-13-1-1-300x200.jpg 300w, https:\/\/radiorevelacionfm.cl\/wp-content\/uploads\/2024\/07\/FOTO-1-13-1-1-768x512.jpg 768w, https:\/\/radiorevelacionfm.cl\/wp-content\/uploads\/2024\/07\/FOTO-1-13-1-1-705x470.jpg 705w, https:\/\/radiorevelacionfm.cl\/wp-content\/uploads\/2024\/07\/FOTO-1-13-1-1-450x300.jpg 450w, https:\/\/radiorevelacionfm.cl\/wp-content\/uploads\/2024\/07\/FOTO-1-13-1-1-600x400.jpg 600w\" sizes=\"(max-width: 900px) 100vw, 900px\" \/><\/div><\/div><\/div><\/div><div class=\"flex_column av_one_full  flex_column_div av-zero-column-padding first  avia-builder-el-2  el_after_av_one_full  el_before_av_one_full  column-top-margin\" style='border-radius:0px; '><section class=\"av_textblock_section \"  itemscope=\"itemscope\" itemtype=\"https:\/\/schema.org\/BlogPosting\" itemprop=\"blogPost\" ><div class='avia_textblock  '   itemprop=\"text\" ><p style=\"text-align: center;\"><span style=\"font-size: 18pt;\"><strong>Senadora \u00d3rdenes represent\u00f3 el sentir sobre la inauguraci\u00f3n de la Posta Rural de Cerro Castillo: \u201clo que le quiero pedir al Ministerio es que la entreguen\u201d.<\/strong><\/span><\/p>\n<div id=\"gtx-trans\" style=\"position: absolute; left: -50px; top: 4.31534px;\">\n<div class=\"gtx-trans-icon\"><\/div>\n<\/div>\n<\/div><\/section><\/div><div class=\"flex_column av_one_full  flex_column_div av-zero-column-padding first  avia-builder-el-4  el_after_av_one_full  el_before_av_hr  column-top-margin\" style='border-radius:0px; '><section class=\"av_textblock_section \"  itemscope=\"itemscope\" itemtype=\"https:\/\/schema.org\/BlogPosting\" itemprop=\"blogPost\" ><div class='avia_textblock  '   itemprop=\"text\" ><p style=\"text-align: justify;\">La senadora por la regi\u00f3n de Ays\u00e9n, Ximena \u00d3rdenes Neira, dio cuenta en la Comisi\u00f3n de Salud del Senado sobre el sentir de las vecinas y vecinos de Villa Cerro Castillo respecto a la inauguraci\u00f3n de la anhelada Posta de Salud Rural. Seg\u00fan inform\u00f3 el Servicio de Salud Ays\u00e9n en sus redes sociales el 7 de febrero de este a\u00f1o, la infraestructura est\u00e1 lista para ser inaugurada.<\/p>\n<p style=\"text-align: justify;\">\u201cQuiero solicitar el apoyo de la Comisi\u00f3n para enviar un oficio al Ministerio de Salud y a la Subsecretar\u00eda de Redes Asistenciales, porque la informaci\u00f3n de la cual disponemos es que la nueva Posta de Salud Rural de Villa Cerro Castillo es una infraestructura de salud que se encuentra lista desde febrero de este a\u00f1o y no est\u00e1 en funcionamiento\u201d, represent\u00f3 la parlamentaria en su intervenci\u00f3n, dando cuenta que \u201chay una demanda de toda la comunidad, porque es una obra terminada, que est\u00e1 en condiciones de entrar en funcionamiento\u201d.<\/p>\n<p style=\"text-align: justify;\">La senadora \u00d3rdenes cerr\u00f3 su solicitud pidiendo, tanto a la Ministra de la cartera de Salud, Ximena Aguilera, como al subsecretario de Redes Asistenciales, Osvaldo Salgado, que \u201cse nos informe -a los integrantes de la Comisi\u00f3n- respecto a la fecha que entra en funcionamiento la Posta de Salud\u201d. Cabe se\u00f1alar que en la sesi\u00f3n ambas autoridades de gobierno hab\u00edan sido citados para dar cuenta del estado y los avances de distintos hospitales en construcci\u00f3n a nivel nacional.<\/p>\n<p style=\"text-align: justify;\">La representante en el Senado por la regi\u00f3n de Ays\u00e9n, tambi\u00e9n mostr\u00f3 su preocupaci\u00f3n sobre los plazos para que el Hospital Leopoldo Ortega, en Chile Chico, que presenta sobre un 96% de avance seg\u00fan las cifras entregadas por el Ejecutivo en la sesi\u00f3n.<\/p>\n<p style=\"text-align: justify;\">\u201cAl inicio de la comisi\u00f3n, presidente, solicit\u00e9 que se informara sobre la Posta de Villa Cerro Castillo, eso es distinto -al estado de avance y las dificultades energ\u00e9ticas que presenta la el Hospital de Chile Chico-, porque esa posta est\u00e1 terminada. Incluso se ha se\u00f1alado que est\u00e1n esperando que vaya una autoridad nacional -para concretar la inauguraci\u00f3n-. Yo lo que le quiero pedir al Ministerio, yo entiendo que est\u00e1 lista, que la entreguen\u201d, recalc\u00f3 la senadora \u00d3rdenes.<\/p>\n<p style=\"text-align: justify;\">Finalmente, la parlamentaria insisti\u00f3: \u201cLa inauguraremos entre los que la vamos a ocupar, que somos los que habitamos la regi\u00f3n de Ays\u00e9n, porque adem\u00e1s ya est\u00e1 a\u00f1eja, como se ha estado guardando, literalmente. Yo les quiero pedir que se pueda poner en funcionamiento prontamente\u201d.<\/p>\n<p style=\"text-align: justify;\">Por su parte, el subsecretario de Redes Asistenciales, Osvaldo Salgado, se\u00f1al\u00f3 que \u201crespecto a la Posta, efectivamente, tenemos una invitaci\u00f3n del director del Servicio -Juan Pablo Bravo- que esperamos cumplir en este mes, a lo m\u00e1s, m\u00e1s all\u00e1 de un mes, queremos estar en Ays\u00e9n para, no solo la Posta de Cerro Castillo, sino que, mirar otros temas, pero podr\u00edan empezar a usar esa Posta y no esperar la inauguraci\u00f3n. De hecho, en muchos Hospitales, la inauguraci\u00f3n es bastante tiempo despu\u00e9s del inicio de operaci\u00f3n\u201d. Salgado cerr\u00f3 asegurando que hablar\u00eda con el director del Servicio para que no les est\u00e9 esperando.<\/p>\n<\/div><\/section><\/div><div  style='height:50px' class='hr hr-invisible   avia-builder-el-6  el_after_av_one_full  el_before_av_social_share '><span class='hr-inner ' ><span class='hr-inner-style'><\/span><\/span><\/div><\/p>\n<div  class='av-social-sharing-box  avia-builder-el-7  el_after_av_hr  el_before_av_hr  '><div class='av-share-box'><h5 class='av-share-link-description av-no-toc '>Compartir esta noticia<\/h5><ul class='av-share-box-list noLightbox'><li class='av-share-link av-social-link-facebook' ><a target=\"_blank\" aria-label=\"Compartir en Facebook\" href='https:\/\/www.facebook.com\/sharer.php?u=https:\/\/radiorevelacionfm.cl\/?p=43839&#038;t=Senadora%20%C3%93rdenes%20represent%C3%B3%20el%20sentir%20sobre%20la%20inauguraci%C3%B3n%20de%20la%20Posta%20Rural%20de%20Cerro%20Castillo%3A%20%E2%80%9Clo%20que%20le%20quiero%20pedir%20al%20Ministerio%20es%20que%20la%20entreguen%E2%80%9D.' aria-hidden='false' data-av_icon='\ue8f3' data-av_iconfont='entypo-fontello' title='' data-avia-related-tooltip='Compartir en Facebook' rel=\"noopener\"><span class='avia_hidden_link_text'>Compartir en Facebook<\/span><\/a><\/li><li class='av-share-link av-social-link-twitter' ><a target=\"_blank\" aria-label=\"Compartir en Twitter\" href='https:\/\/twitter.com\/share?text=Senadora%20%C3%93rdenes%20represent%C3%B3%20el%20sentir%20sobre%20la%20inauguraci%C3%B3n%20de%20la%20Posta%20Rural%20de%20Cerro%20Castillo%3A%20%E2%80%9Clo%20que%20le%20quiero%20pedir%20al%20Ministerio%20es%20que%20la%20entreguen%E2%80%9D.&#038;url=https:\/\/radiorevelacionfm.cl\/?p=43839' aria-hidden='false' data-av_icon='\ue8f1' data-av_iconfont='entypo-fontello' title='' data-avia-related-tooltip='Compartir en Twitter' rel=\"noopener\"><span class='avia_hidden_link_text'>Compartir en Twitter<\/span><\/a><\/li><li class='av-share-link av-social-link-whatsapp' ><a target=\"_blank\" aria-label=\"Compartir en Whatsapp\" href='https:\/\/api.whatsapp.com\/send?text=https:\/\/radiorevelacionfm.cl\/?p=43839' aria-hidden='false' data-av_icon='\uf232' data-av_iconfont='entypo-fontello' title='' data-avia-related-tooltip='Compartir en Whatsapp' rel=\"noopener\"><span class='avia_hidden_link_text'>Compartir en Whatsapp<\/span><\/a><\/li><li class='av-share-link av-social-link-linkedin' ><a target=\"_blank\" aria-label=\"Compartir en LinkedIn\" href='https:\/\/linkedin.com\/shareArticle?mini=true&#038;title=Senadora%20%C3%93rdenes%20represent%C3%B3%20el%20sentir%20sobre%20la%20inauguraci%C3%B3n%20de%20la%20Posta%20Rural%20de%20Cerro%20Castillo%3A%20%E2%80%9Clo%20que%20le%20quiero%20pedir%20al%20Ministerio%20es%20que%20la%20entreguen%E2%80%9D.&#038;url=https:\/\/radiorevelacionfm.cl\/?p=43839' aria-hidden='false' data-av_icon='\ue8fc' data-av_iconfont='entypo-fontello' title='' data-avia-related-tooltip='Compartir en LinkedIn' rel=\"noopener\"><span class='avia_hidden_link_text'>Compartir en LinkedIn<\/span><\/a><\/li><li class='av-share-link av-social-link-mail' ><a  aria-label=\"Compartir por correo\" href='mailto:?subject=Senadora%20%C3%93rdenes%20represent%C3%B3%20el%20sentir%20sobre%20la%20inauguraci%C3%B3n%20de%20la%20Posta%20Rural%20de%20Cerro%20Castillo%3A%20%E2%80%9Clo%20que%20le%20quiero%20pedir%20al%20Ministerio%20es%20que%20la%20entreguen%E2%80%9D.&#038;body=https:\/\/radiorevelacionfm.cl\/?p=43839' aria-hidden='false' data-av_icon='\ue805' data-av_iconfont='entypo-fontello' title='' data-avia-related-tooltip='Compartir por correo'><span class='avia_hidden_link_text'>Compartir por correo<\/span><\/a><\/li><\/ul><\/div><\/div>\n<div  style='height:50px' class='hr hr-invisible   avia-builder-el-8  el_after_av_social_share  el_before_av_comments_list '><span class='hr-inner ' ><span class='hr-inner-style'><\/span><\/span><\/div>\n<div  class='av-buildercomment  av-blog-meta-html-info-disabled av-blog-meta-tag-disabled  '><\/div>\n","protected":false},"excerpt":{"rendered":"","protected":false},"author":1,"featured_media":43840,"comment_status":"open","ping_status":"open","sticky":false,"template":"","format":"standard","meta":{"footnotes":""},"categories":[35],"tags":[],"class_list":["post-43839","post","type-post","status-publish","format-standard","has-post-thumbnail","hentry","category-politica"],"jetpack_featured_media_url":"https:\/\/radiorevelacionfm.cl\/wp-content\/uploads\/2024\/07\/FOTO-1-13-1-1.jpg","_links":{"self":[{"href":"https:\/\/radiorevelacionfm.cl\/index.php?rest_route=\/wp\/v2\/posts\/43839","targetHints":{"allow":["GET"]}}],"collection":[{"href":"https:\/\/radiorevelacionfm.cl\/index.php?rest_route=\/wp\/v2\/posts"}],"about":[{"href":"https:\/\/radiorevelacionfm.cl\/index.php?rest_route=\/wp\/v2\/types\/post"}],"author":[{"embeddable":true,"href":"https:\/\/radiorevelacionfm.cl\/index.php?rest_route=\/wp\/v2\/users\/1"}],"replies":[{"embeddable":true,"href":"https:\/\/radiorevelacionfm.cl\/index.php?rest_route=%2Fwp%2Fv2%2Fcomments&post=43839"}],"version-history":[{"count":1,"href":"https:\/\/radiorevelacionfm.cl\/index.php?rest_route=\/wp\/v2\/posts\/43839\/revisions"}],"predecessor-version":[{"id":43841,"href":"https:\/\/radiorevelacionfm.cl\/index.php?rest_route=\/wp\/v2\/posts\/43839\/revisions\/43841"}],"wp:featuredmedia":[{"embeddable":true,"href":"https:\/\/radiorevelacionfm.cl\/index.php?rest_route=\/wp\/v2\/media\/43840"}],"wp:attachment":[{"href":"https:\/\/radiorevelacionfm.cl\/index.php?rest_route=%2Fwp%2Fv2%2Fmedia&parent=43839"}],"wp:term":[{"taxonomy":"category","embeddable":true,"href":"https:\/\/radiorevelacionfm.cl\/index.php?rest_route=%2Fwp%2Fv2%2Fcategories&post=43839"},{"taxonomy":"post_tag","embeddable":true,"href":"https:\/\/radiorevelacionfm.cl\/index.php?rest_route=%2Fwp%2Fv2%2Ftags&post=43839"}],"curies":[{"name":"wp","href":"https:\/\/api.w.org\/{rel}","templated":true}]}}