{"id":43835,"date":"2024-07-04T19:33:54","date_gmt":"2024-07-04T22:33:54","guid":{"rendered":"https:\/\/radiorevelacionfm.cl\/?p=43835"},"modified":"2024-07-04T19:33:54","modified_gmt":"2024-07-04T22:33:54","slug":"gobierno-dispuso-recursos-para-arrendamiento-de-un-nuevo-inmueble-para-escuela-espana","status":"publish","type":"post","link":"https:\/\/radiorevelacionfm.cl\/?p=43835","title":{"rendered":"Gobierno dispuso recursos para arrendamiento  de un nuevo inmueble para Escuela Espa\u00f1a"},"content":{"rendered":"<div class=\"flex_column av_one_full  flex_column_div av-zero-column-padding first  avia-builder-el-0  el_before_av_one_full  avia-builder-el-first  \" style='border-radius:0px; '><div  class='avia-image-container  av-styling-    avia-builder-el-1  avia-builder-el-no-sibling  avia-align-center '  itemprop=\"image\" itemscope=\"itemscope\" itemtype=\"https:\/\/schema.org\/ImageObject\"  ><div class='avia-image-container-inner'><div class='avia-image-overlay-wrap'><img decoding=\"async\" class='wp-image-43836 avia-img-lazy-loading-not-43836 avia_image' src=\"https:\/\/radiorevelacionfm.cl\/wp-content\/uploads\/2024\/07\/WhatsApp-Image-2024-07-04-at-12.01.01-PM-1-1.jpeg\" alt='' title='WhatsApp Image 2024-07-04 at 12.01.01 PM (1) (1)' height=\"600\" width=\"901\"  itemprop=\"thumbnailUrl\" srcset=\"https:\/\/radiorevelacionfm.cl\/wp-content\/uploads\/2024\/07\/WhatsApp-Image-2024-07-04-at-12.01.01-PM-1-1.jpeg 901w, https:\/\/radiorevelacionfm.cl\/wp-content\/uploads\/2024\/07\/WhatsApp-Image-2024-07-04-at-12.01.01-PM-1-1-300x200.jpeg 300w, https:\/\/radiorevelacionfm.cl\/wp-content\/uploads\/2024\/07\/WhatsApp-Image-2024-07-04-at-12.01.01-PM-1-1-768x511.jpeg 768w, https:\/\/radiorevelacionfm.cl\/wp-content\/uploads\/2024\/07\/WhatsApp-Image-2024-07-04-at-12.01.01-PM-1-1-705x469.jpeg 705w, https:\/\/radiorevelacionfm.cl\/wp-content\/uploads\/2024\/07\/WhatsApp-Image-2024-07-04-at-12.01.01-PM-1-1-450x300.jpeg 450w, https:\/\/radiorevelacionfm.cl\/wp-content\/uploads\/2024\/07\/WhatsApp-Image-2024-07-04-at-12.01.01-PM-1-1-600x400.jpeg 600w\" sizes=\"(max-width: 901px) 100vw, 901px\" \/><\/div><\/div><\/div><\/div><div class=\"flex_column av_one_full  flex_column_div av-zero-column-padding first  avia-builder-el-2  el_after_av_one_full  el_before_av_one_full  column-top-margin\" style='border-radius:0px; '><section class=\"av_textblock_section \"  itemscope=\"itemscope\" itemtype=\"https:\/\/schema.org\/BlogPosting\" itemprop=\"blogPost\" ><div class='avia_textblock  '   itemprop=\"text\" ><p style=\"font-weight: 400; text-align: center;\"><span style=\"font-size: 18pt;\"><strong>Gobierno dispuso recursos para arrendamiento <\/strong><strong>de un nuevo inmueble para Escuela Espa\u00f1a<\/strong><\/span><\/p>\n<div id=\"gtx-trans\" style=\"position: absolute; left: -50px; top: 4.31534px;\">\n<div class=\"gtx-trans-icon\"><\/div>\n<\/div>\n<\/div><\/section><\/div><div class=\"flex_column av_one_full  flex_column_div av-zero-column-padding first  avia-builder-el-4  el_after_av_one_full  el_before_av_hr  column-top-margin\" style='border-radius:0px; '><section class=\"av_textblock_section \"  itemscope=\"itemscope\" itemtype=\"https:\/\/schema.org\/BlogPosting\" itemprop=\"blogPost\" ><div class='avia_textblock  '   itemprop=\"text\" ><p style=\"font-weight: 400; text-align: justify;\"><em>El Delegado Presidencial Regional de Ays\u00e9n, Rodrigo Araya, y la SEREMI de Educaci\u00f3n, Isabel Garrido, comunicaron la informaci\u00f3n este jueves en una reuni\u00f3n con la directora y la directiva del Centro General de Padres, Madres y Apoderados.<\/em><\/p>\n<p style=\"font-weight: 400; text-align: justify;\">El Delegado Presidencial Regional, Rodrigo Araya, y la Seremi de Educaci\u00f3n, Isabel Garrido, comunicaron este jueves la autorizaci\u00f3n de la Direcci\u00f3n de Presupuestos para el arriendo de un nuevo inmueble para el funcionamiento de la Escuela Espa\u00f1a de Coyhaique.<\/p>\n<p style=\"font-weight: 400; text-align: justify;\">La informaci\u00f3n fue dada a conocer en una reuni\u00f3n con la directora (s) del establecimiento, Pamela \u00c1lvarez, y la directiva del Centro General de Padres y Apoderados, encabezada por Carolina Jara, m\u00e1s representantes del Servicio Local de Educaci\u00f3n p\u00fablica (SLEP).<\/p>\n<p style=\"font-weight: 400; text-align: justify;\">Seg\u00fan detall\u00f3 el Delegado Regional, el presupuesto permitir\u00e1 contar con un local que re\u00fana las condiciones necesarias para albergar el establecimiento, mientras avanza el proceso de obtenci\u00f3n de la Recomendaci\u00f3n Satisfactoria del proyecto de reposici\u00f3n definitiva.<\/p>\n<p style=\"font-weight: 400; text-align: justify;\">\u201cEsto significa seguir avanzando en este proceso, est\u00e1 la disponibilidad del Gobierno Regional y su Consejo de financiar el 50% de la inversi\u00f3n de la nueva Escuela Espa\u00f1a y el Ministerio ha comprometido el otro 50%. El trabajo es levantar las observaciones para que en el proceso evaluaci\u00f3n de inversiones contin\u00fae y podamos llegar este a\u00f1o a un buen puerto, para que podamos construir en conjunto una nueva escuela Espa\u00f1a\u201d, detall\u00f3 Rodrigo Araya.<\/p>\n<p style=\"font-weight: 400; text-align: justify;\">Para la directora (s) Pamela \u00c1lvarez esto es una gran noticia, fruto del trabajo conjunto. \u201cEs una gran noticia, que era una de las cosas m\u00e1s importante que era destrabar, los dineros de la DIPRES. En horas de la tarde esto fue ratificado y hoy d\u00eda ya se oficializa. Esto est\u00e1 reci\u00e9n comenzando, vienen todos los procesos administrativos para arrendar nuestra nueva escuela, moment\u00e1neamente, porque todav\u00eda nos encontramos en plan de contingencia. Nuestro gran proyecto es la nueva construcci\u00f3n de la Escuela Espa\u00f1a\u201d, expres\u00f3.<\/p>\n<p style=\"font-weight: 400; text-align: justify;\">Carolina Jara, presidenta del Centro de Padres y Apoderados, valor\u00f3 tambi\u00e9n el resultado de las gestiones. \u201cEn este minuto es solo agradecimiento. Hubo otro momento en que nos vieron protestando, pero hoy es solo agradecimiento de las familias, de la comunidad completa, de los alumnos de la Escuela Espa\u00f1a. As\u00ed es que vamos a seguir trabajando para que logremos nuestro tan anhelado proyecto, ya que se dio un paso, as\u00ed es que agradecemos a quienes trabajaron unidos para que pudi\u00e9ramos tener hoy d\u00eda esta tremenda noticia\u201d, se\u00f1al\u00f3.<\/p>\n<p style=\"font-weight: 400; text-align: justify;\">La Seremi Isabel Garrido relev\u00f3 el compromiso presidencial de avanzar en el proyecto. \u201cLa reposici\u00f3n de la Escuela Espa\u00f1a es un compromiso del Presidente Boric, y es por ello que todas las instituciones nos hemos puesto a disposici\u00f3n para avanzar en el proyecto. Hoy tenemos un sostenedor del Ministerio de Educaci\u00f3n, el SLEP Ays\u00e9n, que es fruto de una reforma de Estado para fortalecer la educaci\u00f3n p\u00fablica, y ha mostrado su competencia t\u00e9cnica para dar r\u00e1pida soluci\u00f3n a los problemas de las escuelas. Relevamos tambi\u00e9n el compromiso de las autoridades nacionales y regionales con este proyecto emblem\u00e1tico para la Regi\u00f3n de Ays\u00e9n\u201d, concluy\u00f3.<\/p>\n<p style=\"font-weight: 400; text-align: justify;\">La Escuela Espa\u00f1a fue creada el 08 de septiembre de 1972. Su directora y fundadora, Gabriela Jara Belmar, dirigi\u00f3 durante 4 a\u00f1os el establecimiento que naci\u00f3 en un local ubicado en la calle Riquelme, facilitado por el Vicariato Apost\u00f3lico de Ays\u00e9n.<\/p>\n<p style=\"font-weight: 400; text-align: justify;\">A fines de 1974 se traslad\u00f3 a Avenida Ogana N\u00ba1048 ocupando un edificio construido con aportes de la colonia espa\u00f1ola residente. Desde 1996 se encuentra ubicada en Los Ma\u00f1\u00edos N\u00ba475 y desde el a\u00f1o pasado el Ministerio de Educaci\u00f3n arrend\u00f3 dependencias provisorias, mientras avanza el proyecto de reposici\u00f3n definitiva del inmueble.<\/p>\n<p style=\"font-weight: 400; text-align: justify;\">Este establecimiento educacional imparte ense\u00f1anza para estudiantes con Necesidades Educativas Espaciales de 6 a 26 a\u00f1os, con una matr\u00edcula de 109 estudiantes.<\/p>\n<\/div><\/section><\/div><div  style='height:50px' class='hr hr-invisible   avia-builder-el-6  el_after_av_one_full  el_before_av_social_share '><span class='hr-inner ' ><span class='hr-inner-style'><\/span><\/span><\/div><\/p>\n<div  class='av-social-sharing-box  avia-builder-el-7  el_after_av_hr  el_before_av_hr  '><div class='av-share-box'><h5 class='av-share-link-description av-no-toc '>Compartir esta noticia<\/h5><ul class='av-share-box-list noLightbox'><li class='av-share-link av-social-link-facebook' ><a target=\"_blank\" aria-label=\"Compartir en Facebook\" href='https:\/\/www.facebook.com\/sharer.php?u=https:\/\/radiorevelacionfm.cl\/?p=43835&#038;t=Gobierno%20dispuso%20recursos%20para%20arrendamiento%20%20de%20un%20nuevo%20inmueble%20para%20Escuela%20Espa%C3%B1a' aria-hidden='false' data-av_icon='\ue8f3' data-av_iconfont='entypo-fontello' title='' data-avia-related-tooltip='Compartir en Facebook' rel=\"noopener\"><span class='avia_hidden_link_text'>Compartir en Facebook<\/span><\/a><\/li><li class='av-share-link av-social-link-twitter' ><a target=\"_blank\" aria-label=\"Compartir en Twitter\" href='https:\/\/twitter.com\/share?text=Gobierno%20dispuso%20recursos%20para%20arrendamiento%20%20de%20un%20nuevo%20inmueble%20para%20Escuela%20Espa%C3%B1a&#038;url=https:\/\/radiorevelacionfm.cl\/?p=43835' aria-hidden='false' data-av_icon='\ue8f1' data-av_iconfont='entypo-fontello' title='' data-avia-related-tooltip='Compartir en Twitter' rel=\"noopener\"><span class='avia_hidden_link_text'>Compartir en Twitter<\/span><\/a><\/li><li class='av-share-link av-social-link-whatsapp' ><a target=\"_blank\" aria-label=\"Compartir en Whatsapp\" href='https:\/\/api.whatsapp.com\/send?text=https:\/\/radiorevelacionfm.cl\/?p=43835' aria-hidden='false' data-av_icon='\uf232' data-av_iconfont='entypo-fontello' title='' data-avia-related-tooltip='Compartir en Whatsapp' rel=\"noopener\"><span class='avia_hidden_link_text'>Compartir en Whatsapp<\/span><\/a><\/li><li class='av-share-link av-social-link-linkedin' ><a target=\"_blank\" aria-label=\"Compartir en LinkedIn\" href='https:\/\/linkedin.com\/shareArticle?mini=true&#038;title=Gobierno%20dispuso%20recursos%20para%20arrendamiento%20%20de%20un%20nuevo%20inmueble%20para%20Escuela%20Espa%C3%B1a&#038;url=https:\/\/radiorevelacionfm.cl\/?p=43835' aria-hidden='false' data-av_icon='\ue8fc' data-av_iconfont='entypo-fontello' title='' data-avia-related-tooltip='Compartir en LinkedIn' rel=\"noopener\"><span class='avia_hidden_link_text'>Compartir en LinkedIn<\/span><\/a><\/li><li class='av-share-link av-social-link-mail' ><a  aria-label=\"Compartir por correo\" href='mailto:?subject=Gobierno%20dispuso%20recursos%20para%20arrendamiento%20%20de%20un%20nuevo%20inmueble%20para%20Escuela%20Espa%C3%B1a&#038;body=https:\/\/radiorevelacionfm.cl\/?p=43835' aria-hidden='false' data-av_icon='\ue805' data-av_iconfont='entypo-fontello' title='' data-avia-related-tooltip='Compartir por correo'><span class='avia_hidden_link_text'>Compartir por correo<\/span><\/a><\/li><\/ul><\/div><\/div>\n<div  style='height:50px' class='hr hr-invisible   avia-builder-el-8  el_after_av_social_share  el_before_av_comments_list '><span class='hr-inner ' ><span class='hr-inner-style'><\/span><\/span><\/div>\n<div  class='av-buildercomment  av-blog-meta-html-info-disabled av-blog-meta-tag-disabled  '><\/div>\n","protected":false},"excerpt":{"rendered":"","protected":false},"author":1,"featured_media":43836,"comment_status":"open","ping_status":"open","sticky":false,"template":"","format":"standard","meta":{"footnotes":""},"categories":[49],"tags":[],"class_list":["post-43835","post","type-post","status-publish","format-standard","has-post-thumbnail","hentry","category-educacion"],"jetpack_featured_media_url":"https:\/\/radiorevelacionfm.cl\/wp-content\/uploads\/2024\/07\/WhatsApp-Image-2024-07-04-at-12.01.01-PM-1-1.jpeg","_links":{"self":[{"href":"https:\/\/radiorevelacionfm.cl\/index.php?rest_route=\/wp\/v2\/posts\/43835","targetHints":{"allow":["GET"]}}],"collection":[{"href":"https:\/\/radiorevelacionfm.cl\/index.php?rest_route=\/wp\/v2\/posts"}],"about":[{"href":"https:\/\/radiorevelacionfm.cl\/index.php?rest_route=\/wp\/v2\/types\/post"}],"author":[{"embeddable":true,"href":"https:\/\/radiorevelacionfm.cl\/index.php?rest_route=\/wp\/v2\/users\/1"}],"replies":[{"embeddable":true,"href":"https:\/\/radiorevelacionfm.cl\/index.php?rest_route=%2Fwp%2Fv2%2Fcomments&post=43835"}],"version-history":[{"count":1,"href":"https:\/\/radiorevelacionfm.cl\/index.php?rest_route=\/wp\/v2\/posts\/43835\/revisions"}],"predecessor-version":[{"id":43837,"href":"https:\/\/radiorevelacionfm.cl\/index.php?rest_route=\/wp\/v2\/posts\/43835\/revisions\/43837"}],"wp:featuredmedia":[{"embeddable":true,"href":"https:\/\/radiorevelacionfm.cl\/index.php?rest_route=\/wp\/v2\/media\/43836"}],"wp:attachment":[{"href":"https:\/\/radiorevelacionfm.cl\/index.php?rest_route=%2Fwp%2Fv2%2Fmedia&parent=43835"}],"wp:term":[{"taxonomy":"category","embeddable":true,"href":"https:\/\/radiorevelacionfm.cl\/index.php?rest_route=%2Fwp%2Fv2%2Fcategories&post=43835"},{"taxonomy":"post_tag","embeddable":true,"href":"https:\/\/radiorevelacionfm.cl\/index.php?rest_route=%2Fwp%2Fv2%2Ftags&post=43835"}],"curies":[{"name":"wp","href":"https:\/\/api.w.org\/{rel}","templated":true}]}}