{"id":43829,"date":"2024-07-04T19:11:54","date_gmt":"2024-07-04T22:11:54","guid":{"rendered":"https:\/\/radiorevelacionfm.cl\/?p=43829"},"modified":"2024-07-04T19:11:54","modified_gmt":"2024-07-04T22:11:54","slug":"lanzaron-el-cuerpo-al-rio-fiscalia-logra-condena-para-imputados-en-caso-de-homicidio-calificado","status":"publish","type":"post","link":"https:\/\/radiorevelacionfm.cl\/?p=43829","title":{"rendered":"Lanzaron el cuerpo al r\u00edo: Fiscal\u00eda logra condena para imputados en caso de homicidio calificado"},"content":{"rendered":"<div class=\"flex_column av_one_full  flex_column_div av-zero-column-padding first  avia-builder-el-0  el_before_av_one_full  avia-builder-el-first  \" style='border-radius:0px; '><div  class='avia-image-container  av-styling-    avia-builder-el-1  avia-builder-el-no-sibling  avia-align-center '  itemprop=\"image\" itemscope=\"itemscope\" itemtype=\"https:\/\/schema.org\/ImageObject\"  ><div class='avia-image-container-inner'><div class='avia-image-overlay-wrap'><img decoding=\"async\" class='wp-image-43830 avia-img-lazy-loading-not-43830 avia_image' src=\"https:\/\/radiorevelacionfm.cl\/wp-content\/uploads\/2024\/07\/Audiencia_formalizacion_1-1-1.jpg\" alt='' title='Audiencia_formalizacion_1 (1) (1)' height=\"600\" width=\"900\"  itemprop=\"thumbnailUrl\" srcset=\"https:\/\/radiorevelacionfm.cl\/wp-content\/uploads\/2024\/07\/Audiencia_formalizacion_1-1-1.jpg 900w, https:\/\/radiorevelacionfm.cl\/wp-content\/uploads\/2024\/07\/Audiencia_formalizacion_1-1-1-300x200.jpg 300w, https:\/\/radiorevelacionfm.cl\/wp-content\/uploads\/2024\/07\/Audiencia_formalizacion_1-1-1-768x512.jpg 768w, https:\/\/radiorevelacionfm.cl\/wp-content\/uploads\/2024\/07\/Audiencia_formalizacion_1-1-1-705x470.jpg 705w, https:\/\/radiorevelacionfm.cl\/wp-content\/uploads\/2024\/07\/Audiencia_formalizacion_1-1-1-450x300.jpg 450w, https:\/\/radiorevelacionfm.cl\/wp-content\/uploads\/2024\/07\/Audiencia_formalizacion_1-1-1-600x400.jpg 600w\" sizes=\"(max-width: 900px) 100vw, 900px\" \/><\/div><\/div><\/div><\/div><div class=\"flex_column av_one_full  flex_column_div av-zero-column-padding first  avia-builder-el-2  el_after_av_one_full  el_before_av_one_full  column-top-margin\" style='border-radius:0px; '><section class=\"av_textblock_section \"  itemscope=\"itemscope\" itemtype=\"https:\/\/schema.org\/BlogPosting\" itemprop=\"blogPost\" ><div class='avia_textblock  '   itemprop=\"text\" ><p style=\"text-align: center;\"><span style=\"font-size: 18pt;\"><b>Lanzaron el cuerpo al r\u00edo: Fiscal\u00eda logra condena para imputados en caso de homicidio calificado<\/b><\/span><\/p>\n<div id=\"gtx-trans\" style=\"position: absolute; left: -50px; top: 4.31534px;\">\n<div class=\"gtx-trans-icon\"><\/div>\n<\/div>\n<\/div><\/section><\/div><div class=\"flex_column av_one_full  flex_column_div av-zero-column-padding first  avia-builder-el-4  el_after_av_one_full  el_before_av_hr  column-top-margin\" style='border-radius:0px; '><section class=\"av_textblock_section \"  itemscope=\"itemscope\" itemtype=\"https:\/\/schema.org\/BlogPosting\" itemprop=\"blogPost\" ><div class='avia_textblock  '   itemprop=\"text\" ><p style=\"font-weight: 400; text-align: justify;\"><em>Hechos ocurrieron en agosto del a\u00f1o pasado.<\/em><\/p>\n<p style=\"font-weight: 400; text-align: justify;\"><em>Investigaci\u00f3n parti\u00f3 tras denuncia por presunta desgracia.<\/em><\/p>\n<p style=\"font-weight: 400; text-align: justify;\">La Fiscal\u00eda Local de Coyhaique logr\u00f3 una condena de 15 a\u00f1os y un d\u00eda de c\u00e1rcel para un imputado de 44 a\u00f1os por el delito de homicidio calificado en contra de una v\u00edctima de 60 a\u00f1os, hecho ocurrido en horas indeterminadas entre los d\u00edas 2 y 3 de agosto de 2023, en el sector El Richard, ubicado entre Villa Ortega y \u00d1irehuao.\u00a0 Adem\u00e1s, fue condenado un segundo sujeto de 41 a\u00f1os, por su participaci\u00f3n como encubridor del homicidio calificado.<\/p>\n<p style=\"font-weight: 400; text-align: justify;\">Seg\u00fan explic\u00f3 el fiscal jefe de Coyhaique, Jos\u00e9 Moris, \u201cdurante la semana pasada se desarroll\u00f3 un juicio oral ante el Tribunal de Juicio Oral en lo Penal de Coyhaique por un delito de homicidio calificado sucedido en el sector El Richard, a medio camino entre Villa Ortega y \u00d1irehuao. Gracias a las diligencias realizadas por personal de Carabineros de la SIP y el Labocar, sumado a la colaboraci\u00f3n de vecinos del sector, se logr\u00f3 esclarecer que en el mes agosto del 2023, un imputado del sector, apu\u00f1al\u00f3 a la v\u00edctima caus\u00e1ndole la muerte y junto a un segundo sujeto -que era el due\u00f1o de casa donde se produjeron los hechos-, arrojaron el cad\u00e1ver al r\u00edo\u201d.<\/p>\n<p style=\"font-weight: 400; text-align: justify;\"><strong>PRESUNTA DESGRACIA<\/strong><\/p>\n<p style=\"font-weight: 400; text-align: justify;\">En principio, este caso fue denunciado como presunta desgracia el domingo 6 de agosto, es decir que la v\u00edctima se hab\u00eda extraviado desde el mi\u00e9rcoles 2 del mismo mes. Sin embargo, el escenario cambi\u00f3 en el transcurso de la investigaci\u00f3n.<\/p>\n<p style=\"font-weight: 400; text-align: justify;\">El trabajo conjunto entre la Fiscal\u00eda Local de Coyhaique y la SIP, Gope y Labocar de Carabineros, logr\u00f3 ubicar el s\u00e1bado 19 de agosto en horas de la ma\u00f1ana, el cuerpo de la v\u00edctima, 400 metros aguas abajo de la casa donde ocurrieron los hechos.<\/p>\n<p style=\"font-weight: 400; text-align: justify;\">\u201cLas diligencias permitieron esclarecer la participaci\u00f3n de ambos imputados. Se logr\u00f3 determinar que esto era un homicidio calificado, ya que la v\u00edctima fue apu\u00f1alada estando pr\u00e1cticamente inconsciente por el consumo de alcohol y en virtud de lo mismo, el Tribunal Oral conden\u00f3 al autor por el delito de homicidio calificado a la pena de 15 a\u00f1os y un d\u00eda y al segundo sujeto, due\u00f1o de casa, como encubridor a la pena de seis a\u00f1os\u201d, a\u00f1adi\u00f3 el fiscal del Ministerio P\u00fablico.<\/p>\n<p style=\"font-weight: 400; text-align: justify;\">De acuerdo con los hechos acreditados por el Tribunal de Juicio Oral en Lo Penal, en base a las pruebas presentadas por la Fiscal\u00eda, entre el 2 y el 3 de agosto de 2023, el imputado actuando sobre seguro producto del estado et\u00edlico de la v\u00edctima -quien no pod\u00eda defenderse-, le caus\u00f3 cuatro heridas penetrantes tor\u00e1cicas, dos de ellas card\u00edacas, las que provocaron finalmente su muerte.<\/p>\n<p style=\"font-weight: 400; text-align: justify;\">Posteriormente ambos acusados trasladaron el cad\u00e1ver hasta el r\u00edo \u00d1irehuao, distante a 100 metros aproximados desde la casa donde ocurrieron los hechos, lanzando el cuerpo a las aguas.<\/p>\n<\/div><\/section><\/div><div  style='height:50px' class='hr hr-invisible   avia-builder-el-6  el_after_av_one_full  el_before_av_social_share '><span class='hr-inner ' ><span class='hr-inner-style'><\/span><\/span><\/div><\/p>\n<div  class='av-social-sharing-box  avia-builder-el-7  el_after_av_hr  el_before_av_hr  '><div class='av-share-box'><h5 class='av-share-link-description av-no-toc '>Compartir esta noticia<\/h5><ul class='av-share-box-list noLightbox'><li class='av-share-link av-social-link-facebook' ><a target=\"_blank\" aria-label=\"Compartir en Facebook\" href='https:\/\/www.facebook.com\/sharer.php?u=https:\/\/radiorevelacionfm.cl\/?p=43829&#038;t=Lanzaron%20el%20cuerpo%20al%20r%C3%ADo%3A%20Fiscal%C3%ADa%20logra%20condena%20para%20imputados%20en%20caso%20de%20homicidio%20calificado' aria-hidden='false' data-av_icon='\ue8f3' data-av_iconfont='entypo-fontello' title='' data-avia-related-tooltip='Compartir en Facebook' rel=\"noopener\"><span class='avia_hidden_link_text'>Compartir en Facebook<\/span><\/a><\/li><li class='av-share-link av-social-link-twitter' ><a target=\"_blank\" aria-label=\"Compartir en Twitter\" href='https:\/\/twitter.com\/share?text=Lanzaron%20el%20cuerpo%20al%20r%C3%ADo%3A%20Fiscal%C3%ADa%20logra%20condena%20para%20imputados%20en%20caso%20de%20homicidio%20calificado&#038;url=https:\/\/radiorevelacionfm.cl\/?p=43829' aria-hidden='false' data-av_icon='\ue8f1' data-av_iconfont='entypo-fontello' title='' data-avia-related-tooltip='Compartir en Twitter' rel=\"noopener\"><span class='avia_hidden_link_text'>Compartir en Twitter<\/span><\/a><\/li><li class='av-share-link av-social-link-whatsapp' ><a target=\"_blank\" aria-label=\"Compartir en Whatsapp\" href='https:\/\/api.whatsapp.com\/send?text=https:\/\/radiorevelacionfm.cl\/?p=43829' aria-hidden='false' data-av_icon='\uf232' data-av_iconfont='entypo-fontello' title='' data-avia-related-tooltip='Compartir en Whatsapp' rel=\"noopener\"><span class='avia_hidden_link_text'>Compartir en Whatsapp<\/span><\/a><\/li><li class='av-share-link av-social-link-linkedin' ><a target=\"_blank\" aria-label=\"Compartir en LinkedIn\" href='https:\/\/linkedin.com\/shareArticle?mini=true&#038;title=Lanzaron%20el%20cuerpo%20al%20r%C3%ADo%3A%20Fiscal%C3%ADa%20logra%20condena%20para%20imputados%20en%20caso%20de%20homicidio%20calificado&#038;url=https:\/\/radiorevelacionfm.cl\/?p=43829' aria-hidden='false' data-av_icon='\ue8fc' data-av_iconfont='entypo-fontello' title='' data-avia-related-tooltip='Compartir en LinkedIn' rel=\"noopener\"><span class='avia_hidden_link_text'>Compartir en LinkedIn<\/span><\/a><\/li><li class='av-share-link av-social-link-mail' ><a  aria-label=\"Compartir por correo\" href='mailto:?subject=Lanzaron%20el%20cuerpo%20al%20r%C3%ADo%3A%20Fiscal%C3%ADa%20logra%20condena%20para%20imputados%20en%20caso%20de%20homicidio%20calificado&#038;body=https:\/\/radiorevelacionfm.cl\/?p=43829' aria-hidden='false' data-av_icon='\ue805' data-av_iconfont='entypo-fontello' title='' data-avia-related-tooltip='Compartir por correo'><span class='avia_hidden_link_text'>Compartir por correo<\/span><\/a><\/li><\/ul><\/div><\/div>\n<div  style='height:50px' class='hr hr-invisible   avia-builder-el-8  el_after_av_social_share  el_before_av_comments_list '><span class='hr-inner ' ><span class='hr-inner-style'><\/span><\/span><\/div>\n<div  class='av-buildercomment  av-blog-meta-html-info-disabled av-blog-meta-tag-disabled  '><\/div>\n","protected":false},"excerpt":{"rendered":"","protected":false},"author":1,"featured_media":43830,"comment_status":"open","ping_status":"open","sticky":false,"template":"","format":"standard","meta":{"footnotes":""},"categories":[36],"tags":[],"class_list":["post-43829","post","type-post","status-publish","format-standard","has-post-thumbnail","hentry","category-policial"],"jetpack_featured_media_url":"https:\/\/radiorevelacionfm.cl\/wp-content\/uploads\/2024\/07\/Audiencia_formalizacion_1-1-1.jpg","_links":{"self":[{"href":"https:\/\/radiorevelacionfm.cl\/index.php?rest_route=\/wp\/v2\/posts\/43829","targetHints":{"allow":["GET"]}}],"collection":[{"href":"https:\/\/radiorevelacionfm.cl\/index.php?rest_route=\/wp\/v2\/posts"}],"about":[{"href":"https:\/\/radiorevelacionfm.cl\/index.php?rest_route=\/wp\/v2\/types\/post"}],"author":[{"embeddable":true,"href":"https:\/\/radiorevelacionfm.cl\/index.php?rest_route=\/wp\/v2\/users\/1"}],"replies":[{"embeddable":true,"href":"https:\/\/radiorevelacionfm.cl\/index.php?rest_route=%2Fwp%2Fv2%2Fcomments&post=43829"}],"version-history":[{"count":1,"href":"https:\/\/radiorevelacionfm.cl\/index.php?rest_route=\/wp\/v2\/posts\/43829\/revisions"}],"predecessor-version":[{"id":43831,"href":"https:\/\/radiorevelacionfm.cl\/index.php?rest_route=\/wp\/v2\/posts\/43829\/revisions\/43831"}],"wp:featuredmedia":[{"embeddable":true,"href":"https:\/\/radiorevelacionfm.cl\/index.php?rest_route=\/wp\/v2\/media\/43830"}],"wp:attachment":[{"href":"https:\/\/radiorevelacionfm.cl\/index.php?rest_route=%2Fwp%2Fv2%2Fmedia&parent=43829"}],"wp:term":[{"taxonomy":"category","embeddable":true,"href":"https:\/\/radiorevelacionfm.cl\/index.php?rest_route=%2Fwp%2Fv2%2Fcategories&post=43829"},{"taxonomy":"post_tag","embeddable":true,"href":"https:\/\/radiorevelacionfm.cl\/index.php?rest_route=%2Fwp%2Fv2%2Ftags&post=43829"}],"curies":[{"name":"wp","href":"https:\/\/api.w.org\/{rel}","templated":true}]}}