{"id":43823,"date":"2024-07-04T18:40:08","date_gmt":"2024-07-04T21:40:08","guid":{"rendered":"https:\/\/radiorevelacionfm.cl\/?p=43823"},"modified":"2024-07-04T18:40:08","modified_gmt":"2024-07-04T21:40:08","slug":"jovenes-de-la-region-de-aysen-participan-en-el-ii-encuentro-nacional-de-juventudes-rurales-de-indap","status":"publish","type":"post","link":"https:\/\/radiorevelacionfm.cl\/?p=43823","title":{"rendered":"J\u00f3venes de la Regi\u00f3n de Ays\u00e9n participan en el II Encuentro Nacional de Juventudes Rurales de INDAP"},"content":{"rendered":"<div class=\"flex_column av_one_full  flex_column_div av-zero-column-padding first  avia-builder-el-0  el_before_av_one_full  avia-builder-el-first  \" style='border-radius:0px; '><div  class='avia-image-container  av-styling-    avia-builder-el-1  avia-builder-el-no-sibling  avia-align-center '  itemprop=\"image\" itemscope=\"itemscope\" itemtype=\"https:\/\/schema.org\/ImageObject\"  ><div class='avia-image-container-inner'><div class='avia-image-overlay-wrap'><img decoding=\"async\" class='wp-image-43824 avia-img-lazy-loading-not-43824 avia_image' src=\"https:\/\/radiorevelacionfm.cl\/wp-content\/uploads\/2024\/07\/PHOTO-2024-06-27-12-52-20-1-1.jpg\" alt='' title='PHOTO-2024-06-27-12-52-20 (1) (1)' height=\"600\" width=\"450\"  itemprop=\"thumbnailUrl\" srcset=\"https:\/\/radiorevelacionfm.cl\/wp-content\/uploads\/2024\/07\/PHOTO-2024-06-27-12-52-20-1-1.jpg 450w, https:\/\/radiorevelacionfm.cl\/wp-content\/uploads\/2024\/07\/PHOTO-2024-06-27-12-52-20-1-1-225x300.jpg 225w\" sizes=\"(max-width: 450px) 100vw, 450px\" \/><\/div><\/div><\/div><\/div><div class=\"flex_column av_one_full  flex_column_div av-zero-column-padding first  avia-builder-el-2  el_after_av_one_full  el_before_av_one_full  column-top-margin\" style='border-radius:0px; '><section class=\"av_textblock_section \"  itemscope=\"itemscope\" itemtype=\"https:\/\/schema.org\/BlogPosting\" itemprop=\"blogPost\" ><div class='avia_textblock  '   itemprop=\"text\" ><p style=\"text-align: center;\"><strong><span style=\"font-size: 18pt;\">J\u00f3venes de la Regi\u00f3n de Ays\u00e9n participan en el II Encuentro Nacional de Juventudes Rurales de INDAP<\/span><\/strong><\/p>\n<div id=\"gtx-trans\" style=\"position: absolute; left: -50px; top: 4.31534px;\">\n<div class=\"gtx-trans-icon\"><\/div>\n<\/div>\n<\/div><\/section><\/div><div class=\"flex_column av_one_full  flex_column_div av-zero-column-padding first  avia-builder-el-4  el_after_av_one_full  el_before_av_hr  column-top-margin\" style='border-radius:0px; '><section class=\"av_textblock_section \"  itemscope=\"itemscope\" itemtype=\"https:\/\/schema.org\/BlogPosting\" itemprop=\"blogPost\" ><div class='avia_textblock  '   itemprop=\"text\" ><div>\n<p style=\"text-align: justify;\"><span lang=\"ES-419\">Dos\u00a0j\u00f3venes\u00a0de la\u00a0regi\u00f3n\u00a0de\u00a0Ays\u00e9n,\u00a0originarios\u00a0de Puerto\u00a0Tranquilo\u00a0y Chile Chico,\u00a0participaron\u00a0como\u00a0representantes\u00a0de la Mesa Regional de\u00a0J\u00f3venes\u00a0Rurales\u00a0en\u00a0el\u00a0Segundo Encuentro Nacional de\u00a0Juventudes\u00a0Rurales,\u00a0organizado\u00a0por\u00a0INDAP del\u00a0Ministerio\u00a0de Agricultura, que se\u00a0celebr\u00f3\u00a0la\u00a0semana\u00a0pasada\u00a0en\u00a0Fresia, Regi\u00f3n de Los Lagos.<\/span><\/p>\n<\/div>\n<div style=\"text-align: justify;\">\n<p><span lang=\"ES-419\">En el encuentro\u00a0que reuni\u00f3 a m\u00e1s de 150 j\u00f3venes de todo Chile, los\u00a0j\u00f3venes\u00a0representantes de la Mesa Regional de J\u00f3venes Rurales de Ays\u00e9n\u00a0destacaron\u00a0la\u00a0oportunidad\u00a0de\u00a0intercambiar\u00a0experiencias,\u00a0crear\u00a0redes con sus pares de\u00a0todo\u00a0el\u00a0pa\u00eds\u00a0y\u00a0conocer\u00a0diversas\u00a0pr\u00e1cticas\u00a0productivas\u00a0en\u00a0el\u00a0sector rural. La\u00a0reuni\u00f3n\u00a0tambi\u00e9n\u00a0les\u00a0permiti\u00f3\u00a0discutir\u00a0temas\u00a0clave para\u00a0el\u00a0futuro\u00a0del campo,\u00a0como\u00a0la\u00a0sustentabilidad,\u00a0el\u00a0cooperativismo\u00a0y\u00a0el\u00a0turismo rural\u00a0como\u00a0nueva\u00a0\u00e1rea\u00a0a\u00a0explorar.\u00a0<\/span><\/p>\n<\/div>\n<div style=\"text-align: justify;\">\n<p><span lang=\"ES-419\">Nicole Reyes,\u00a0representante\u00a0de Chile Chico, expres\u00f3 su gratitud\u00a0sobre la oportunidad: \u00abAgradezco mucho el apoyo de INDAP, que nos permiti\u00f3 participar, acompa\u00f1arnos y compartir nuestras experiencias y aprendizajes\u00bb.<\/span><\/p>\n<\/div>\n<div style=\"text-align: justify;\">\n<p><span lang=\"ES-419\">Un momento crucial del encuentro fue la presentaci\u00f3n de un manifiesto por parte de los j\u00f3venes a las autoridades, destacando los desaf\u00edos que enfrentan y proponiendo soluciones para el \u00e1mbito rural.<\/span><\/p>\n<\/div>\n<div style=\"text-align: justify;\">\n<p><span lang=\"ES-419\">Tom\u00e1s Carrere, representante de la Mesa de J\u00f3venes Rurales de Ays\u00e9n\u00a0de Puerto Tranquilo, se\u00f1al\u00f3: \u00abLo fundamental es adoptar las mejores pr\u00e1cticas de otras regiones y aplicarlas en Ays\u00e9n. Tenemos un potencial enorme, con recursos como el agua y grandes extensiones de terreno utilizables\u00bb.<\/span><\/p>\n<\/div>\n<div style=\"text-align: justify;\">\n<p><span lang=\"ES-419\">INDAP ha\u00a0colocado\u00a0el\u00a0apoyo\u00a0a\u00a0los\u00a0j\u00f3venes\u00a0rurales\u00a0como\u00a0una\u00a0prioridad\u00a0estrat\u00e9gica,\u00a0reconociendo\u00a0su\u00a0potencial\u00a0como\u00a0capital\u00a0humano\u00a0y la\u00a0necesidad\u00a0de\u00a0generar\u00a0oportunidades\u00a0para\u00a0su\u00a0desarrollo.\u00a0Desde\u00a02023,\u00a0los\u00a0j\u00f3venes\u00a0rurales se\u00a0definen\u00a0como\u00a0aquellos\u00a0entre 18 y 40\u00a0a\u00f1os,\u00a0destacando\u00a0su\u00a0capacidad\u00a0para\u00a0el\u00a0emprendimiento\u00a0y la\u00a0innovaci\u00f3n.<\/span><\/p>\n<\/div>\n<div style=\"text-align: justify;\">\n<p><span lang=\"ES-419\">Yessica Lagos C\u00e1rdenas,\u00a0Directora\u00a0Regional de INDAP,\u00a0invit\u00f3\u00a0a\u00a0m\u00e1s\u00a0j\u00f3venes\u00a0de\u00a0Ays\u00e9n\u00a0a\u00a0unirse\u00a0a la Mesa Regional de\u00a0Juventudes\u00a0Rurales: \u00abEste\u00a0encuentro, junto a la Mesa Regional de J\u00f3venes Rurales,\u00a0representa\u00a0una\u00a0gran\u00a0oportunidad\u00a0para\u00a0nuestra\u00a0juventud\u00a0rural de\u00a0Ays\u00e9n.\u00a0Invitamos\u00a0a\u00a0m\u00e1s\u00a0j\u00f3venes\u00a0a\u00a0participar\u00a0y\u00a0contribuir\u00a0con sus\u00a0perspectivas\u00a0a\u00a0nuestros\u00a0programas\u00a0de INDAP,\u00a0asegurando\u00a0que\u00a0respondan\u00a0a las\u00a0necesidades\u00a0de las\u00a0nuevas\u00a0generaciones\u00a0rurales\u00a0con una mirada diversa e integradora desde\u00a0las\u00a0distintas\u00a0comunidades\u00a0de nuestra Regi\u00f3n de Ays\u00e9n\u00bb.<\/span><\/p>\n<\/div>\n<div>\n<p style=\"text-align: justify;\"><span lang=\"ES-419\">El II Encuentro Nacional de Juventudes Rurales se reafirma como una plataforma esencial para visibilizar las necesidades y propuestas de los j\u00f3venes rurales del pa\u00eds, y como un espacio para fortalecer las redes entre ellos y las autoridades gubernamentales. Durante los pr\u00f3ximos d\u00edas, se anunciar\u00e1 la regi\u00f3n que acoger\u00e1 el encuentro en 2025.<\/span><\/p>\n<\/div>\n<\/div><\/section><\/div><div  style='height:50px' class='hr hr-invisible   avia-builder-el-6  el_after_av_one_full  el_before_av_social_share '><span class='hr-inner ' ><span class='hr-inner-style'><\/span><\/span><\/div><\/p>\n<div  class='av-social-sharing-box  avia-builder-el-7  el_after_av_hr  el_before_av_hr  '><div class='av-share-box'><h5 class='av-share-link-description av-no-toc '>Compartir esta noticia<\/h5><ul class='av-share-box-list noLightbox'><li class='av-share-link av-social-link-facebook' ><a target=\"_blank\" aria-label=\"Compartir en Facebook\" href='https:\/\/www.facebook.com\/sharer.php?u=https:\/\/radiorevelacionfm.cl\/?p=43823&#038;t=J%C3%B3venes%20de%20la%20Regi%C3%B3n%20de%20Ays%C3%A9n%20participan%20en%20el%20II%20Encuentro%20Nacional%20de%20Juventudes%20Rurales%20de%20INDAP' aria-hidden='false' data-av_icon='\ue8f3' data-av_iconfont='entypo-fontello' title='' data-avia-related-tooltip='Compartir en Facebook' rel=\"noopener\"><span class='avia_hidden_link_text'>Compartir en Facebook<\/span><\/a><\/li><li class='av-share-link av-social-link-twitter' ><a target=\"_blank\" aria-label=\"Compartir en Twitter\" href='https:\/\/twitter.com\/share?text=J%C3%B3venes%20de%20la%20Regi%C3%B3n%20de%20Ays%C3%A9n%20participan%20en%20el%20II%20Encuentro%20Nacional%20de%20Juventudes%20Rurales%20de%20INDAP&#038;url=https:\/\/radiorevelacionfm.cl\/?p=43823' aria-hidden='false' data-av_icon='\ue8f1' data-av_iconfont='entypo-fontello' title='' data-avia-related-tooltip='Compartir en Twitter' rel=\"noopener\"><span class='avia_hidden_link_text'>Compartir en Twitter<\/span><\/a><\/li><li class='av-share-link av-social-link-whatsapp' ><a target=\"_blank\" aria-label=\"Compartir en Whatsapp\" href='https:\/\/api.whatsapp.com\/send?text=https:\/\/radiorevelacionfm.cl\/?p=43823' aria-hidden='false' data-av_icon='\uf232' data-av_iconfont='entypo-fontello' title='' data-avia-related-tooltip='Compartir en Whatsapp' rel=\"noopener\"><span class='avia_hidden_link_text'>Compartir en Whatsapp<\/span><\/a><\/li><li class='av-share-link av-social-link-linkedin' ><a target=\"_blank\" aria-label=\"Compartir en LinkedIn\" href='https:\/\/linkedin.com\/shareArticle?mini=true&#038;title=J%C3%B3venes%20de%20la%20Regi%C3%B3n%20de%20Ays%C3%A9n%20participan%20en%20el%20II%20Encuentro%20Nacional%20de%20Juventudes%20Rurales%20de%20INDAP&#038;url=https:\/\/radiorevelacionfm.cl\/?p=43823' aria-hidden='false' data-av_icon='\ue8fc' data-av_iconfont='entypo-fontello' title='' data-avia-related-tooltip='Compartir en LinkedIn' rel=\"noopener\"><span class='avia_hidden_link_text'>Compartir en LinkedIn<\/span><\/a><\/li><li class='av-share-link av-social-link-mail' ><a  aria-label=\"Compartir por correo\" href='mailto:?subject=J%C3%B3venes%20de%20la%20Regi%C3%B3n%20de%20Ays%C3%A9n%20participan%20en%20el%20II%20Encuentro%20Nacional%20de%20Juventudes%20Rurales%20de%20INDAP&#038;body=https:\/\/radiorevelacionfm.cl\/?p=43823' aria-hidden='false' data-av_icon='\ue805' data-av_iconfont='entypo-fontello' title='' data-avia-related-tooltip='Compartir por correo'><span class='avia_hidden_link_text'>Compartir por correo<\/span><\/a><\/li><\/ul><\/div><\/div>\n<div  style='height:50px' class='hr hr-invisible   avia-builder-el-8  el_after_av_social_share  el_before_av_comments_list '><span class='hr-inner ' ><span class='hr-inner-style'><\/span><\/span><\/div>\n<div  class='av-buildercomment  av-blog-meta-html-info-disabled av-blog-meta-tag-disabled  '><\/div>\n","protected":false},"excerpt":{"rendered":"","protected":false},"author":1,"featured_media":43824,"comment_status":"open","ping_status":"open","sticky":false,"template":"","format":"standard","meta":{"footnotes":""},"categories":[38],"tags":[],"class_list":["post-43823","post","type-post","status-publish","format-standard","has-post-thumbnail","hentry","category-regional"],"jetpack_featured_media_url":"https:\/\/radiorevelacionfm.cl\/wp-content\/uploads\/2024\/07\/PHOTO-2024-06-27-12-52-20-1-1.jpg","_links":{"self":[{"href":"https:\/\/radiorevelacionfm.cl\/index.php?rest_route=\/wp\/v2\/posts\/43823","targetHints":{"allow":["GET"]}}],"collection":[{"href":"https:\/\/radiorevelacionfm.cl\/index.php?rest_route=\/wp\/v2\/posts"}],"about":[{"href":"https:\/\/radiorevelacionfm.cl\/index.php?rest_route=\/wp\/v2\/types\/post"}],"author":[{"embeddable":true,"href":"https:\/\/radiorevelacionfm.cl\/index.php?rest_route=\/wp\/v2\/users\/1"}],"replies":[{"embeddable":true,"href":"https:\/\/radiorevelacionfm.cl\/index.php?rest_route=%2Fwp%2Fv2%2Fcomments&post=43823"}],"version-history":[{"count":1,"href":"https:\/\/radiorevelacionfm.cl\/index.php?rest_route=\/wp\/v2\/posts\/43823\/revisions"}],"predecessor-version":[{"id":43825,"href":"https:\/\/radiorevelacionfm.cl\/index.php?rest_route=\/wp\/v2\/posts\/43823\/revisions\/43825"}],"wp:featuredmedia":[{"embeddable":true,"href":"https:\/\/radiorevelacionfm.cl\/index.php?rest_route=\/wp\/v2\/media\/43824"}],"wp:attachment":[{"href":"https:\/\/radiorevelacionfm.cl\/index.php?rest_route=%2Fwp%2Fv2%2Fmedia&parent=43823"}],"wp:term":[{"taxonomy":"category","embeddable":true,"href":"https:\/\/radiorevelacionfm.cl\/index.php?rest_route=%2Fwp%2Fv2%2Fcategories&post=43823"},{"taxonomy":"post_tag","embeddable":true,"href":"https:\/\/radiorevelacionfm.cl\/index.php?rest_route=%2Fwp%2Fv2%2Ftags&post=43823"}],"curies":[{"name":"wp","href":"https:\/\/api.w.org\/{rel}","templated":true}]}}