{"id":43820,"date":"2024-07-04T16:42:14","date_gmt":"2024-07-04T19:42:14","guid":{"rendered":"https:\/\/radiorevelacionfm.cl\/?p=43820"},"modified":"2024-07-04T16:42:14","modified_gmt":"2024-07-04T19:42:14","slug":"cecrea-coyhaique-cierra-primer-semestre-con-alta-participacion-estudiantil","status":"publish","type":"post","link":"https:\/\/radiorevelacionfm.cl\/?p=43820","title":{"rendered":"Cecrea Coyhaique cierra primer semestre con alta participaci\u00f3n estudiantil"},"content":{"rendered":"<div class=\"flex_column av_one_full  flex_column_div av-zero-column-padding first  avia-builder-el-0  el_before_av_one_full  avia-builder-el-first  \" style='border-radius:0px; '><div  class='avia-image-container  av-styling-    avia-builder-el-1  avia-builder-el-no-sibling  avia-align-center '  itemprop=\"image\" itemscope=\"itemscope\" itemtype=\"https:\/\/schema.org\/ImageObject\"  ><div class='avia-image-container-inner'><div class='avia-image-overlay-wrap'><img decoding=\"async\" class='wp-image-43821 avia-img-lazy-loading-not-43821 avia_image' src=\"https:\/\/radiorevelacionfm.cl\/wp-content\/uploads\/2024\/07\/cecrea-3-2-1.jpg\" alt='' title='cecrea 3 (2) (1)' height=\"600\" width=\"900\"  itemprop=\"thumbnailUrl\" srcset=\"https:\/\/radiorevelacionfm.cl\/wp-content\/uploads\/2024\/07\/cecrea-3-2-1.jpg 900w, https:\/\/radiorevelacionfm.cl\/wp-content\/uploads\/2024\/07\/cecrea-3-2-1-300x200.jpg 300w, https:\/\/radiorevelacionfm.cl\/wp-content\/uploads\/2024\/07\/cecrea-3-2-1-768x512.jpg 768w, https:\/\/radiorevelacionfm.cl\/wp-content\/uploads\/2024\/07\/cecrea-3-2-1-705x470.jpg 705w, https:\/\/radiorevelacionfm.cl\/wp-content\/uploads\/2024\/07\/cecrea-3-2-1-450x300.jpg 450w, https:\/\/radiorevelacionfm.cl\/wp-content\/uploads\/2024\/07\/cecrea-3-2-1-600x400.jpg 600w\" sizes=\"(max-width: 900px) 100vw, 900px\" \/><\/div><\/div><\/div><\/div><div class=\"flex_column av_one_full  flex_column_div av-zero-column-padding first  avia-builder-el-2  el_after_av_one_full  el_before_av_one_full  column-top-margin\" style='border-radius:0px; '><section class=\"av_textblock_section \"  itemscope=\"itemscope\" itemtype=\"https:\/\/schema.org\/BlogPosting\" itemprop=\"blogPost\" ><div class='avia_textblock  '   itemprop=\"text\" ><p style=\"text-align: center;\"><span style=\"font-size: 18pt;\"><b>Cecrea Coyhaique cierra primer semestre con alta participaci\u00f3n estudiantil<\/b><\/span><\/p>\n<div id=\"gtx-trans\" style=\"position: absolute; left: -50px; top: 4.31534px;\">\n<div class=\"gtx-trans-icon\"><\/div>\n<\/div>\n<\/div><\/section><\/div><div class=\"flex_column av_one_full  flex_column_div av-zero-column-padding first  avia-builder-el-4  el_after_av_one_full  el_before_av_hr  column-top-margin\" style='border-radius:0px; '><section class=\"av_textblock_section \"  itemscope=\"itemscope\" itemtype=\"https:\/\/schema.org\/BlogPosting\" itemprop=\"blogPost\" ><div class='avia_textblock  '   itemprop=\"text\" ><div style=\"text-align: justify;\">\u201cCecrea me ayuda a aprender cosas y a reflexionar\u201d, comenta Nataniel, estudiante de sexto b\u00e1sico de la Escuela Altamira que ha participado este primer semestre en los laboratorios y experiencias creativas del Centro de Creaci\u00f3n, Cecrea Coyhaique, del Ministerio de las Culturas.<\/div>\n<div style=\"text-align: justify;\"><\/div>\n<div style=\"text-align: justify;\">La ubicaci\u00f3n del Espacio Cecrea en el Centro Cultural Coyhaique ha facilitado la participaci\u00f3n de al menos 250 estudiantes de colegios de Coyhaique, cuyas experiencias art\u00edstico-educativas son creadas en conjunto con facilitadores y equipos docentes de los establecimientos involucrados a partir de las Escuchas Creativas con las que abren los procesos Cecrea. Se desarrollaron Laboratorios Creativos de Artes Visuales a cargo de Manuela Millar; Artes Esc\u00e9nicas con Amelia Osorio; Artes Musicales con Ian Coliman; y Artes Literarias a cargo del facilitador Alejandro C\u00e1rdenas.<\/div>\n<div style=\"text-align: justify;\"><\/div>\n<div style=\"text-align: justify;\">Matilda, compa\u00f1era de Nataniel, dice que Cecrea \u201ces muy divertido y educativo tambi\u00e9n porque podemos hablar de c\u00f3mo nos sentimos las personas\u201d, mientras que un entusiasta Facundo asegur\u00f3 que \u201cha sido bac\u00e1n, lo pas\u00e9 muy bien y vendr\u00eda muchas veces\u201d.<\/div>\n<div style=\"text-align: justify;\"><\/div>\n<div style=\"text-align: justify;\">\u201cLo que sucede en el espacio Cecrea es que los ni\u00f1os y las ni\u00f1as se sienten completamente libres para expresar y encontrar sus propios lenguajes art\u00edsticos\u201d, explica el seremi de Culturas Ays\u00e9n, Felipe Quiroz, y a\u00f1ade que \u201ctodo el foco del programa est\u00e1 puesto en las lecturas y reflexiones que hacen las y los propios participantes. Los contenidos se van acomodando a sus propias inquietudes y el desarrollo de Cecrea permite, justamente, que cada laboratorio sea siempre una experiencia nueva. Las comunidades educativas agradecen que este programa se est\u00e9 fortaleciendo y trabajando cada vez m\u00e1s cerca de los establecimientos de Coyhaique\u201d.<\/div>\n<div style=\"text-align: justify;\"><\/div>\n<div style=\"text-align: justify;\">La actriz Amelia Osorio estuvo a cargo de facilitar el Laboratorio de Artes Esc\u00e9nicas: \u201cHa sido bien diverso. Hemos trabajado con escuelas y ni\u00f1os que est\u00e1n bastante dispuestos a explorar. Tienen mucha energ\u00eda. Ha sido tambi\u00e9n bonito el encuentro con mis compa\u00f1eros facilitadores, donde hemos podido dividir los grupos y tambi\u00e9n hacer un trabajo m\u00e1s concentrado y poder experimentar y crear\u201d.<\/div>\n<div style=\"text-align: justify;\"><\/div>\n<div style=\"text-align: justify;\">La facilitadora del Laboratorio de Artes Visuales, Manuela Millar, cuenta que \u201cme he sentido superbi\u00e9n haciendo ese trabajo con los ni\u00f1os. Ellos siempre tienen mucha energ\u00eda y vienen cargados de esa creatividad que es supernutritiva para una porque te contagias de eso y al final todos participamos y todos aprendemos\u201d.<\/div>\n<div style=\"text-align: justify;\"><\/div>\n<div style=\"text-align: justify;\">Durante el primer semestre 2024 participaron distintos cursos de la Escuela San Jos\u00e9, el Liceo Josefina Aguirre Montenegro, la Escuela Altamira, la Escuela Espa\u00f1a.<\/div>\n<div style=\"text-align: justify;\"><\/div>\n<div style=\"text-align: justify;\">Para el segundo semestre, Cecrea Coyhaique trabajar\u00e1 con escuelas rurales de la comuna de Coyhaique con los facilitadores y facilitadoras de forma presencial en los establecimientos para acercar los 4 Laboratorios Creativos a las y los estudiantes que cuentan con escaso acceso a estas experiencias.<\/div>\n<\/div><\/section><\/div><div  style='height:50px' class='hr hr-invisible   avia-builder-el-6  el_after_av_one_full  el_before_av_social_share '><span class='hr-inner ' ><span class='hr-inner-style'><\/span><\/span><\/div><\/p>\n<div  class='av-social-sharing-box  avia-builder-el-7  el_after_av_hr  el_before_av_hr  '><div class='av-share-box'><h5 class='av-share-link-description av-no-toc '>Compartir esta noticia<\/h5><ul class='av-share-box-list noLightbox'><li class='av-share-link av-social-link-facebook' ><a target=\"_blank\" aria-label=\"Compartir en Facebook\" href='https:\/\/www.facebook.com\/sharer.php?u=https:\/\/radiorevelacionfm.cl\/?p=43820&#038;t=Cecrea%20Coyhaique%20cierra%20primer%20semestre%20con%20alta%20participaci%C3%B3n%20estudiantil' aria-hidden='false' data-av_icon='\ue8f3' data-av_iconfont='entypo-fontello' title='' data-avia-related-tooltip='Compartir en Facebook' rel=\"noopener\"><span class='avia_hidden_link_text'>Compartir en Facebook<\/span><\/a><\/li><li class='av-share-link av-social-link-twitter' ><a target=\"_blank\" aria-label=\"Compartir en Twitter\" href='https:\/\/twitter.com\/share?text=Cecrea%20Coyhaique%20cierra%20primer%20semestre%20con%20alta%20participaci%C3%B3n%20estudiantil&#038;url=https:\/\/radiorevelacionfm.cl\/?p=43820' aria-hidden='false' data-av_icon='\ue8f1' data-av_iconfont='entypo-fontello' title='' data-avia-related-tooltip='Compartir en Twitter' rel=\"noopener\"><span class='avia_hidden_link_text'>Compartir en Twitter<\/span><\/a><\/li><li class='av-share-link av-social-link-whatsapp' ><a target=\"_blank\" aria-label=\"Compartir en Whatsapp\" href='https:\/\/api.whatsapp.com\/send?text=https:\/\/radiorevelacionfm.cl\/?p=43820' aria-hidden='false' data-av_icon='\uf232' data-av_iconfont='entypo-fontello' title='' data-avia-related-tooltip='Compartir en Whatsapp' rel=\"noopener\"><span class='avia_hidden_link_text'>Compartir en Whatsapp<\/span><\/a><\/li><li class='av-share-link av-social-link-linkedin' ><a target=\"_blank\" aria-label=\"Compartir en LinkedIn\" href='https:\/\/linkedin.com\/shareArticle?mini=true&#038;title=Cecrea%20Coyhaique%20cierra%20primer%20semestre%20con%20alta%20participaci%C3%B3n%20estudiantil&#038;url=https:\/\/radiorevelacionfm.cl\/?p=43820' aria-hidden='false' data-av_icon='\ue8fc' data-av_iconfont='entypo-fontello' title='' data-avia-related-tooltip='Compartir en LinkedIn' rel=\"noopener\"><span class='avia_hidden_link_text'>Compartir en LinkedIn<\/span><\/a><\/li><li class='av-share-link av-social-link-mail' ><a  aria-label=\"Compartir por correo\" href='mailto:?subject=Cecrea%20Coyhaique%20cierra%20primer%20semestre%20con%20alta%20participaci%C3%B3n%20estudiantil&#038;body=https:\/\/radiorevelacionfm.cl\/?p=43820' aria-hidden='false' data-av_icon='\ue805' data-av_iconfont='entypo-fontello' title='' data-avia-related-tooltip='Compartir por correo'><span class='avia_hidden_link_text'>Compartir por correo<\/span><\/a><\/li><\/ul><\/div><\/div>\n<div  style='height:50px' class='hr hr-invisible   avia-builder-el-8  el_after_av_social_share  el_before_av_comments_list '><span class='hr-inner ' ><span class='hr-inner-style'><\/span><\/span><\/div>\n<div  class='av-buildercomment  av-blog-meta-html-info-disabled av-blog-meta-tag-disabled  '><\/div>\n","protected":false},"excerpt":{"rendered":"","protected":false},"author":1,"featured_media":43821,"comment_status":"open","ping_status":"open","sticky":false,"template":"","format":"standard","meta":{"footnotes":""},"categories":[49],"tags":[],"class_list":["post-43820","post","type-post","status-publish","format-standard","has-post-thumbnail","hentry","category-educacion"],"jetpack_featured_media_url":"https:\/\/radiorevelacionfm.cl\/wp-content\/uploads\/2024\/07\/cecrea-3-2-1.jpg","_links":{"self":[{"href":"https:\/\/radiorevelacionfm.cl\/index.php?rest_route=\/wp\/v2\/posts\/43820","targetHints":{"allow":["GET"]}}],"collection":[{"href":"https:\/\/radiorevelacionfm.cl\/index.php?rest_route=\/wp\/v2\/posts"}],"about":[{"href":"https:\/\/radiorevelacionfm.cl\/index.php?rest_route=\/wp\/v2\/types\/post"}],"author":[{"embeddable":true,"href":"https:\/\/radiorevelacionfm.cl\/index.php?rest_route=\/wp\/v2\/users\/1"}],"replies":[{"embeddable":true,"href":"https:\/\/radiorevelacionfm.cl\/index.php?rest_route=%2Fwp%2Fv2%2Fcomments&post=43820"}],"version-history":[{"count":1,"href":"https:\/\/radiorevelacionfm.cl\/index.php?rest_route=\/wp\/v2\/posts\/43820\/revisions"}],"predecessor-version":[{"id":43822,"href":"https:\/\/radiorevelacionfm.cl\/index.php?rest_route=\/wp\/v2\/posts\/43820\/revisions\/43822"}],"wp:featuredmedia":[{"embeddable":true,"href":"https:\/\/radiorevelacionfm.cl\/index.php?rest_route=\/wp\/v2\/media\/43821"}],"wp:attachment":[{"href":"https:\/\/radiorevelacionfm.cl\/index.php?rest_route=%2Fwp%2Fv2%2Fmedia&parent=43820"}],"wp:term":[{"taxonomy":"category","embeddable":true,"href":"https:\/\/radiorevelacionfm.cl\/index.php?rest_route=%2Fwp%2Fv2%2Fcategories&post=43820"},{"taxonomy":"post_tag","embeddable":true,"href":"https:\/\/radiorevelacionfm.cl\/index.php?rest_route=%2Fwp%2Fv2%2Ftags&post=43820"}],"curies":[{"name":"wp","href":"https:\/\/api.w.org\/{rel}","templated":true}]}}