{"id":4382,"date":"2021-05-21T22:07:12","date_gmt":"2021-05-22T01:07:12","guid":{"rendered":"https:\/\/radiorevelacionfm.cl\/?p=4382"},"modified":"2021-05-21T22:07:12","modified_gmt":"2021-05-22T01:07:12","slug":"trashumantes-abre-convocatoria-para-la-primera-version-de-su-encuentro-de-gestores","status":"publish","type":"post","link":"https:\/\/radiorevelacionfm.cl\/?p=4382","title":{"rendered":"Trashumantes abre convocatoria para la primera versi\u00f3n de su Encuentro de Gestores"},"content":{"rendered":"<div class=\"flex_column av_one_full  flex_column_div av-zero-column-padding first  avia-builder-el-0  el_before_av_one_full  avia-builder-el-first  \" style='border-radius:0px; '><div  class='avia-image-container  av-styling-    avia-builder-el-1  avia-builder-el-no-sibling  avia-align-center '  itemprop=\"image\" itemscope=\"itemscope\" itemtype=\"https:\/\/schema.org\/ImageObject\"  ><div class='avia-image-container-inner'><div class='avia-image-overlay-wrap'><img decoding=\"async\" class='wp-image-0 avia-img-lazy-loading-not-0 avia_image' src=\"https:\/\/radiorevelacionfm.cl\/wp-content\/uploads\/2021\/05\/foto-encuentro-de-gestores_optimized.jpg\" alt='' title=''   itemprop=\"thumbnailUrl\"  \/><\/div><\/div><\/div><\/div><div class=\"flex_column av_one_full  flex_column_div av-zero-column-padding first  avia-builder-el-2  el_after_av_one_full  el_before_av_one_full  column-top-margin\" style='border-radius:0px; '><section class=\"av_textblock_section \"  itemscope=\"itemscope\" itemtype=\"https:\/\/schema.org\/BlogPosting\" itemprop=\"blogPost\" ><div class='avia_textblock  '   itemprop=\"text\" ><p style=\"text-align: center;\"><strong><span style=\"font-size: 18pt;\">Trashumantes abre convocatoria para la primera versi\u00f3n de su Encuentro de Gestores<\/span><\/strong><\/p>\n<div id=\"gtx-trans\" style=\"position: absolute; left: -50px; top: 4.31534px;\">\n<div class=\"gtx-trans-icon\"><\/div>\n<\/div>\n<\/div><\/section><\/div><div class=\"flex_column av_one_full  flex_column_div av-zero-column-padding first  avia-builder-el-4  el_after_av_one_full  el_before_av_hr  column-top-margin\" style='border-radius:0px; '><section class=\"av_textblock_section \"  itemscope=\"itemscope\" itemtype=\"https:\/\/schema.org\/BlogPosting\" itemprop=\"blogPost\" ><div class='avia_textblock  '   itemprop=\"text\" ><p style=\"text-align: justify;\">Agentes, gestores\/as y organizaciones teatrales del Biob\u00edo a Magallanes podr\u00e1n sumarse como expositores\/as a esta actividad que se llevar\u00e1 a cabo el 10, 11 y 12 de junio, a trav\u00e9s de Zoom. Las postulaciones finalizan este 26 de mayo en <a href=\"http:\/\/www.fundaciontrashumantes.cl\">www.fundaciontrashumantes.cl<\/a>, donde tambi\u00e9n puede inscribirse el p\u00fablico general.<\/p>\n<p style=\"text-align: justify;\">Trashumantes invita a participar en la primera versi\u00f3n de su Encuentro de Gestores, actividad en l\u00ednea que busca transformarse en un espacio de intercambio entre los territorios del sur y las metodolog\u00edas de gesti\u00f3n que desarrollan sus actores para potenciar el teatro en sus localidades.<\/p>\n<p style=\"text-align: justify;\">El Encuentro se realizar\u00e1 el 10, 11 y 12 de junio del presente a\u00f1o, a trav\u00e9s de Zoom, \u00a0y contar\u00e1 con la exposici\u00f3n de 10 agentes culturales que forman parte de Red Sur Trashumantes, adem\u00e1s de dos charlas especializadas: \u201cFormaci\u00f3n de Audiencias\u201d y \u201cLey de Donaciones Culturales\u201d.<\/p>\n<p style=\"text-align: justify;\">Asimismo, esta iniciativa financiada por el Programa de Apoyo a Organizaciones Culturales Colaboradoras del ministerio de las Culturas, las Artes y el Patrimonio, tiene abierta su convocatoria para que agentes, gestores\/as y organizaciones teatrales del Biob\u00edo a Magallanes se sumen como expositores\/as.<\/p>\n<p style=\"text-align: justify;\">\u201cComo expositor o expositora tendr\u00e1s la posibilidad de presentar tu plan de gesti\u00f3n o tu metodolog\u00eda de trabajo durante siete minutos, con material visual de apoyo, y luego tendr\u00e1s otros siete minutos para responder preguntas y reflexiones\u201d, dicen las directoras de Trashumantes, Andrea Richards y Gisela Buscaglione.<\/p>\n<p style=\"text-align: justify;\">Los\/as interesados\/as pueden postular hasta este 26 de mayo, en <a href=\"http:\/\/www.fundaciontrashumantes\">www.fundaciontrashumantes<\/a>.cl, donde tambi\u00e9n deben inscribirse las personas que quieran participar como invitados\/as, con la posibilidad de realizar preguntas o reflexiones en torno a las exposiciones y charlas.<\/p>\n<\/div><\/section><\/div><div  style='height:50px' class='hr hr-invisible   avia-builder-el-6  el_after_av_one_full  el_before_av_social_share '><span class='hr-inner ' ><span class='hr-inner-style'><\/span><\/span><\/div><\/p>\n<div  class='av-social-sharing-box  avia-builder-el-7  el_after_av_hr  el_before_av_hr  '><div class='av-share-box'><h5 class='av-share-link-description av-no-toc '>Compartir esta noticia<\/h5><ul class='av-share-box-list noLightbox'><li class='av-share-link av-social-link-facebook' ><a target=\"_blank\" aria-label=\"Compartir en Facebook\" href='https:\/\/www.facebook.com\/sharer.php?u=https:\/\/radiorevelacionfm.cl\/?p=4382&#038;t=Trashumantes%20abre%20convocatoria%20para%20la%20primera%20versi%C3%B3n%20de%20su%20Encuentro%20de%20Gestores' aria-hidden='false' data-av_icon='\ue8f3' data-av_iconfont='entypo-fontello' title='' data-avia-related-tooltip='Compartir en Facebook' rel=\"noopener\"><span class='avia_hidden_link_text'>Compartir en Facebook<\/span><\/a><\/li><li class='av-share-link av-social-link-twitter' ><a target=\"_blank\" aria-label=\"Compartir en Twitter\" href='https:\/\/twitter.com\/share?text=Trashumantes%20abre%20convocatoria%20para%20la%20primera%20versi%C3%B3n%20de%20su%20Encuentro%20de%20Gestores&#038;url=https:\/\/radiorevelacionfm.cl\/?p=4382' aria-hidden='false' data-av_icon='\ue8f1' data-av_iconfont='entypo-fontello' title='' data-avia-related-tooltip='Compartir en Twitter' rel=\"noopener\"><span class='avia_hidden_link_text'>Compartir en Twitter<\/span><\/a><\/li><li class='av-share-link av-social-link-whatsapp' ><a target=\"_blank\" aria-label=\"Compartir en Whatsapp\" href='https:\/\/api.whatsapp.com\/send?text=https:\/\/radiorevelacionfm.cl\/?p=4382' aria-hidden='false' data-av_icon='\uf232' data-av_iconfont='entypo-fontello' title='' data-avia-related-tooltip='Compartir en Whatsapp' rel=\"noopener\"><span class='avia_hidden_link_text'>Compartir en Whatsapp<\/span><\/a><\/li><li class='av-share-link av-social-link-linkedin' ><a target=\"_blank\" aria-label=\"Compartir en LinkedIn\" href='https:\/\/linkedin.com\/shareArticle?mini=true&#038;title=Trashumantes%20abre%20convocatoria%20para%20la%20primera%20versi%C3%B3n%20de%20su%20Encuentro%20de%20Gestores&#038;url=https:\/\/radiorevelacionfm.cl\/?p=4382' aria-hidden='false' data-av_icon='\ue8fc' data-av_iconfont='entypo-fontello' title='' data-avia-related-tooltip='Compartir en LinkedIn' rel=\"noopener\"><span class='avia_hidden_link_text'>Compartir en LinkedIn<\/span><\/a><\/li><li class='av-share-link av-social-link-mail' ><a  aria-label=\"Compartir por correo\" href='mailto:?subject=Trashumantes%20abre%20convocatoria%20para%20la%20primera%20versi%C3%B3n%20de%20su%20Encuentro%20de%20Gestores&#038;body=https:\/\/radiorevelacionfm.cl\/?p=4382' aria-hidden='false' data-av_icon='\ue805' data-av_iconfont='entypo-fontello' title='' data-avia-related-tooltip='Compartir por correo'><span class='avia_hidden_link_text'>Compartir por correo<\/span><\/a><\/li><\/ul><\/div><\/div>\n<div  style='height:50px' class='hr hr-invisible   avia-builder-el-8  el_after_av_social_share  el_before_av_comments_list '><span class='hr-inner ' ><span class='hr-inner-style'><\/span><\/span><\/div>\n<div  class='av-buildercomment  av-blog-meta-html-info-disabled av-blog-meta-tag-disabled  '><\/div>\n","protected":false},"excerpt":{"rendered":"","protected":false},"author":1,"featured_media":0,"comment_status":"open","ping_status":"open","sticky":false,"template":"","format":"standard","meta":{"footnotes":""},"categories":[52],"tags":[],"class_list":["post-4382","post","type-post","status-publish","format-standard","hentry","category-cultura"],"jetpack_featured_media_url":"","_links":{"self":[{"href":"https:\/\/radiorevelacionfm.cl\/index.php?rest_route=\/wp\/v2\/posts\/4382","targetHints":{"allow":["GET"]}}],"collection":[{"href":"https:\/\/radiorevelacionfm.cl\/index.php?rest_route=\/wp\/v2\/posts"}],"about":[{"href":"https:\/\/radiorevelacionfm.cl\/index.php?rest_route=\/wp\/v2\/types\/post"}],"author":[{"embeddable":true,"href":"https:\/\/radiorevelacionfm.cl\/index.php?rest_route=\/wp\/v2\/users\/1"}],"replies":[{"embeddable":true,"href":"https:\/\/radiorevelacionfm.cl\/index.php?rest_route=%2Fwp%2Fv2%2Fcomments&post=4382"}],"version-history":[{"count":1,"href":"https:\/\/radiorevelacionfm.cl\/index.php?rest_route=\/wp\/v2\/posts\/4382\/revisions"}],"predecessor-version":[{"id":4384,"href":"https:\/\/radiorevelacionfm.cl\/index.php?rest_route=\/wp\/v2\/posts\/4382\/revisions\/4384"}],"wp:attachment":[{"href":"https:\/\/radiorevelacionfm.cl\/index.php?rest_route=%2Fwp%2Fv2%2Fmedia&parent=4382"}],"wp:term":[{"taxonomy":"category","embeddable":true,"href":"https:\/\/radiorevelacionfm.cl\/index.php?rest_route=%2Fwp%2Fv2%2Fcategories&post=4382"},{"taxonomy":"post_tag","embeddable":true,"href":"https:\/\/radiorevelacionfm.cl\/index.php?rest_route=%2Fwp%2Fv2%2Ftags&post=4382"}],"curies":[{"name":"wp","href":"https:\/\/api.w.org\/{rel}","templated":true}]}}