{"id":43810,"date":"2024-07-04T16:13:31","date_gmt":"2024-07-04T19:13:31","guid":{"rendered":"https:\/\/radiorevelacionfm.cl\/?p=43810"},"modified":"2024-07-04T16:13:31","modified_gmt":"2024-07-04T19:13:31","slug":"direccion-general-de-aguas-y-gobierno-regional-de-aysen-invitan-al-seminario-hielos-patagonicos-glaciologia-en-la-region-de-aysen","status":"publish","type":"post","link":"https:\/\/radiorevelacionfm.cl\/?p=43810","title":{"rendered":"Direcci\u00f3n General de Aguas y Gobierno Regional de Ays\u00e9n invitan al seminario \u201cHielos Patag\u00f3nicos: Glaciolog\u00eda en la Regi\u00f3n de Ays\u00e9n\u201d"},"content":{"rendered":"<div class=\"flex_column av_one_full  flex_column_div av-zero-column-padding first  avia-builder-el-0  el_before_av_one_full  avia-builder-el-first  \" style='border-radius:0px; '><div  class='avia-image-container  av-styling-    avia-builder-el-1  avia-builder-el-no-sibling  avia-align-center '  itemprop=\"image\" itemscope=\"itemscope\" itemtype=\"https:\/\/schema.org\/ImageObject\"  ><div class='avia-image-container-inner'><div class='avia-image-overlay-wrap'><img decoding=\"async\" class='wp-image-43811 avia-img-lazy-loading-not-43811 avia_image' src=\"https:\/\/radiorevelacionfm.cl\/wp-content\/uploads\/2024\/07\/Trabajo-en-estacion-Campo-de-Hielo-Sur-glaciar-OHiggins.-Funcionario-revisa-sensores-meteorologicos.-Al-fondo-Cordon-Pio-XI-con-el-volcan-Lautaro-y-el-cerro-Mimosa.-1-1.jpg\" alt='' title='Trabajo en estaci\u00f3n Campo de Hielo Sur glaciar O&#039;Higgins. Funcionario revisa sensores meteorol\u00f3gicos. Al fondo Cord\u00f3n P\u00edo XI con el volc\u00e1n Lautaro y el cerro Mimosa. (1) (1)' height=\"600\" width=\"1173\"  itemprop=\"thumbnailUrl\" srcset=\"https:\/\/radiorevelacionfm.cl\/wp-content\/uploads\/2024\/07\/Trabajo-en-estacion-Campo-de-Hielo-Sur-glaciar-OHiggins.-Funcionario-revisa-sensores-meteorologicos.-Al-fondo-Cordon-Pio-XI-con-el-volcan-Lautaro-y-el-cerro-Mimosa.-1-1.jpg 1173w, https:\/\/radiorevelacionfm.cl\/wp-content\/uploads\/2024\/07\/Trabajo-en-estacion-Campo-de-Hielo-Sur-glaciar-OHiggins.-Funcionario-revisa-sensores-meteorologicos.-Al-fondo-Cordon-Pio-XI-con-el-volcan-Lautaro-y-el-cerro-Mimosa.-1-1-300x153.jpg 300w, https:\/\/radiorevelacionfm.cl\/wp-content\/uploads\/2024\/07\/Trabajo-en-estacion-Campo-de-Hielo-Sur-glaciar-OHiggins.-Funcionario-revisa-sensores-meteorologicos.-Al-fondo-Cordon-Pio-XI-con-el-volcan-Lautaro-y-el-cerro-Mimosa.-1-1-1030x527.jpg 1030w, https:\/\/radiorevelacionfm.cl\/wp-content\/uploads\/2024\/07\/Trabajo-en-estacion-Campo-de-Hielo-Sur-glaciar-OHiggins.-Funcionario-revisa-sensores-meteorologicos.-Al-fondo-Cordon-Pio-XI-con-el-volcan-Lautaro-y-el-cerro-Mimosa.-1-1-768x393.jpg 768w, https:\/\/radiorevelacionfm.cl\/wp-content\/uploads\/2024\/07\/Trabajo-en-estacion-Campo-de-Hielo-Sur-glaciar-OHiggins.-Funcionario-revisa-sensores-meteorologicos.-Al-fondo-Cordon-Pio-XI-con-el-volcan-Lautaro-y-el-cerro-Mimosa.-1-1-705x361.jpg 705w, https:\/\/radiorevelacionfm.cl\/wp-content\/uploads\/2024\/07\/Trabajo-en-estacion-Campo-de-Hielo-Sur-glaciar-OHiggins.-Funcionario-revisa-sensores-meteorologicos.-Al-fondo-Cordon-Pio-XI-con-el-volcan-Lautaro-y-el-cerro-Mimosa.-1-1-450x230.jpg 450w, https:\/\/radiorevelacionfm.cl\/wp-content\/uploads\/2024\/07\/Trabajo-en-estacion-Campo-de-Hielo-Sur-glaciar-OHiggins.-Funcionario-revisa-sensores-meteorologicos.-Al-fondo-Cordon-Pio-XI-con-el-volcan-Lautaro-y-el-cerro-Mimosa.-1-1-600x307.jpg 600w\" sizes=\"(max-width: 1173px) 100vw, 1173px\" \/><\/div><\/div><\/div><\/div><div class=\"flex_column av_one_full  flex_column_div av-zero-column-padding first  avia-builder-el-2  el_after_av_one_full  el_before_av_one_full  column-top-margin\" style='border-radius:0px; '><section class=\"av_textblock_section \"  itemscope=\"itemscope\" itemtype=\"https:\/\/schema.org\/BlogPosting\" itemprop=\"blogPost\" ><div class='avia_textblock  '   itemprop=\"text\" ><p style=\"text-align: center;\"><span style=\"font-size: 18pt;\"><strong>Direcci\u00f3n General de Aguas y Gobierno Regional de Ays\u00e9n invitan al seminario \u201cHielos Patag\u00f3nicos: Glaciolog\u00eda en la Regi\u00f3n de Ays\u00e9n\u201d<\/strong><\/span><\/p>\n<div id=\"gtx-trans\" style=\"position: absolute; left: -50px; top: 4.31534px;\">\n<div class=\"gtx-trans-icon\"><\/div>\n<\/div>\n<\/div><\/section><\/div><div class=\"flex_column av_one_full  flex_column_div av-zero-column-padding first  avia-builder-el-4  el_after_av_one_full  el_before_av_hr  column-top-margin\" style='border-radius:0px; '><section class=\"av_textblock_section \"  itemscope=\"itemscope\" itemtype=\"https:\/\/schema.org\/BlogPosting\" itemprop=\"blogPost\" ><div class='avia_textblock  '   itemprop=\"text\" ><p style=\"text-align: justify;\"><em>La actividad se realizar\u00e1 el jueves 4 de julio, a contar de las 9 horas, en el sal\u00f3n Padre Antonio Ronchi del gobierno regional de Ays\u00e9n. En la ocasi\u00f3n, se constituir\u00e1 la Mesa Regional de Glaciares.<\/em><\/p>\n<p style=\"text-align: justify;\">De los 26.169 glaciares catastrados en el Inventario P\u00fablico de Glaciares 2022 por la Direcci\u00f3n General de Aguas, 10.301 se encuentran en la regi\u00f3n de Ays\u00e9n, constituyendo importantes reservas de agua dulce.<\/p>\n<p style=\"text-align: justify;\">Considerando la relevancia de los glaciares en la regi\u00f3n como indicadores de cambio clim\u00e1tico y su valor tur\u00edstico, la Direcci\u00f3n General de Aguas y el Gobierno Regional de Ays\u00e9n en el marco del desarrollo del programa Protecci\u00f3n y Transferencia de Informaci\u00f3n de Glaciares, provincia Capit\u00e1n Prat, organizaron el seminario \u201cHielos Patag\u00f3nicos: Glaciolog\u00eda en la regi\u00f3n de Ays\u00e9n\u201d, el que se realizar\u00e1 este jueves 04 de julio, de 9 a 17.50 horas, en el sal\u00f3n Padre Antonio Ronchi del GORE, ubicado en calle Ej\u00e9rcito 405, Coyhaique.<\/p>\n<p style=\"text-align: justify;\">El director general de Aguas, Rodrigo Sanhueza, quien viajar\u00e1 a la regi\u00f3n de Ays\u00e9n para participar en este Seminario, junto con invitar a la comunidad a esta instancia, se\u00f1al\u00f3: \u201cEl 21 de marzo de 2025 fue declarado como el a\u00f1o internacional de protecci\u00f3n de los glaciares por la Asamblea General de las Naciones Unidas. El \u00faltimo inventario de glaciares elaborado por la DGA, nos advierte de la fragmentaci\u00f3n que est\u00e1n sufriendo nuestros glaciares producto del cambio clim\u00e1tico, por lo mismo, es necesario profundizar en el monitoreo de estos cuerpos de hielo e instancias como este seminario, sirven para compartir conocimiento y visibilizar la importancia de su cuidado\u201d.<\/p>\n<p style=\"text-align: justify;\">Previo a las exposiciones sobre temas glaciol\u00f3gicos, se conformar\u00e1 la Mesa Regional de Glaciares, la que tiene por fin reunir al sector p\u00fablico para trabajar conjuntamente estrategias de investigaci\u00f3n, conservaci\u00f3n, manejo de riesgos y aspectos culturales en torno a los glaciares de la regi\u00f3n, acci\u00f3n que tambi\u00e9n ser\u00e1 ampliada al sector privado y comunidad.<\/p>\n<p style=\"text-align: justify;\">As\u00ed lo refrend\u00f3 la Secretaria Regional Ministerial de Obras P\u00fablicas subrogante Paola Az\u00f3car Betancur, quien adem\u00e1s hizo hincapi\u00e9 en que en el gobierno del presidente Gabriel Boric Font se han abiertos los espacios para incentivar la participaci\u00f3n del sector p\u00fablico y de la comunidad en instancias como estas, en donde las personas y su opini\u00f3n son fundamentales para fortalecer con su aporte desde diversas \u00e1reas de gesti\u00f3n la constituci\u00f3n y construcci\u00f3n del accionar de esta Mesa Regional de Glaciares. Como gobierno a trav\u00e9s de nuestra Direcci\u00f3n de Aguas y del Gobierno Regional de Ays\u00e9n propiciamos esta iniciativa para que el sector p\u00fablico integre la Mesa, y se coordinen en funci\u00f3n de la investigaci\u00f3n, de la prevenci\u00f3n de riesgos y del impacto que se genera con la actividad tur\u00edstica para orientar el desarrollo de los glaciares y el conocimiento que se tiene que difundir acerca de ellos. Esta convocatoria tambi\u00e9n ser\u00e1 ampliada al sector privado y comunidad, por lo tanto, esta es una invitaci\u00f3n a tomar conciencia respecto a la importancia que tienen nuestros glaciares en el contexto del cambio clim\u00e1tico y la contribuci\u00f3n que el conocimiento cient\u00edfico, social y entorno ambiental de los glaciares tiene en la futura toma de decisiones y acciones que se impulsen respecto de ellos. Adem\u00e1s, esta iniciativa genera un espacio para el encuentro de la academia y cient\u00edficos con sus pares chilenos y extranjeros, as\u00ed como tambi\u00e9n para acercar a la comunidad este conocimiento y compartir experiencias y saberes propios de los habitantes asentados en el territorio regional, para de esta forma, avanzar en los desaf\u00edos que los glaciares y su entorno implican. Hoy contamos con un importante porcentaje de glaciares en nuestra regi\u00f3n, lo que es un privilegio, que entendemos debemos reforzar trabajando conjuntamente para que ellos perduren por mayor tiempo\u201d.<\/p>\n<p style=\"text-align: justify;\"><strong><u>EXPOSICIONES<\/u><\/strong><\/p>\n<p style=\"text-align: justify;\">La jornada de exposiciones partir\u00e1 con el m\u00f3dulo \u201cGlaciares en Patagonia y su evoluci\u00f3n\u201d, de 11 a 12.40 horas. Exponen Jorge Huenante, profesional de la Direcci\u00f3n General de Aguas, \u201cPrograma de monitoreo de glaciares y nieves a nivel nacional\u201d; Gino Casassa, acad\u00e9mico de la Universidad de Magallanes, \u201cGlaciolog\u00eda: Una ciencia relevante para Chile y sus impactos en Patagonia\u201d; Amapola Albornoz, profesional de la Direcci\u00f3n General de Aguas, \u201cRegistros hist\u00f3ricos y nuevos monitoreos en glaciares de Patagonia\u201d; y Benjam\u00edn Sotomayor, asesor del Centro de Investigaci\u00f3n en Ecosistemas de la Patagonia (CIEP), \u201cBalances geod\u00e9sicos en base a levantamientos Dron y Lidar\u201d.<\/p>\n<p style=\"text-align: justify;\">El tercer bloque abordar\u00e1 \u201cRiesgos asociados a la cri\u00f3sfera y medidas para adaptarnos\u201d, de 14.30 a 16.10 horas. Participan Marcelo Bernand\u00edn, profesional de la Direcci\u00f3n General de Aguas, \u201cLagos glaciares\/GLOFs: Catastro, caracterizaci\u00f3n y alertas. Caso valle Huemules\u201d; I\u00f1igo Irarr\u00e1zabal, profesional del CIEP, \u201cCambios morfol\u00f3gicos en glaciar Exploradores\u201d; Bianca Miranda y Daniel Torres, Asociaci\u00f3n Greminal Hielo Norte, \u201cExperiencias de rutas glaciares Campos de Hielo Norte\u201d; y Alessa Geiger, profesional de la Direcci\u00f3n General de Aguas, \u201cHuellas de hielo: Hacia una paleohistoria glacial accesible en la Patagonia\u201d.<\/p>\n<p style=\"text-align: justify;\">El cuarto m\u00f3dulo ser\u00e1 sobre \u201cCampos de hielo: Oportunidades de investigaci\u00f3n y desarrollo\u201d, de 16.30 a 18 horas. Abrir\u00e1 Jimmy Vald\u00e9s, presidente de la Agrupaci\u00f3n de Gu\u00edas de Cochrane, \u201cEvoluci\u00f3n y retos del turismo de aventura en Cochrane: Un enfoque sostenible\u201d; Abel Becerra, alcalde de Tortel, con \u201cTortel entre Campos de Hielo, proyecciones de desarrollo\u201d; Enrique Zamora, director del Instituto Chileno Campos de Hielo, \u201cInvestigaciones en vertiente nororiental de Campos de Hielo Sur\u201d; Cristian Donoso, explorador, \u201cPrimera l\u00ednea del cambio clim\u00e1tico en zonas con habitantes sujetas a GLOF\u201d.<\/p>\n<\/div><\/section><\/div><div  style='height:50px' class='hr hr-invisible   avia-builder-el-6  el_after_av_one_full  el_before_av_social_share '><span class='hr-inner ' ><span class='hr-inner-style'><\/span><\/span><\/div><\/p>\n<div  class='av-social-sharing-box  avia-builder-el-7  el_after_av_hr  el_before_av_hr  '><div class='av-share-box'><h5 class='av-share-link-description av-no-toc '>Compartir esta noticia<\/h5><ul class='av-share-box-list noLightbox'><li class='av-share-link av-social-link-facebook' ><a target=\"_blank\" aria-label=\"Compartir en Facebook\" href='https:\/\/www.facebook.com\/sharer.php?u=https:\/\/radiorevelacionfm.cl\/?p=43810&#038;t=Direcci%C3%B3n%20General%20de%20Aguas%20y%20Gobierno%20Regional%20de%20Ays%C3%A9n%20invitan%20al%20seminario%20%E2%80%9CHielos%20Patag%C3%B3nicos%3A%20Glaciolog%C3%ADa%20en%20la%20Regi%C3%B3n%20de%20Ays%C3%A9n%E2%80%9D' aria-hidden='false' data-av_icon='\ue8f3' data-av_iconfont='entypo-fontello' title='' data-avia-related-tooltip='Compartir en Facebook' rel=\"noopener\"><span class='avia_hidden_link_text'>Compartir en Facebook<\/span><\/a><\/li><li class='av-share-link av-social-link-twitter' ><a target=\"_blank\" aria-label=\"Compartir en Twitter\" href='https:\/\/twitter.com\/share?text=Direcci%C3%B3n%20General%20de%20Aguas%20y%20Gobierno%20Regional%20de%20Ays%C3%A9n%20invitan%20al%20seminario%20%E2%80%9CHielos%20Patag%C3%B3nicos%3A%20Glaciolog%C3%ADa%20en%20la%20Regi%C3%B3n%20de%20Ays%C3%A9n%E2%80%9D&#038;url=https:\/\/radiorevelacionfm.cl\/?p=43810' aria-hidden='false' data-av_icon='\ue8f1' data-av_iconfont='entypo-fontello' title='' data-avia-related-tooltip='Compartir en Twitter' rel=\"noopener\"><span class='avia_hidden_link_text'>Compartir en Twitter<\/span><\/a><\/li><li class='av-share-link av-social-link-whatsapp' ><a target=\"_blank\" aria-label=\"Compartir en Whatsapp\" href='https:\/\/api.whatsapp.com\/send?text=https:\/\/radiorevelacionfm.cl\/?p=43810' aria-hidden='false' data-av_icon='\uf232' data-av_iconfont='entypo-fontello' title='' data-avia-related-tooltip='Compartir en Whatsapp' rel=\"noopener\"><span class='avia_hidden_link_text'>Compartir en Whatsapp<\/span><\/a><\/li><li class='av-share-link av-social-link-linkedin' ><a target=\"_blank\" aria-label=\"Compartir en LinkedIn\" href='https:\/\/linkedin.com\/shareArticle?mini=true&#038;title=Direcci%C3%B3n%20General%20de%20Aguas%20y%20Gobierno%20Regional%20de%20Ays%C3%A9n%20invitan%20al%20seminario%20%E2%80%9CHielos%20Patag%C3%B3nicos%3A%20Glaciolog%C3%ADa%20en%20la%20Regi%C3%B3n%20de%20Ays%C3%A9n%E2%80%9D&#038;url=https:\/\/radiorevelacionfm.cl\/?p=43810' aria-hidden='false' data-av_icon='\ue8fc' data-av_iconfont='entypo-fontello' title='' data-avia-related-tooltip='Compartir en LinkedIn' rel=\"noopener\"><span class='avia_hidden_link_text'>Compartir en LinkedIn<\/span><\/a><\/li><li class='av-share-link av-social-link-mail' ><a  aria-label=\"Compartir por correo\" href='mailto:?subject=Direcci%C3%B3n%20General%20de%20Aguas%20y%20Gobierno%20Regional%20de%20Ays%C3%A9n%20invitan%20al%20seminario%20%E2%80%9CHielos%20Patag%C3%B3nicos%3A%20Glaciolog%C3%ADa%20en%20la%20Regi%C3%B3n%20de%20Ays%C3%A9n%E2%80%9D&#038;body=https:\/\/radiorevelacionfm.cl\/?p=43810' aria-hidden='false' data-av_icon='\ue805' data-av_iconfont='entypo-fontello' title='' data-avia-related-tooltip='Compartir por correo'><span class='avia_hidden_link_text'>Compartir por correo<\/span><\/a><\/li><\/ul><\/div><\/div>\n<div  style='height:50px' class='hr hr-invisible   avia-builder-el-8  el_after_av_social_share  el_before_av_comments_list '><span class='hr-inner ' ><span class='hr-inner-style'><\/span><\/span><\/div>\n<div  class='av-buildercomment  av-blog-meta-html-info-disabled av-blog-meta-tag-disabled  '><\/div>\n","protected":false},"excerpt":{"rendered":"","protected":false},"author":1,"featured_media":43811,"comment_status":"open","ping_status":"open","sticky":false,"template":"","format":"standard","meta":{"footnotes":""},"categories":[38],"tags":[],"class_list":["post-43810","post","type-post","status-publish","format-standard","has-post-thumbnail","hentry","category-regional"],"jetpack_featured_media_url":"https:\/\/radiorevelacionfm.cl\/wp-content\/uploads\/2024\/07\/Trabajo-en-estacion-Campo-de-Hielo-Sur-glaciar-OHiggins.-Funcionario-revisa-sensores-meteorologicos.-Al-fondo-Cordon-Pio-XI-con-el-volcan-Lautaro-y-el-cerro-Mimosa.-1-1.jpg","_links":{"self":[{"href":"https:\/\/radiorevelacionfm.cl\/index.php?rest_route=\/wp\/v2\/posts\/43810","targetHints":{"allow":["GET"]}}],"collection":[{"href":"https:\/\/radiorevelacionfm.cl\/index.php?rest_route=\/wp\/v2\/posts"}],"about":[{"href":"https:\/\/radiorevelacionfm.cl\/index.php?rest_route=\/wp\/v2\/types\/post"}],"author":[{"embeddable":true,"href":"https:\/\/radiorevelacionfm.cl\/index.php?rest_route=\/wp\/v2\/users\/1"}],"replies":[{"embeddable":true,"href":"https:\/\/radiorevelacionfm.cl\/index.php?rest_route=%2Fwp%2Fv2%2Fcomments&post=43810"}],"version-history":[{"count":1,"href":"https:\/\/radiorevelacionfm.cl\/index.php?rest_route=\/wp\/v2\/posts\/43810\/revisions"}],"predecessor-version":[{"id":43812,"href":"https:\/\/radiorevelacionfm.cl\/index.php?rest_route=\/wp\/v2\/posts\/43810\/revisions\/43812"}],"wp:featuredmedia":[{"embeddable":true,"href":"https:\/\/radiorevelacionfm.cl\/index.php?rest_route=\/wp\/v2\/media\/43811"}],"wp:attachment":[{"href":"https:\/\/radiorevelacionfm.cl\/index.php?rest_route=%2Fwp%2Fv2%2Fmedia&parent=43810"}],"wp:term":[{"taxonomy":"category","embeddable":true,"href":"https:\/\/radiorevelacionfm.cl\/index.php?rest_route=%2Fwp%2Fv2%2Fcategories&post=43810"},{"taxonomy":"post_tag","embeddable":true,"href":"https:\/\/radiorevelacionfm.cl\/index.php?rest_route=%2Fwp%2Fv2%2Ftags&post=43810"}],"curies":[{"name":"wp","href":"https:\/\/api.w.org\/{rel}","templated":true}]}}