{"id":43802,"date":"2024-07-04T13:05:28","date_gmt":"2024-07-04T16:05:28","guid":{"rendered":"https:\/\/radiorevelacionfm.cl\/?p=43802"},"modified":"2024-07-04T13:05:28","modified_gmt":"2024-07-04T16:05:28","slug":"seremi-de-la-mujer-y-la-equidad-de-genero-andrea-mendez-valenzuela-se-refiere-a-la-habilitacion-de-las-nuevas-31-salas-de-familia-en-aysen","status":"publish","type":"post","link":"https:\/\/radiorevelacionfm.cl\/?p=43802","title":{"rendered":"Seremi de la Mujer y la Equidad de G\u00e9nero Andrea M\u00e9ndez Valenzuela:  Se refiere a la habilitaci\u00f3n de las nuevas 31 Salas de Familia en Ays\u00e9n"},"content":{"rendered":"<div class=\"flex_column av_one_full  flex_column_div av-zero-column-padding first  avia-builder-el-0  el_before_av_one_full  avia-builder-el-first  \" style='border-radius:0px; '><div  class='avia-image-container  av-styling-    avia-builder-el-1  avia-builder-el-no-sibling  avia-align-center '  itemprop=\"image\" itemscope=\"itemscope\" itemtype=\"https:\/\/schema.org\/ImageObject\"  ><div class='avia-image-container-inner'><div class='avia-image-overlay-wrap'><img decoding=\"async\" class='wp-image-43803 avia-img-lazy-loading-not-43803 avia_image' src=\"https:\/\/radiorevelacionfm.cl\/wp-content\/uploads\/2024\/07\/WhatsApp-Image-2024-07-03-at-17.14.03-1-1.jpeg\" alt='' title='WhatsApp Image 2024-07-03 at 17.14.03 (1) (1)' height=\"600\" width=\"800\"  itemprop=\"thumbnailUrl\" srcset=\"https:\/\/radiorevelacionfm.cl\/wp-content\/uploads\/2024\/07\/WhatsApp-Image-2024-07-03-at-17.14.03-1-1.jpeg 800w, https:\/\/radiorevelacionfm.cl\/wp-content\/uploads\/2024\/07\/WhatsApp-Image-2024-07-03-at-17.14.03-1-1-300x225.jpeg 300w, https:\/\/radiorevelacionfm.cl\/wp-content\/uploads\/2024\/07\/WhatsApp-Image-2024-07-03-at-17.14.03-1-1-768x576.jpeg 768w, https:\/\/radiorevelacionfm.cl\/wp-content\/uploads\/2024\/07\/WhatsApp-Image-2024-07-03-at-17.14.03-1-1-705x529.jpeg 705w, https:\/\/radiorevelacionfm.cl\/wp-content\/uploads\/2024\/07\/WhatsApp-Image-2024-07-03-at-17.14.03-1-1-450x338.jpeg 450w, https:\/\/radiorevelacionfm.cl\/wp-content\/uploads\/2024\/07\/WhatsApp-Image-2024-07-03-at-17.14.03-1-1-600x450.jpeg 600w\" sizes=\"(max-width: 800px) 100vw, 800px\" \/><\/div><\/div><\/div><\/div><div class=\"flex_column av_one_full  flex_column_div av-zero-column-padding first  avia-builder-el-2  el_after_av_one_full  el_before_av_one_full  column-top-margin\" style='border-radius:0px; '><section class=\"av_textblock_section \"  itemscope=\"itemscope\" itemtype=\"https:\/\/schema.org\/BlogPosting\" itemprop=\"blogPost\" ><div class='avia_textblock  '   itemprop=\"text\" ><p style=\"text-align: center;\"><span style=\"font-size: 18pt;\"><strong>Seremi de la Mujer y la Equidad de G\u00e9nero Andrea M\u00e9ndez Valenzuela se refiere a la habilitaci\u00f3n de las nuevas 31 Salas de Familia en Ays\u00e9n <\/strong><\/span><\/p>\n<div id=\"gtx-trans\" style=\"position: absolute; left: -50px; top: 4.31534px;\">\n<div class=\"gtx-trans-icon\"><\/div>\n<\/div>\n<\/div><\/section><\/div><div class=\"flex_column av_one_full  flex_column_div av-zero-column-padding first  avia-builder-el-4  el_after_av_one_full  el_before_av_hr  column-top-margin\" style='border-radius:0px; '><section class=\"av_textblock_section \"  itemscope=\"itemscope\" itemtype=\"https:\/\/schema.org\/BlogPosting\" itemprop=\"blogPost\" ><div class='avia_textblock  '   itemprop=\"text\" ><p style=\"text-align: justify;\">As\u00ed lo destac\u00f3 la Seremi de la Mujer y la Equidad de G\u00e9nero, Andrea M\u00e9ndez Valenzuela, tras la aprobaci\u00f3n de recursos del Gobierno Regional de Ays\u00e9n a Carabineros de la regi\u00f3n, por un monto de 372 millones de pesos, sin duda, un hito a nivel nacional que favorecer\u00e1 la primera y la atenci\u00f3n a mujeres v\u00edctimas de violencia.<\/p>\n<p style=\"text-align: justify;\">En la actualidad en Chile, existen 150 salas de familia equipadas para atenci\u00f3n de usuarias, que buscan evitar la victimizaci\u00f3n secundaria de las personas que son afectadas por diversas violencias, las cuales se espera puedan ser habilitadas desde La Junta hasta Villa O\u00b4Higgins con las condiciones m\u00ednimas para brindar este servicio de la mejor manera.<\/p>\n<p style=\"text-align: justify;\">\u201cSabemos la importancia que tiene esta primera acogida para v\u00edctimas de violencia intrafamiliar, y el abordaje diferenciado que merecen las situaciones de violencia, por lo cual este es un primer paso para generar las condiciones necesarias, donde el trato digno y el respeto ser\u00e1 clave\u201d, indic\u00f3 Andrea M\u00e9ndez Valenzuela, Seremi de la Mujer y la Equidad de G\u00e9nero.<\/p>\n<p style=\"text-align: justify;\">En tanto, en la regi\u00f3n de Ays\u00e9n, el delito de violencia intrafamiliar alcanza el m\u00e1ximo dentro de los registros delictuales en la regi\u00f3n, por lo que resulta una prioridad esta iniciativa enmarcada dentro del Plan regional de Seguridad P\u00fablica. As\u00ed lo destac\u00f3 el General de Carabineros de la regi\u00f3n de Ays\u00e9n, Patricio Santos Poblete, quien destac\u00f3 adem\u00e1s la articulaci\u00f3n de la instituci\u00f3n, con el Servicio Nacional de la Equidad de G\u00e9nero, SernamEG y la Seremi de la Mujer y la Equidad de G\u00e9nero, una triada clave para abordar esta primera acogida.<\/p>\n<p style=\"text-align: justify;\">\u201cEsperamos contar con estas Salas de Familia equipadas de aqu\u00ed a los pr\u00f3ximos 12 meses, por lo que, al pr\u00f3ximo 27 de abril, cuando a un a\u00f1o del Centenario seamos capaces de decir que somos la regi\u00f3n que tiene todos sus cuarteles con salas de familias habilitadas, para recibir a las familias que est\u00e9n en estas problem\u00e1ticas, o a aquellas personas que sean v\u00edctimas de delitos graves, en una situaci\u00f3n tan dolorosa como es la violencia\u201d<\/p>\n<p style=\"text-align: justify;\">Cabe destacar que la alianza entre la cartera de G\u00e9nero y Carabineros se ha visto robustecida junto a un plan formativo ambulatorio impulsado por la Seremi de la Mujer y la Equidad de G\u00e9nero, donde hasta la fecha ya se han capacitado en violencia en contra las mujeres a\u00a0funcionarios de Carabineros de COYHAIQUE, Puerto Ays\u00e9n, Ma\u00f1ihuales y Puerto Chacabuco instancia formativa que se espera implementar a futuro en el resto de la regi\u00f3n.<\/p>\n<\/div><\/section><\/div><div  style='height:50px' class='hr hr-invisible   avia-builder-el-6  el_after_av_one_full  el_before_av_social_share '><span class='hr-inner ' ><span class='hr-inner-style'><\/span><\/span><\/div><\/p>\n<div  class='av-social-sharing-box  avia-builder-el-7  el_after_av_hr  el_before_av_hr  '><div class='av-share-box'><h5 class='av-share-link-description av-no-toc '>Compartir esta noticia<\/h5><ul class='av-share-box-list noLightbox'><li class='av-share-link av-social-link-facebook' ><a target=\"_blank\" aria-label=\"Compartir en Facebook\" href='https:\/\/www.facebook.com\/sharer.php?u=https:\/\/radiorevelacionfm.cl\/?p=43802&#038;t=Seremi%20de%20la%20Mujer%20y%20la%20Equidad%20de%20G%C3%A9nero%20Andrea%20M%C3%A9ndez%20Valenzuela%3A%20%20Se%20refiere%20a%20la%20habilitaci%C3%B3n%20de%20las%20nuevas%2031%20Salas%20de%20Familia%20en%20Ays%C3%A9n' aria-hidden='false' data-av_icon='\ue8f3' data-av_iconfont='entypo-fontello' title='' data-avia-related-tooltip='Compartir en Facebook' rel=\"noopener\"><span class='avia_hidden_link_text'>Compartir en Facebook<\/span><\/a><\/li><li class='av-share-link av-social-link-twitter' ><a target=\"_blank\" aria-label=\"Compartir en Twitter\" href='https:\/\/twitter.com\/share?text=Seremi%20de%20la%20Mujer%20y%20la%20Equidad%20de%20G%C3%A9nero%20Andrea%20M%C3%A9ndez%20Valenzuela%3A%20%20Se%20refiere%20a%20la%20habilitaci%C3%B3n%20de%20las%20nuevas%2031%20Salas%20de%20Familia%20en%20Ays%C3%A9n&#038;url=https:\/\/radiorevelacionfm.cl\/?p=43802' aria-hidden='false' data-av_icon='\ue8f1' data-av_iconfont='entypo-fontello' title='' data-avia-related-tooltip='Compartir en Twitter' rel=\"noopener\"><span class='avia_hidden_link_text'>Compartir en Twitter<\/span><\/a><\/li><li class='av-share-link av-social-link-whatsapp' ><a target=\"_blank\" aria-label=\"Compartir en Whatsapp\" href='https:\/\/api.whatsapp.com\/send?text=https:\/\/radiorevelacionfm.cl\/?p=43802' aria-hidden='false' data-av_icon='\uf232' data-av_iconfont='entypo-fontello' title='' data-avia-related-tooltip='Compartir en Whatsapp' rel=\"noopener\"><span class='avia_hidden_link_text'>Compartir en Whatsapp<\/span><\/a><\/li><li class='av-share-link av-social-link-linkedin' ><a target=\"_blank\" aria-label=\"Compartir en LinkedIn\" href='https:\/\/linkedin.com\/shareArticle?mini=true&#038;title=Seremi%20de%20la%20Mujer%20y%20la%20Equidad%20de%20G%C3%A9nero%20Andrea%20M%C3%A9ndez%20Valenzuela%3A%20%20Se%20refiere%20a%20la%20habilitaci%C3%B3n%20de%20las%20nuevas%2031%20Salas%20de%20Familia%20en%20Ays%C3%A9n&#038;url=https:\/\/radiorevelacionfm.cl\/?p=43802' aria-hidden='false' data-av_icon='\ue8fc' data-av_iconfont='entypo-fontello' title='' data-avia-related-tooltip='Compartir en LinkedIn' rel=\"noopener\"><span class='avia_hidden_link_text'>Compartir en LinkedIn<\/span><\/a><\/li><li class='av-share-link av-social-link-mail' ><a  aria-label=\"Compartir por correo\" href='mailto:?subject=Seremi%20de%20la%20Mujer%20y%20la%20Equidad%20de%20G%C3%A9nero%20Andrea%20M%C3%A9ndez%20Valenzuela%3A%20%20Se%20refiere%20a%20la%20habilitaci%C3%B3n%20de%20las%20nuevas%2031%20Salas%20de%20Familia%20en%20Ays%C3%A9n&#038;body=https:\/\/radiorevelacionfm.cl\/?p=43802' aria-hidden='false' data-av_icon='\ue805' data-av_iconfont='entypo-fontello' title='' data-avia-related-tooltip='Compartir por correo'><span class='avia_hidden_link_text'>Compartir por correo<\/span><\/a><\/li><\/ul><\/div><\/div>\n<div  style='height:50px' class='hr hr-invisible   avia-builder-el-8  el_after_av_social_share  el_before_av_comments_list '><span class='hr-inner ' ><span class='hr-inner-style'><\/span><\/span><\/div>\n<div  class='av-buildercomment  av-blog-meta-html-info-disabled av-blog-meta-tag-disabled  '><\/div>\n","protected":false},"excerpt":{"rendered":"","protected":false},"author":1,"featured_media":43803,"comment_status":"open","ping_status":"open","sticky":false,"template":"","format":"standard","meta":{"footnotes":""},"categories":[63,38],"tags":[],"class_list":["post-43802","post","type-post","status-publish","format-standard","has-post-thumbnail","hentry","category-mujer-y-genero","category-regional"],"jetpack_featured_media_url":"https:\/\/radiorevelacionfm.cl\/wp-content\/uploads\/2024\/07\/WhatsApp-Image-2024-07-03-at-17.14.03-1-1.jpeg","_links":{"self":[{"href":"https:\/\/radiorevelacionfm.cl\/index.php?rest_route=\/wp\/v2\/posts\/43802","targetHints":{"allow":["GET"]}}],"collection":[{"href":"https:\/\/radiorevelacionfm.cl\/index.php?rest_route=\/wp\/v2\/posts"}],"about":[{"href":"https:\/\/radiorevelacionfm.cl\/index.php?rest_route=\/wp\/v2\/types\/post"}],"author":[{"embeddable":true,"href":"https:\/\/radiorevelacionfm.cl\/index.php?rest_route=\/wp\/v2\/users\/1"}],"replies":[{"embeddable":true,"href":"https:\/\/radiorevelacionfm.cl\/index.php?rest_route=%2Fwp%2Fv2%2Fcomments&post=43802"}],"version-history":[{"count":1,"href":"https:\/\/radiorevelacionfm.cl\/index.php?rest_route=\/wp\/v2\/posts\/43802\/revisions"}],"predecessor-version":[{"id":43804,"href":"https:\/\/radiorevelacionfm.cl\/index.php?rest_route=\/wp\/v2\/posts\/43802\/revisions\/43804"}],"wp:featuredmedia":[{"embeddable":true,"href":"https:\/\/radiorevelacionfm.cl\/index.php?rest_route=\/wp\/v2\/media\/43803"}],"wp:attachment":[{"href":"https:\/\/radiorevelacionfm.cl\/index.php?rest_route=%2Fwp%2Fv2%2Fmedia&parent=43802"}],"wp:term":[{"taxonomy":"category","embeddable":true,"href":"https:\/\/radiorevelacionfm.cl\/index.php?rest_route=%2Fwp%2Fv2%2Fcategories&post=43802"},{"taxonomy":"post_tag","embeddable":true,"href":"https:\/\/radiorevelacionfm.cl\/index.php?rest_route=%2Fwp%2Fv2%2Ftags&post=43802"}],"curies":[{"name":"wp","href":"https:\/\/api.w.org\/{rel}","templated":true}]}}