{"id":43796,"date":"2024-07-03T21:11:43","date_gmt":"2024-07-04T00:11:43","guid":{"rendered":"https:\/\/radiorevelacionfm.cl\/?p=43796"},"modified":"2024-07-03T21:11:43","modified_gmt":"2024-07-04T00:11:43","slug":"autoridades-llaman-a-la-precaucion-en-el-transito-a-traves-de-pasos-fronterizos","status":"publish","type":"post","link":"https:\/\/radiorevelacionfm.cl\/?p=43796","title":{"rendered":"Autoridades llaman a la precauci\u00f3n en el tr\u00e1nsito a trav\u00e9s de pasos fronterizos"},"content":{"rendered":"<div class=\"flex_column av_one_full  flex_column_div av-zero-column-padding first  avia-builder-el-0  el_before_av_one_full  avia-builder-el-first  \" style='border-radius:0px; '><div  class='avia-image-container  av-styling-    avia-builder-el-1  avia-builder-el-no-sibling  avia-align-center '  itemprop=\"image\" itemscope=\"itemscope\" itemtype=\"https:\/\/schema.org\/ImageObject\"  ><div class='avia-image-container-inner'><div class='avia-image-overlay-wrap'><img decoding=\"async\" class='wp-image-43797 avia-img-lazy-loading-not-43797 avia_image' src=\"https:\/\/radiorevelacionfm.cl\/wp-content\/uploads\/2024\/07\/Complejo-Huemules-1-1.jpg\" alt='' title='Complejo Huemules (1) (1)' height=\"600\" width=\"1096\"  itemprop=\"thumbnailUrl\" srcset=\"https:\/\/radiorevelacionfm.cl\/wp-content\/uploads\/2024\/07\/Complejo-Huemules-1-1.jpg 1096w, https:\/\/radiorevelacionfm.cl\/wp-content\/uploads\/2024\/07\/Complejo-Huemules-1-1-300x164.jpg 300w, https:\/\/radiorevelacionfm.cl\/wp-content\/uploads\/2024\/07\/Complejo-Huemules-1-1-1030x564.jpg 1030w, https:\/\/radiorevelacionfm.cl\/wp-content\/uploads\/2024\/07\/Complejo-Huemules-1-1-768x420.jpg 768w, https:\/\/radiorevelacionfm.cl\/wp-content\/uploads\/2024\/07\/Complejo-Huemules-1-1-705x386.jpg 705w, https:\/\/radiorevelacionfm.cl\/wp-content\/uploads\/2024\/07\/Complejo-Huemules-1-1-450x246.jpg 450w, https:\/\/radiorevelacionfm.cl\/wp-content\/uploads\/2024\/07\/Complejo-Huemules-1-1-600x328.jpg 600w\" sizes=\"(max-width: 1096px) 100vw, 1096px\" \/><\/div><\/div><\/div><\/div><div class=\"flex_column av_one_full  flex_column_div av-zero-column-padding first  avia-builder-el-2  el_after_av_one_full  el_before_av_one_full  column-top-margin\" style='border-radius:0px; '><section class=\"av_textblock_section \"  itemscope=\"itemscope\" itemtype=\"https:\/\/schema.org\/BlogPosting\" itemprop=\"blogPost\" ><div class='avia_textblock  '   itemprop=\"text\" ><p style=\"text-align: center;\"><span style=\"font-size: 18pt;\"><b>Autoridades llaman a la precauci\u00f3n en el tr\u00e1nsito a trav\u00e9s de pasos fronterizos<\/b><\/span><\/p>\n<div id=\"gtx-trans\" style=\"position: absolute; left: -50px; top: 4.31534px;\">\n<div class=\"gtx-trans-icon\"><\/div>\n<\/div>\n<\/div><\/section><\/div><div class=\"flex_column av_one_full  flex_column_div av-zero-column-padding first  avia-builder-el-4  el_after_av_one_full  el_before_av_hr  column-top-margin\" style='border-radius:0px; '><section class=\"av_textblock_section \"  itemscope=\"itemscope\" itemtype=\"https:\/\/schema.org\/BlogPosting\" itemprop=\"blogPost\" ><div class='avia_textblock  '   itemprop=\"text\" ><p style=\"font-weight: 400; text-align: justify;\">Un llamado a la precauci\u00f3n y a evaluar previamente las condiciones de tr\u00e1nsito a trav\u00e9s de pasos fronterizos, ante las condiciones invernales, realizaron el Delegado Presidencial Regional de Ays\u00e9n, Rodrigo Araya; la Prefecta Carolina Namor Esbry, jefa de la Regi\u00f3n Policial de Ays\u00e9n de la PDI, y el subprefecto rural Fronterizo de la Prefectura Ays\u00e9n, Teniente Coronel Jean Paul Aravena.<\/p>\n<p style=\"font-weight: 400; text-align: justify;\">De acuerdo a las estad\u00edsticas de la PDI, desde enero hasta ahora, 193.602 personas han sido controladas en los complejos Jeinimeni, Huemules y Coyhaique Alto, mientras Carabineros registra 13.833 personas controladas para el ingreso o salida a trav\u00e9s de los pasos Pampa Alta, Apelleg, El Mosco, Roballos, Dos Lagunas, Entrada Mayer, Pallavicini y Las Pampas.<\/p>\n<p style=\"font-weight: 400; text-align: justify;\">\u201cQueremos recordar a todas las personas que tengan que salir de Chile por los pasos fronterizos de nuestro territorio, que se informen previamente en los canales de comunicaci\u00f3n oficiales de Carabineros, Polic\u00eda de Investigaciones, Aduanas y Unidad de Pasos Fronterizos, porque el clima ha sido muy variable y tenemos complicaciones no solo en territorio nacional, sino que en territorio argentino. Por ello, es importante mantenerse al d\u00eda y consultar antes de planificar un viaje\u201d, recalc\u00f3 Rodrigo Araya.<\/p>\n<p style=\"font-weight: 400; text-align: justify;\">La Prefecta Carolina Namor coincidi\u00f3 en la importancia de la informaci\u00f3n y programaci\u00f3n para un viaje seguro y expedito. \u201cEs importante que las personas siempre est\u00e9n atentas a las condiciones clim\u00e1ticas, porque depende de eso que los pasos contin\u00faen habilitados, o se tienen que cerrar por disposici\u00f3n de la autoridad. Hasta la fecha llevamos m\u00e1s de 193 mil personas controladas, tanto entrados como salidos del territorio nacional, as\u00ed es que volvemos a reiterar a las personas que siempre lleven su documentaci\u00f3n y revisen los requisitos, porque esto da fluidez a los tr\u00e1mites en los pasos fronterizos\u201d, indic\u00f3.<\/p>\n<p style=\"font-weight: 400; text-align: justify;\">El Teniente Coronel Jean Paul Aravena agreg\u00f3 que \u201cafortunadamente no hemos tenido incidentes negativos ni accidentes que lamentar en los pasos fronterizos, no obstante, estos se mantienen cerrados por condiciones clim\u00e1ticas adversas, principalmente, por una falta de asistencia vial por el lado argentino. Los pasos nuestros est\u00e1n todos habilitados hasta el\u00a0 l\u00edmite, sin embargo, las personas prefieren no usarlos, prefiriendo los pasos principales\u201d.<\/p>\n<p style=\"font-weight: 400; text-align: justify;\">Agreg\u00f3 que de \u201clos 14 pasos administrados por Carabineros, solo se mantienen abiertos los del sector sur, manteni\u00e9ndose cerrados Baker \u2013por situaci\u00f3n de clima-, Lago C\u00e1stor y Pampa Alta\u201d.<\/p>\n<p style=\"font-weight: 400; text-align: justify;\">En todos los casos se recomienda el tr\u00e1nsito en veh\u00edculos 4&#215;4, el porte o uso de cadenas seg\u00fan corresponda y la conducci\u00f3n preventiva.<\/p>\n<p style=\"font-weight: 400; text-align: justify;\">La informaci\u00f3n actualizada sobre los pasos fronterizos puede obtenerse en la Delegaci\u00f3n Presidencial Regional, delegaciones presidenciales provinciales de General Carrera y Capit\u00e1n Prat; sitio web y redes sociales de la Unidad de Pasos Fronterizos, Carabineros, PDI y Aduanas.<\/p>\n<\/div><\/section><\/div><div  style='height:50px' class='hr hr-invisible   avia-builder-el-6  el_after_av_one_full  el_before_av_social_share '><span class='hr-inner ' ><span class='hr-inner-style'><\/span><\/span><\/div><\/p>\n<div  class='av-social-sharing-box  avia-builder-el-7  el_after_av_hr  el_before_av_hr  '><div class='av-share-box'><h5 class='av-share-link-description av-no-toc '>Compartir esta noticia<\/h5><ul class='av-share-box-list noLightbox'><li class='av-share-link av-social-link-facebook' ><a target=\"_blank\" aria-label=\"Compartir en Facebook\" href='https:\/\/www.facebook.com\/sharer.php?u=https:\/\/radiorevelacionfm.cl\/?p=43796&#038;t=Autoridades%20llaman%20a%20la%20precauci%C3%B3n%20en%20el%20tr%C3%A1nsito%20a%20trav%C3%A9s%20de%20pasos%20fronterizos' aria-hidden='false' data-av_icon='\ue8f3' data-av_iconfont='entypo-fontello' title='' data-avia-related-tooltip='Compartir en Facebook' rel=\"noopener\"><span class='avia_hidden_link_text'>Compartir en Facebook<\/span><\/a><\/li><li class='av-share-link av-social-link-twitter' ><a target=\"_blank\" aria-label=\"Compartir en Twitter\" href='https:\/\/twitter.com\/share?text=Autoridades%20llaman%20a%20la%20precauci%C3%B3n%20en%20el%20tr%C3%A1nsito%20a%20trav%C3%A9s%20de%20pasos%20fronterizos&#038;url=https:\/\/radiorevelacionfm.cl\/?p=43796' aria-hidden='false' data-av_icon='\ue8f1' data-av_iconfont='entypo-fontello' title='' data-avia-related-tooltip='Compartir en Twitter' rel=\"noopener\"><span class='avia_hidden_link_text'>Compartir en Twitter<\/span><\/a><\/li><li class='av-share-link av-social-link-whatsapp' ><a target=\"_blank\" aria-label=\"Compartir en Whatsapp\" href='https:\/\/api.whatsapp.com\/send?text=https:\/\/radiorevelacionfm.cl\/?p=43796' aria-hidden='false' data-av_icon='\uf232' data-av_iconfont='entypo-fontello' title='' data-avia-related-tooltip='Compartir en Whatsapp' rel=\"noopener\"><span class='avia_hidden_link_text'>Compartir en Whatsapp<\/span><\/a><\/li><li class='av-share-link av-social-link-linkedin' ><a target=\"_blank\" aria-label=\"Compartir en LinkedIn\" href='https:\/\/linkedin.com\/shareArticle?mini=true&#038;title=Autoridades%20llaman%20a%20la%20precauci%C3%B3n%20en%20el%20tr%C3%A1nsito%20a%20trav%C3%A9s%20de%20pasos%20fronterizos&#038;url=https:\/\/radiorevelacionfm.cl\/?p=43796' aria-hidden='false' data-av_icon='\ue8fc' data-av_iconfont='entypo-fontello' title='' data-avia-related-tooltip='Compartir en LinkedIn' rel=\"noopener\"><span class='avia_hidden_link_text'>Compartir en LinkedIn<\/span><\/a><\/li><li class='av-share-link av-social-link-mail' ><a  aria-label=\"Compartir por correo\" href='mailto:?subject=Autoridades%20llaman%20a%20la%20precauci%C3%B3n%20en%20el%20tr%C3%A1nsito%20a%20trav%C3%A9s%20de%20pasos%20fronterizos&#038;body=https:\/\/radiorevelacionfm.cl\/?p=43796' aria-hidden='false' data-av_icon='\ue805' data-av_iconfont='entypo-fontello' title='' data-avia-related-tooltip='Compartir por correo'><span class='avia_hidden_link_text'>Compartir por correo<\/span><\/a><\/li><\/ul><\/div><\/div>\n<div  style='height:50px' class='hr hr-invisible   avia-builder-el-8  el_after_av_social_share  el_before_av_comments_list '><span class='hr-inner ' ><span class='hr-inner-style'><\/span><\/span><\/div>\n<div  class='av-buildercomment  av-blog-meta-html-info-disabled av-blog-meta-tag-disabled  '><\/div>\n","protected":false},"excerpt":{"rendered":"","protected":false},"author":1,"featured_media":43797,"comment_status":"open","ping_status":"open","sticky":false,"template":"","format":"standard","meta":{"footnotes":""},"categories":[38],"tags":[],"class_list":["post-43796","post","type-post","status-publish","format-standard","has-post-thumbnail","hentry","category-regional"],"jetpack_featured_media_url":"https:\/\/radiorevelacionfm.cl\/wp-content\/uploads\/2024\/07\/Complejo-Huemules-1-1.jpg","_links":{"self":[{"href":"https:\/\/radiorevelacionfm.cl\/index.php?rest_route=\/wp\/v2\/posts\/43796","targetHints":{"allow":["GET"]}}],"collection":[{"href":"https:\/\/radiorevelacionfm.cl\/index.php?rest_route=\/wp\/v2\/posts"}],"about":[{"href":"https:\/\/radiorevelacionfm.cl\/index.php?rest_route=\/wp\/v2\/types\/post"}],"author":[{"embeddable":true,"href":"https:\/\/radiorevelacionfm.cl\/index.php?rest_route=\/wp\/v2\/users\/1"}],"replies":[{"embeddable":true,"href":"https:\/\/radiorevelacionfm.cl\/index.php?rest_route=%2Fwp%2Fv2%2Fcomments&post=43796"}],"version-history":[{"count":1,"href":"https:\/\/radiorevelacionfm.cl\/index.php?rest_route=\/wp\/v2\/posts\/43796\/revisions"}],"predecessor-version":[{"id":43798,"href":"https:\/\/radiorevelacionfm.cl\/index.php?rest_route=\/wp\/v2\/posts\/43796\/revisions\/43798"}],"wp:featuredmedia":[{"embeddable":true,"href":"https:\/\/radiorevelacionfm.cl\/index.php?rest_route=\/wp\/v2\/media\/43797"}],"wp:attachment":[{"href":"https:\/\/radiorevelacionfm.cl\/index.php?rest_route=%2Fwp%2Fv2%2Fmedia&parent=43796"}],"wp:term":[{"taxonomy":"category","embeddable":true,"href":"https:\/\/radiorevelacionfm.cl\/index.php?rest_route=%2Fwp%2Fv2%2Fcategories&post=43796"},{"taxonomy":"post_tag","embeddable":true,"href":"https:\/\/radiorevelacionfm.cl\/index.php?rest_route=%2Fwp%2Fv2%2Ftags&post=43796"}],"curies":[{"name":"wp","href":"https:\/\/api.w.org\/{rel}","templated":true}]}}