{"id":43785,"date":"2024-07-04T11:39:28","date_gmt":"2024-07-04T14:39:28","guid":{"rendered":"https:\/\/radiorevelacionfm.cl\/?p=43785"},"modified":"2024-07-04T11:39:28","modified_gmt":"2024-07-04T14:39:28","slug":"6-de-julio-celebramos-el-dia-internacional-de-las-cooperativas","status":"publish","type":"post","link":"https:\/\/radiorevelacionfm.cl\/?p=43785","title":{"rendered":"6 de julio, celebramos el \u201cD\u00eda Internacional de las Cooperativas\u201d"},"content":{"rendered":"<div class=\"flex_column av_one_full  flex_column_div av-zero-column-padding first  avia-builder-el-0  el_before_av_one_full  avia-builder-el-first  \" style='border-radius:0px; '><div  class='avia-image-container  av-styling-    avia-builder-el-1  avia-builder-el-no-sibling  avia-align-center '  itemprop=\"image\" itemscope=\"itemscope\" itemtype=\"https:\/\/schema.org\/ImageObject\"  ><div class='avia-image-container-inner'><div class='avia-image-overlay-wrap'><img decoding=\"async\" class='wp-image-43786 avia-img-lazy-loading-not-43786 avia_image' src=\"https:\/\/radiorevelacionfm.cl\/wp-content\/uploads\/2024\/07\/cooperativas-1_optimized.jpg\" alt='' title='cooperativas-(1)_optimized' height=\"600\" width=\"800\"  itemprop=\"thumbnailUrl\" srcset=\"https:\/\/radiorevelacionfm.cl\/wp-content\/uploads\/2024\/07\/cooperativas-1_optimized.jpg 800w, https:\/\/radiorevelacionfm.cl\/wp-content\/uploads\/2024\/07\/cooperativas-1_optimized-300x225.jpg 300w, https:\/\/radiorevelacionfm.cl\/wp-content\/uploads\/2024\/07\/cooperativas-1_optimized-768x576.jpg 768w, https:\/\/radiorevelacionfm.cl\/wp-content\/uploads\/2024\/07\/cooperativas-1_optimized-705x529.jpg 705w, https:\/\/radiorevelacionfm.cl\/wp-content\/uploads\/2024\/07\/cooperativas-1_optimized-450x338.jpg 450w, https:\/\/radiorevelacionfm.cl\/wp-content\/uploads\/2024\/07\/cooperativas-1_optimized-600x450.jpg 600w\" sizes=\"(max-width: 800px) 100vw, 800px\" \/><\/div><\/div><\/div><\/div><div class=\"flex_column av_one_full  flex_column_div av-zero-column-padding first  avia-builder-el-2  el_after_av_one_full  el_before_av_one_full  column-top-margin\" style='border-radius:0px; '><section class=\"av_textblock_section \"  itemscope=\"itemscope\" itemtype=\"https:\/\/schema.org\/BlogPosting\" itemprop=\"blogPost\" ><div class='avia_textblock  '   itemprop=\"text\" ><p style=\"text-align: center;\"><strong><span style=\"font-size: 18pt;\">6 de julio, celebramos el \u201cD\u00eda Internacional de las Cooperativas\u201d<\/span><\/strong><\/p>\n<div id=\"gtx-trans\" style=\"position: absolute; left: -50px; top: 4.31534px;\">\n<div class=\"gtx-trans-icon\"><\/div>\n<\/div>\n<\/div><\/section><\/div><div class=\"flex_column av_one_full  flex_column_div av-zero-column-padding first  avia-builder-el-4  el_after_av_one_full  el_before_av_hr  column-top-margin\" style='border-radius:0px; '><section class=\"av_textblock_section \"  itemscope=\"itemscope\" itemtype=\"https:\/\/schema.org\/BlogPosting\" itemprop=\"blogPost\" ><div class='avia_textblock  '   itemprop=\"text\" ><p style=\"text-align: justify;\"><em>El modelo cooperativo presenta ventajas que no poseen otros modelos empresariales, ya que combina y equilibra objetivos sociales y econ\u00f3micos. Adem\u00e1s, al momento de la toma de decisiones, participan y son considerados todas y todas, convirti\u00e9ndolo as\u00ed en un modelo centrado en las personas, no en el capital, ya que no perpet\u00faan ni aceleran la concentraci\u00f3n y distribuyen la riqueza de una manera m\u00e1s justa.<\/em><\/p>\n<p style=\"text-align: justify;\">El pr\u00f3ximo 6 de julio, las cooperativas de todo el mundo celebrar\u00e1n el D\u00eda Internacional de las Cooperativas bajo el lema \u00ab<strong>Las cooperativas construyen un futuro mejor para todas las personas<\/strong>\u00ab. Relevando la contribuci\u00f3n que realizan en cada uno de los territorios para construir un futuro sostenible y como generan esfuerzos constantes para revitalizar y robustecer este modelo de negocios.<\/p>\n<p style=\"text-align: justify;\">Seg\u00fan datos recogidos a Noviembre 2023, existen 29 cooperativas activas en la Regi\u00f3n de Ays\u00e9n, en las cu\u00e1les interact\u00faan 707 personas, donde el rubro m\u00e1s com\u00fan se relaciona con actividades primarias, como la pesca, silvoagricultura y turismo rural, rubros que abarcan el 76% de las cooperativas de nuestro territorio, permitiendo que sus miembros contribuyan equitativamente y controlen democr\u00e1ticamente el capital de cada una de estas organizaciones.<\/p>\n<p style=\"text-align: justify;\">El Seremi de Econom\u00eda, Fomento y Turismo; Felipe Rojas Pizarro relev\u00f3 la importancia del cooperativismo en nuestra regi\u00f3n y la gravitancia del D\u00eda Internacional de las Cooperativas: <em>\u201cEl modelo asociativo ha demostrado con creces ser una forma democr\u00e1tica y eficaz para desarrollar negocios. En ese contexto las Cooperativas han robustecido su importancia en el escenario econ\u00f3mico regional y nacional, convirti\u00e9ndose en pilares fundamentales de la cadena productiva de los diversos territorios. Es por eso que desde nuestro Gobierno y en especial desde nuestro Ministerio, nos alegra poder relevar la importancia de este D\u00eda Internacional de las Cooperativas 2024, ya que desde nuestra cartera hemos trabajado y seguiremos trabajando con y para las cooperativas y todo el ecosistema del emprendimiento.\u201d<\/em><\/p>\n<p style=\"text-align: justify;\"><strong><em>\u00a0<\/em><\/strong>En la misma l\u00ednea, la Gobernadora Regional Andrea Mac\u00edas Palma, puso sobre relieve la importancia de las Cooperativas para el desarrollo territorial; <em>\u201cDesde esta administraci\u00f3n del Gobierno Regional de Ays\u00e9n la asociatividad y el cooperativismo son factores muy relevantes de impulsar y lo estamos haciendo desde distintos frentes. Por ejemplo el proyecto FIC 2022 que present\u00f3 la Universidad Austral de fortalecimiento al apoyo y capacidades de Cooperativas y por otra parte est\u00e1n las l\u00edneas de Impulsa Asociatividad y Cooperativas para Ays\u00e9n de los programas de apoyo para Mipes y Pymes que est\u00e1n contenidos en los programas de reactivaci\u00f3n que ejecutamos a trav\u00e9s de las fundaciones Fudea y Codesser. Es el sector de la peque\u00f1a empresa el que m\u00e1s requiere este tipo de impulsos, para fomentar el apoyo mutuo, lo que puede permitir superar brechas de mercado en la regi\u00f3n, logrando compras asociativas, escalas mayores de comercializaci\u00f3n, optar a instrumentos financieros colectivos y otras herramientas de fomento. Nos complace que esto sea un objetivo compartido por el Gobierno nacional y sus sectores, y que este esfuerzo sea abordado desde distintas instituciones.\u201d<\/em><\/p>\n<p style=\"text-align: justify;\">En este contexto de asociatividad en Ays\u00e9n, se presentaron los resultados del diagn\u00f3stico \u201cCooperativas de Ays\u00e9n\u201d, ejecutado por el programa FIC UACH2 Campus Patagonia, financiado por el Gobierno Regional de Ays\u00e9n y su Consejo. Este diagn\u00f3stico del entorno institucional de las cooperativas en nuestro territorio, tuvo como objetivo identificar las brechas y proponer acciones para fortalecer el cooperativismo como una estrategia de crecimiento socioecon\u00f3mico regional. El Proyecto FIC 2022 \u201cFortalecimiento al apoyo y capacidades de cooperativas en la regi\u00f3n de Ays\u00e9n\u201d, nace a partir de la inquietud de la UACH, Campus Patagonia, sobre c\u00f3mo apoyar al desarrollo del cooperativismo regional, dado trabajos previos de la universidad en la regi\u00f3n en la misma tem\u00e1tica, con la visi\u00f3n de generar impacto en las cooperativas de manera sostenible en el tiempo. Por ello se visualiz\u00f3 instalar capacidades en profesionales y aportar al desarrollo de pol\u00edticas p\u00fablicas.<\/p>\n<p>Este diagn\u00f3stico ofrece una oportunidad para identificar y abordar las brechas que dificultan el desarrollo de las cooperativas. Con un enfoque positivo y un compromiso decidido, para fortalecer el cooperativismo y transformarlo en una herramienta clave para el crecimiento socioecon\u00f3mico de la regi\u00f3n. Importante es tambi\u00e9n, la colaboraci\u00f3n entre entidades p\u00fablicas, profesionales, academia y la comunidad es esencial para lograr un futuro pr\u00f3spero y equitativo en Ays\u00e9n.<\/p>\n<p>Gonzalo Marf\u00e1n Fantuzzi, miembro equipo FIC sostuvo que: <strong><em>\u201cComo todo sistema vivo, el cooperativismo requiere un entorno f\u00e9rtil donde desarrollarse y, para ello, todos los actores que impactan a este entorno deben jugar sus roles de manera \u00f3ptima. Para ello se genera este diagn\u00f3stico que ahora nos permite generar conversaciones profundas al respecto y capacitarnos en una estrategia de negocio de la cual nos queda mucho por aprender como profesionales que apoyan a emprendedores\u201d<\/em><\/strong><\/p>\n<p><strong><em>\u00a0<\/em><\/strong><\/p>\n<p>Algunas de las conclusiones proporcionadas por este diagn\u00f3stico, indican que las cooperativas en Ays\u00e9n enfrentan una serie de desaf\u00edos, como la posible inactividad de buena parte de ellas, la falta de gerentes, dificultades la gesti\u00f3n contable y una desconexi\u00f3n con las entidades que las fiscalizan. Sin embargo, es alentador evidenciar que existen fortalezas en el panorama local, como el respaldo pol\u00edtico y regional para fortalecer lo anterior, como as\u00ed tambi\u00e9n algunas cooperativas que han demostrado ser sostenibles en el tiempo, socios y socias que cuentan con conocimiento y herramientas para llevar adelante sus liderazgos de manera positiva y propositiva. Adem\u00e1s, las oportunidades que se presentan son prometedoras para nuestros sectores rurales, donde surge un gran potencial de crecimiento y desarrollo en el \u00e1mbito cooperativas. Sumando a lo anterior, una serie de beneficios fiscales disponibles, como as\u00ed tambi\u00e9n una bater\u00eda de instrumentos de fomento ligados a la asociatividad, que hacen f\u00e9rtil estas iniciativas.<\/p>\n<p>Por su parte, Javiera Moris Ferrando, integrante de la Cooperativa EDA, coment\u00f3 que: \u201c<em>Para nosotras como \u201cCooperativa Espacio Dise\u00f1o Austral\u201d es importante relevar el esp\u00edritu del cooperativismo en el D\u00eda internacional de las cooperativas. <\/em><\/p>\n<p><em>Si bien no es f\u00e1cil, es un trabajo lleno de desaf\u00edos colectivos, donde cada d\u00eda aprendemos a superar nuevas dificultades. Y para nosotras es un gran logro y motivo de orgullo llevar 5 a\u00f1os trabajando bajo esta figura.\u201d<\/em><\/p>\n<p><strong><em>\u00a0<\/em><\/strong><\/p>\n<p>Las cooperativas, como modelo democr\u00e1tico son especialmente adecuadas para la Regi\u00f3n de Ays\u00e9n, que enfrenta desaf\u00edos geogr\u00e1ficos y demogr\u00e1ficos \u00fanicos que afectan la generaci\u00f3n de negocios. Por lo mismo, desde el Gobierno se ha entregado un especial \u00e9nfasis en robustecer el cooperativismo, como as\u00ed tambi\u00e9n incentivar el surgimiento de nuevas cooperativas para Ays\u00e9n. En ese contexto, el desarrollo de este tipo de organizaciones, cuentan con un apoyo regional que busca fortalecer el modelo de negocios, que es visto hoy como una interesante estrategia de negocios y de dinamizaci\u00f3n econ\u00f3mica. \u00a1Feliz D\u00eda Internacional de las Cooperativas!.<\/p>\n<\/div><\/section><\/div><div  style='height:50px' class='hr hr-invisible   avia-builder-el-6  el_after_av_one_full  el_before_av_social_share '><span class='hr-inner ' ><span class='hr-inner-style'><\/span><\/span><\/div><\/p>\n<div  class='av-social-sharing-box  avia-builder-el-7  el_after_av_hr  el_before_av_hr  '><div class='av-share-box'><h5 class='av-share-link-description av-no-toc '>Compartir esta noticia<\/h5><ul class='av-share-box-list noLightbox'><li class='av-share-link av-social-link-facebook' ><a target=\"_blank\" aria-label=\"Compartir en Facebook\" href='https:\/\/www.facebook.com\/sharer.php?u=https:\/\/radiorevelacionfm.cl\/?p=43785&#038;t=6%20de%20julio%2C%20celebramos%20el%20%E2%80%9CD%C3%ADa%20Internacional%20de%20las%20Cooperativas%E2%80%9D' aria-hidden='false' data-av_icon='\ue8f3' data-av_iconfont='entypo-fontello' title='' data-avia-related-tooltip='Compartir en Facebook' rel=\"noopener\"><span class='avia_hidden_link_text'>Compartir en Facebook<\/span><\/a><\/li><li class='av-share-link av-social-link-twitter' ><a target=\"_blank\" aria-label=\"Compartir en Twitter\" href='https:\/\/twitter.com\/share?text=6%20de%20julio%2C%20celebramos%20el%20%E2%80%9CD%C3%ADa%20Internacional%20de%20las%20Cooperativas%E2%80%9D&#038;url=https:\/\/radiorevelacionfm.cl\/?p=43785' aria-hidden='false' data-av_icon='\ue8f1' data-av_iconfont='entypo-fontello' title='' data-avia-related-tooltip='Compartir en Twitter' rel=\"noopener\"><span class='avia_hidden_link_text'>Compartir en Twitter<\/span><\/a><\/li><li class='av-share-link av-social-link-whatsapp' ><a target=\"_blank\" aria-label=\"Compartir en Whatsapp\" href='https:\/\/api.whatsapp.com\/send?text=https:\/\/radiorevelacionfm.cl\/?p=43785' aria-hidden='false' data-av_icon='\uf232' data-av_iconfont='entypo-fontello' title='' data-avia-related-tooltip='Compartir en Whatsapp' rel=\"noopener\"><span class='avia_hidden_link_text'>Compartir en Whatsapp<\/span><\/a><\/li><li class='av-share-link av-social-link-linkedin' ><a target=\"_blank\" aria-label=\"Compartir en LinkedIn\" href='https:\/\/linkedin.com\/shareArticle?mini=true&#038;title=6%20de%20julio%2C%20celebramos%20el%20%E2%80%9CD%C3%ADa%20Internacional%20de%20las%20Cooperativas%E2%80%9D&#038;url=https:\/\/radiorevelacionfm.cl\/?p=43785' aria-hidden='false' data-av_icon='\ue8fc' data-av_iconfont='entypo-fontello' title='' data-avia-related-tooltip='Compartir en LinkedIn' rel=\"noopener\"><span class='avia_hidden_link_text'>Compartir en LinkedIn<\/span><\/a><\/li><li class='av-share-link av-social-link-mail' ><a  aria-label=\"Compartir por correo\" href='mailto:?subject=6%20de%20julio%2C%20celebramos%20el%20%E2%80%9CD%C3%ADa%20Internacional%20de%20las%20Cooperativas%E2%80%9D&#038;body=https:\/\/radiorevelacionfm.cl\/?p=43785' aria-hidden='false' data-av_icon='\ue805' data-av_iconfont='entypo-fontello' title='' data-avia-related-tooltip='Compartir por correo'><span class='avia_hidden_link_text'>Compartir por correo<\/span><\/a><\/li><\/ul><\/div><\/div>\n<div  style='height:50px' class='hr hr-invisible   avia-builder-el-8  el_after_av_social_share  el_before_av_comments_list '><span class='hr-inner ' ><span class='hr-inner-style'><\/span><\/span><\/div>\n<div  class='av-buildercomment  av-blog-meta-html-info-disabled av-blog-meta-tag-disabled  '><\/div>\n","protected":false},"excerpt":{"rendered":"","protected":false},"author":1,"featured_media":43786,"comment_status":"open","ping_status":"open","sticky":false,"template":"","format":"standard","meta":{"footnotes":""},"categories":[38],"tags":[],"class_list":["post-43785","post","type-post","status-publish","format-standard","has-post-thumbnail","hentry","category-regional"],"jetpack_featured_media_url":"https:\/\/radiorevelacionfm.cl\/wp-content\/uploads\/2024\/07\/cooperativas-1_optimized.jpg","_links":{"self":[{"href":"https:\/\/radiorevelacionfm.cl\/index.php?rest_route=\/wp\/v2\/posts\/43785","targetHints":{"allow":["GET"]}}],"collection":[{"href":"https:\/\/radiorevelacionfm.cl\/index.php?rest_route=\/wp\/v2\/posts"}],"about":[{"href":"https:\/\/radiorevelacionfm.cl\/index.php?rest_route=\/wp\/v2\/types\/post"}],"author":[{"embeddable":true,"href":"https:\/\/radiorevelacionfm.cl\/index.php?rest_route=\/wp\/v2\/users\/1"}],"replies":[{"embeddable":true,"href":"https:\/\/radiorevelacionfm.cl\/index.php?rest_route=%2Fwp%2Fv2%2Fcomments&post=43785"}],"version-history":[{"count":1,"href":"https:\/\/radiorevelacionfm.cl\/index.php?rest_route=\/wp\/v2\/posts\/43785\/revisions"}],"predecessor-version":[{"id":43787,"href":"https:\/\/radiorevelacionfm.cl\/index.php?rest_route=\/wp\/v2\/posts\/43785\/revisions\/43787"}],"wp:featuredmedia":[{"embeddable":true,"href":"https:\/\/radiorevelacionfm.cl\/index.php?rest_route=\/wp\/v2\/media\/43786"}],"wp:attachment":[{"href":"https:\/\/radiorevelacionfm.cl\/index.php?rest_route=%2Fwp%2Fv2%2Fmedia&parent=43785"}],"wp:term":[{"taxonomy":"category","embeddable":true,"href":"https:\/\/radiorevelacionfm.cl\/index.php?rest_route=%2Fwp%2Fv2%2Fcategories&post=43785"},{"taxonomy":"post_tag","embeddable":true,"href":"https:\/\/radiorevelacionfm.cl\/index.php?rest_route=%2Fwp%2Fv2%2Ftags&post=43785"}],"curies":[{"name":"wp","href":"https:\/\/api.w.org\/{rel}","templated":true}]}}