{"id":43782,"date":"2024-07-04T10:53:25","date_gmt":"2024-07-04T13:53:25","guid":{"rendered":"https:\/\/radiorevelacionfm.cl\/?p=43782"},"modified":"2024-07-04T10:53:25","modified_gmt":"2024-07-04T13:53:25","slug":"en-aysen-realizan-charlas-para-que-infantes-aprendan-de-responsabilidad-hacia-las-mascotas","status":"publish","type":"post","link":"https:\/\/radiorevelacionfm.cl\/?p=43782","title":{"rendered":"En Ays\u00e9n realizan charlas para que infantes aprendan de responsabilidad hacia las mascotas"},"content":{"rendered":"<div class=\"flex_column av_one_full  flex_column_div av-zero-column-padding first  avia-builder-el-0  el_before_av_one_full  avia-builder-el-first  \" style='border-radius:0px; '><div  class='avia-image-container  av-styling-    avia-builder-el-1  avia-builder-el-no-sibling  avia-align-center '  itemprop=\"image\" itemscope=\"itemscope\" itemtype=\"https:\/\/schema.org\/ImageObject\"  ><div class='avia-image-container-inner'><div class='avia-image-overlay-wrap'><img decoding=\"async\" class='wp-image-43783 avia-img-lazy-loading-not-43783 avia_image' src=\"https:\/\/radiorevelacionfm.cl\/wp-content\/uploads\/2024\/07\/20240628_111243-1_optimized.jpg\" alt='' title='20240628_111243-(1)_optimized' height=\"600\" width=\"1066\"  itemprop=\"thumbnailUrl\" srcset=\"https:\/\/radiorevelacionfm.cl\/wp-content\/uploads\/2024\/07\/20240628_111243-1_optimized.jpg 1066w, https:\/\/radiorevelacionfm.cl\/wp-content\/uploads\/2024\/07\/20240628_111243-1_optimized-300x169.jpg 300w, https:\/\/radiorevelacionfm.cl\/wp-content\/uploads\/2024\/07\/20240628_111243-1_optimized-1030x580.jpg 1030w, https:\/\/radiorevelacionfm.cl\/wp-content\/uploads\/2024\/07\/20240628_111243-1_optimized-768x432.jpg 768w, https:\/\/radiorevelacionfm.cl\/wp-content\/uploads\/2024\/07\/20240628_111243-1_optimized-705x397.jpg 705w, https:\/\/radiorevelacionfm.cl\/wp-content\/uploads\/2024\/07\/20240628_111243-1_optimized-450x253.jpg 450w, https:\/\/radiorevelacionfm.cl\/wp-content\/uploads\/2024\/07\/20240628_111243-1_optimized-600x338.jpg 600w\" sizes=\"(max-width: 1066px) 100vw, 1066px\" \/><\/div><\/div><\/div><\/div>\n<div class=\"flex_column av_one_full  flex_column_div av-zero-column-padding first  avia-builder-el-2  el_after_av_one_full  el_before_av_one_full  column-top-margin\" style='border-radius:0px; '><section class=\"av_textblock_section \"  itemscope=\"itemscope\" itemtype=\"https:\/\/schema.org\/BlogPosting\" itemprop=\"blogPost\" ><div class='avia_textblock  '   itemprop=\"text\" ><p style=\"text-align: center;\"><span style=\"font-size: 18pt;\"><strong>En Ays\u00e9n realizan charlas para que infantes aprendan de responsabilidad hacia las mascotas<\/strong><\/span><\/p>\n<div id=\"gtx-trans\" style=\"position: absolute; left: -50px; top: 4.31534px;\">\n<div class=\"gtx-trans-icon\"><\/div>\n<\/div>\n<\/div><\/section><\/div><div class=\"flex_column av_one_full  flex_column_div av-zero-column-padding first  avia-builder-el-4  el_after_av_one_full  el_before_av_hr  column-top-margin\" style='border-radius:0px; '><section class=\"av_textblock_section \"  itemscope=\"itemscope\" itemtype=\"https:\/\/schema.org\/BlogPosting\" itemprop=\"blogPost\" ><div class='avia_textblock  '   itemprop=\"text\" ><p style=\"text-align: justify;\"><em>Las funcionarias del Programa de Tenencia Responsable de Animales de Compa\u00f1\u00eda son las art\u00edfices de la charla y planean poder llegar a los ni\u00f1os de Ays\u00e9n con una exposici\u00f3n entretenida y l\u00fadica.<\/em><\/p>\n<p style=\"text-align: justify;\">La primera instituci\u00f3n educativa en la que se realiz\u00f3 este taller para ni\u00f1os de kinder fue la Escuela Gabriel Mistral. En este, los ni\u00f1os se vieron muy entusiasmados, por lo atractivo del tema y que varios de ellos disfrutan de la compa\u00f1\u00eda de un animal dom\u00e9stico en sus hogares o desean tenerlo.<\/p>\n<p style=\"text-align: justify;\">La educadora de los ni\u00f1os del kinder Yeni Nancul, explica que, \u201cnosotros trabajamos en la unidad de los animales, para que ellos tambi\u00e9n tengan esta conciencia de ser buenos due\u00f1os, de tener un cuidado bien tratante hacia los animales y viendo desde la perspectiva de que todos somos parte cierto de un ecosistema donde los chicos pudieran responder a la necesidad de los animales y tambi\u00e9n ellos sean part\u00edcipes de este cuidado\u201d.<\/p>\n<p style=\"text-align: justify;\">\u201cLos ni\u00f1os los vi s\u00faper motivados, ellos estaban contentos, ten\u00eda muchas preguntas. Tambi\u00e9n tienen mucha informaci\u00f3n desde su casa, experiencias personales y que ellos tambi\u00e9n pudieron resolver, la profesional fue muy atenta con los chicos, les explic\u00f3 y quedaron muy satisfechos con esta charla\u201d, expres\u00f3 la educadora.<\/p>\n<p style=\"text-align: justify;\">Ang\u00e9lica Hidalgo, m\u00e9dica veterinaria de la Municipalidad de Ays\u00e9n, se mostr\u00f3 entusiasmada y mencion\u00f3 que, \u201cestuvo bien entretenida esta instancia, los ni\u00f1os fueron s\u00faper participativos, ten\u00edan hartos conceptos y lo principal es que conocieron harto con respecto a la tenencia responsable de mascotas. As\u00ed que todos est\u00e1n invitados a las pr\u00f3ximas charlas\u201d.<\/p>\n<p style=\"text-align: justify;\">Se estar\u00e1n realizando m\u00e1s talleres durante el semestre y en otras instituciones educativas de la comuna para que los ni\u00f1os aprendan del cuidado que hay que tener con sus mascotas y as\u00ed tener pr\u00f3ximos adultos con una mejor conciencia hacia los animales de compa\u00f1\u00eda.<\/p>\n<\/div><\/section><\/div><\/p>\n<div  style='height:50px' class='hr hr-invisible   avia-builder-el-6  el_after_av_one_full  el_before_av_social_share '><span class='hr-inner ' ><span class='hr-inner-style'><\/span><\/span><\/div>\n<div  class='av-social-sharing-box  avia-builder-el-7  el_after_av_hr  el_before_av_hr  '><div class='av-share-box'><h5 class='av-share-link-description av-no-toc '>Compartir esta noticia<\/h5><ul class='av-share-box-list noLightbox'><li class='av-share-link av-social-link-facebook' ><a target=\"_blank\" aria-label=\"Compartir en Facebook\" href='https:\/\/www.facebook.com\/sharer.php?u=https:\/\/radiorevelacionfm.cl\/?p=43782&#038;t=En%20Ays%C3%A9n%20realizan%20charlas%20para%20que%20infantes%20aprendan%20de%20responsabilidad%20hacia%20las%20mascotas' aria-hidden='false' data-av_icon='\ue8f3' data-av_iconfont='entypo-fontello' title='' data-avia-related-tooltip='Compartir en Facebook' rel=\"noopener\"><span class='avia_hidden_link_text'>Compartir en Facebook<\/span><\/a><\/li><li class='av-share-link av-social-link-twitter' ><a target=\"_blank\" aria-label=\"Compartir en Twitter\" href='https:\/\/twitter.com\/share?text=En%20Ays%C3%A9n%20realizan%20charlas%20para%20que%20infantes%20aprendan%20de%20responsabilidad%20hacia%20las%20mascotas&#038;url=https:\/\/radiorevelacionfm.cl\/?p=43782' aria-hidden='false' data-av_icon='\ue8f1' data-av_iconfont='entypo-fontello' title='' data-avia-related-tooltip='Compartir en Twitter' rel=\"noopener\"><span class='avia_hidden_link_text'>Compartir en Twitter<\/span><\/a><\/li><li class='av-share-link av-social-link-whatsapp' ><a target=\"_blank\" aria-label=\"Compartir en Whatsapp\" href='https:\/\/api.whatsapp.com\/send?text=https:\/\/radiorevelacionfm.cl\/?p=43782' aria-hidden='false' data-av_icon='\uf232' data-av_iconfont='entypo-fontello' title='' data-avia-related-tooltip='Compartir en Whatsapp' rel=\"noopener\"><span class='avia_hidden_link_text'>Compartir en Whatsapp<\/span><\/a><\/li><li class='av-share-link av-social-link-linkedin' ><a target=\"_blank\" aria-label=\"Compartir en LinkedIn\" href='https:\/\/linkedin.com\/shareArticle?mini=true&#038;title=En%20Ays%C3%A9n%20realizan%20charlas%20para%20que%20infantes%20aprendan%20de%20responsabilidad%20hacia%20las%20mascotas&#038;url=https:\/\/radiorevelacionfm.cl\/?p=43782' aria-hidden='false' data-av_icon='\ue8fc' data-av_iconfont='entypo-fontello' title='' data-avia-related-tooltip='Compartir en LinkedIn' rel=\"noopener\"><span class='avia_hidden_link_text'>Compartir en LinkedIn<\/span><\/a><\/li><li class='av-share-link av-social-link-mail' ><a  aria-label=\"Compartir por correo\" href='mailto:?subject=En%20Ays%C3%A9n%20realizan%20charlas%20para%20que%20infantes%20aprendan%20de%20responsabilidad%20hacia%20las%20mascotas&#038;body=https:\/\/radiorevelacionfm.cl\/?p=43782' aria-hidden='false' data-av_icon='\ue805' data-av_iconfont='entypo-fontello' title='' data-avia-related-tooltip='Compartir por correo'><span class='avia_hidden_link_text'>Compartir por correo<\/span><\/a><\/li><\/ul><\/div><\/div>\n<div  style='height:50px' class='hr hr-invisible   avia-builder-el-8  el_after_av_social_share  el_before_av_comments_list '><span class='hr-inner ' ><span class='hr-inner-style'><\/span><\/span><\/div>\n<div  class='av-buildercomment  av-blog-meta-html-info-disabled av-blog-meta-tag-disabled  '><\/div>\n","protected":false},"excerpt":{"rendered":"","protected":false},"author":1,"featured_media":43783,"comment_status":"open","ping_status":"open","sticky":false,"template":"","format":"standard","meta":{"footnotes":""},"categories":[38],"tags":[],"class_list":["post-43782","post","type-post","status-publish","format-standard","has-post-thumbnail","hentry","category-regional"],"jetpack_featured_media_url":"https:\/\/radiorevelacionfm.cl\/wp-content\/uploads\/2024\/07\/20240628_111243-1_optimized.jpg","_links":{"self":[{"href":"https:\/\/radiorevelacionfm.cl\/index.php?rest_route=\/wp\/v2\/posts\/43782","targetHints":{"allow":["GET"]}}],"collection":[{"href":"https:\/\/radiorevelacionfm.cl\/index.php?rest_route=\/wp\/v2\/posts"}],"about":[{"href":"https:\/\/radiorevelacionfm.cl\/index.php?rest_route=\/wp\/v2\/types\/post"}],"author":[{"embeddable":true,"href":"https:\/\/radiorevelacionfm.cl\/index.php?rest_route=\/wp\/v2\/users\/1"}],"replies":[{"embeddable":true,"href":"https:\/\/radiorevelacionfm.cl\/index.php?rest_route=%2Fwp%2Fv2%2Fcomments&post=43782"}],"version-history":[{"count":2,"href":"https:\/\/radiorevelacionfm.cl\/index.php?rest_route=\/wp\/v2\/posts\/43782\/revisions"}],"predecessor-version":[{"id":43791,"href":"https:\/\/radiorevelacionfm.cl\/index.php?rest_route=\/wp\/v2\/posts\/43782\/revisions\/43791"}],"wp:featuredmedia":[{"embeddable":true,"href":"https:\/\/radiorevelacionfm.cl\/index.php?rest_route=\/wp\/v2\/media\/43783"}],"wp:attachment":[{"href":"https:\/\/radiorevelacionfm.cl\/index.php?rest_route=%2Fwp%2Fv2%2Fmedia&parent=43782"}],"wp:term":[{"taxonomy":"category","embeddable":true,"href":"https:\/\/radiorevelacionfm.cl\/index.php?rest_route=%2Fwp%2Fv2%2Fcategories&post=43782"},{"taxonomy":"post_tag","embeddable":true,"href":"https:\/\/radiorevelacionfm.cl\/index.php?rest_route=%2Fwp%2Fv2%2Ftags&post=43782"}],"curies":[{"name":"wp","href":"https:\/\/api.w.org\/{rel}","templated":true}]}}