{"id":43765,"date":"2024-07-03T17:35:24","date_gmt":"2024-07-03T20:35:24","guid":{"rendered":"https:\/\/radiorevelacionfm.cl\/?p=43765"},"modified":"2024-07-03T17:37:42","modified_gmt":"2024-07-03T20:37:42","slug":"emprendedor-local-busca-levantar-50-millones-de-pesos-para-planta-solar-asociativa-y-reducir-la-cuenta-de-la-luz-en-aysen","status":"publish","type":"post","link":"https:\/\/radiorevelacionfm.cl\/?p=43765","title":{"rendered":"Emprendedor local busca levantar 50 millones de pesos para Planta Solar Asociativa y reducir la cuenta de la luz en Ays\u00e9n"},"content":{"rendered":"<div class=\"flex_column av_one_full  flex_column_div av-zero-column-padding first  avia-builder-el-0  el_before_av_one_full  avia-builder-el-first  \" style='border-radius:0px; '><div  class='avia-image-container  av-styling-    avia-builder-el-1  avia-builder-el-no-sibling  avia-align-center '  itemprop=\"image\" itemscope=\"itemscope\" itemtype=\"https:\/\/schema.org\/ImageObject\"  ><div class='avia-image-container-inner'><div class='avia-image-overlay-wrap'><img decoding=\"async\" class='wp-image-43766 avia-img-lazy-loading-not-43766 avia_image' src=\"https:\/\/radiorevelacionfm.cl\/wp-content\/uploads\/2024\/07\/3b767762-2395-4720-a50e-437c8c63c300-1-1.jpg\" alt='' title='3b767762-2395-4720-a50e-437c8c63c300 (1) (1)' height=\"600\" width=\"901\"  itemprop=\"thumbnailUrl\" srcset=\"https:\/\/radiorevelacionfm.cl\/wp-content\/uploads\/2024\/07\/3b767762-2395-4720-a50e-437c8c63c300-1-1.jpg 901w, https:\/\/radiorevelacionfm.cl\/wp-content\/uploads\/2024\/07\/3b767762-2395-4720-a50e-437c8c63c300-1-1-300x200.jpg 300w, https:\/\/radiorevelacionfm.cl\/wp-content\/uploads\/2024\/07\/3b767762-2395-4720-a50e-437c8c63c300-1-1-768x511.jpg 768w, https:\/\/radiorevelacionfm.cl\/wp-content\/uploads\/2024\/07\/3b767762-2395-4720-a50e-437c8c63c300-1-1-705x469.jpg 705w, https:\/\/radiorevelacionfm.cl\/wp-content\/uploads\/2024\/07\/3b767762-2395-4720-a50e-437c8c63c300-1-1-450x300.jpg 450w, https:\/\/radiorevelacionfm.cl\/wp-content\/uploads\/2024\/07\/3b767762-2395-4720-a50e-437c8c63c300-1-1-600x400.jpg 600w\" sizes=\"(max-width: 901px) 100vw, 901px\" \/><\/div><\/div><\/div><\/div>\n<div class=\"flex_column av_one_full  flex_column_div av-zero-column-padding first  avia-builder-el-2  el_after_av_one_full  el_before_av_one_full  column-top-margin\" style='border-radius:0px; '><section class=\"av_textblock_section \"  itemscope=\"itemscope\" itemtype=\"https:\/\/schema.org\/BlogPosting\" itemprop=\"blogPost\" ><div class='avia_textblock  '   itemprop=\"text\" ><p style=\"text-align: center;\"><strong><span style=\"font-size: 18pt;\">Emprendedor local busca levantar 50 millones de pesos para Planta Solar Asociativa y reducir la cuenta de la luz en Ays\u00e9n<\/span><\/strong><\/p>\n<div id=\"gtx-trans\" style=\"position: absolute; left: -50px; top: 4.31534px;\">\n<div class=\"gtx-trans-icon\"><\/div>\n<\/div>\n<\/div><\/section><\/div><div class=\"flex_column av_one_full  flex_column_div av-zero-column-padding first  avia-builder-el-4  el_after_av_one_full  el_before_av_hr  column-top-margin\" style='border-radius:0px; '><section class=\"av_textblock_section \"  itemscope=\"itemscope\" itemtype=\"https:\/\/schema.org\/BlogPosting\" itemprop=\"blogPost\" ><div class='avia_textblock  '   itemprop=\"text\" ><p dir=\"ltr\" style=\"text-align: justify;\"><em>En un esfuerzo innovador por reducir el costo de la electricidad y promover el uso de energ\u00edas limpias y renovables, el emprendedor local Manuel Mata, gerente y fundador de Ant\u00fc Energ\u00eda, ha lanzado un proyecto ambicioso para crear una planta fotovoltaica de propiedad compartida. Este proyecto tiene como objetivo recaudar 50 millones de pesos durante el segundo semestre del a\u00f1o para instalar una planta solar.<\/em><\/p>\n<p dir=\"ltr\" style=\"text-align: justify;\">El proyecto est\u00e1 dirigido a personas y peque\u00f1as y medianas empresas (pymes) que deseen disminuir sus facturas de electricidad. A trav\u00e9s de una inversi\u00f3n en esta planta fotovoltaica asociativa, los participantes recibir\u00e1n descuentos mensuales en sus boletas de luz, basados en la energ\u00eda generada e inyectada a la red el\u00e9ctrica.<\/p>\n<p dir=\"ltr\" style=\"text-align: justify;\">\u00abInvierte hoy en una planta fotovoltaica y recibe descuentos mes a mes en tu boleta de la luz\u00bb, es el mensaje clave de esta iniciativa. Mata destac\u00f3 que el proyecto no solo busca aliviar el impacto econ\u00f3mico del aumento sostenido de los precios de la energ\u00eda, sino tambi\u00e9n fomentar la transici\u00f3n hacia energ\u00edas renovables y sostenibles.<\/p>\n<p dir=\"ltr\" style=\"text-align: justify;\"><strong>Beneficios del Proyecto<\/strong><\/p>\n<p dir=\"ltr\" style=\"text-align: justify;\">Reducci\u00f3n de Costos Energ\u00e9ticos: Los propietarios de la planta solar ver\u00e1n reflejados descuentos en sus facturas de electricidad, basados en la energ\u00eda generada por la planta y suministrada a la red.<\/p>\n<p dir=\"ltr\" style=\"text-align: justify;\">Propiedad Compartida: El modelo permite que cualquier persona o pyme pueda ser propietaria de una parte de la planta, democratizando el acceso a la generaci\u00f3n de energ\u00eda limpia.<\/p>\n<p dir=\"ltr\" style=\"text-align: justify;\">Sostenibilidad Ambiental: Al promover el uso de energ\u00eda solar, se contribuye a reducir la dependencia de combustibles f\u00f3siles y las emisiones contaminantes.<\/p>\n<p dir=\"ltr\" style=\"text-align: justify;\"><strong>Llamado a la Acci\u00f3n<\/strong><\/p>\n<p dir=\"ltr\" style=\"text-align: justify;\">Manuel Mata hizo un llamado a la comunidad y a las empresas locales a sumarse a esta iniciativa, destacando la importancia de buscar nuevas alternativas para enfrentar los desaf\u00edos energ\u00e9ticos actuales. \u00abEstamos innovando en c\u00f3mo la gente obtiene herramientas y alternativas para abastecerse de su propia energ\u00eda, generando la posibilidad de que la gente pase de ser consumidor a ser inversionista de su propia energ\u00eda\u00bb, afirm\u00f3 Manuel Mata.<\/p>\n<p dir=\"ltr\" style=\"text-align: justify;\"><strong>Proyecci\u00f3n Regional<\/strong><\/p>\n<p dir=\"ltr\" style=\"text-align: justify;\">Este proyecto piloto se implementar\u00e1 en la regi\u00f3n de Ays\u00e9n, donde ya se siente la necesidad de alternativas energ\u00e9ticas sostenibles. Manuel Mata, con experiencia en proyectos similares en otras regiones del pa\u00eds, espera replicar los resultados positivos y contribuir significativamente al desarrollo econ\u00f3mico y ambiental de Ays\u00e9n.<\/p>\n<p dir=\"ltr\" style=\"text-align: justify;\">La iniciativa de Ant\u00fc Energ\u00eda no solo representa una oportunidad econ\u00f3mica, sino tambi\u00e9n un compromiso con el medio ambiente y una visi\u00f3n de futuro para un suministro energ\u00e9tico m\u00e1s sostenible y accesible para todos.<\/p>\n<\/div><\/section><\/div><\/p>\n<div  style='height:50px' class='hr hr-invisible   avia-builder-el-6  el_after_av_one_full  el_before_av_social_share '><span class='hr-inner ' ><span class='hr-inner-style'><\/span><\/span><\/div>\n<div  class='av-social-sharing-box  avia-builder-el-7  el_after_av_hr  el_before_av_hr  '><div class='av-share-box'><h5 class='av-share-link-description av-no-toc '>Compartir esta noticia<\/h5><ul class='av-share-box-list noLightbox'><li class='av-share-link av-social-link-facebook' ><a target=\"_blank\" aria-label=\"Compartir en Facebook\" href='https:\/\/www.facebook.com\/sharer.php?u=https:\/\/radiorevelacionfm.cl\/?p=43765&#038;t=Emprendedor%20local%20busca%20levantar%2050%20millones%20de%20pesos%20para%20Planta%20Solar%20Asociativa%20y%20reducir%20la%20cuenta%20de%20la%20luz%20en%20Ays%C3%A9n' aria-hidden='false' data-av_icon='\ue8f3' data-av_iconfont='entypo-fontello' title='' data-avia-related-tooltip='Compartir en Facebook' rel=\"noopener\"><span class='avia_hidden_link_text'>Compartir en Facebook<\/span><\/a><\/li><li class='av-share-link av-social-link-twitter' ><a target=\"_blank\" aria-label=\"Compartir en Twitter\" href='https:\/\/twitter.com\/share?text=Emprendedor%20local%20busca%20levantar%2050%20millones%20de%20pesos%20para%20Planta%20Solar%20Asociativa%20y%20reducir%20la%20cuenta%20de%20la%20luz%20en%20Ays%C3%A9n&#038;url=https:\/\/radiorevelacionfm.cl\/?p=43765' aria-hidden='false' data-av_icon='\ue8f1' data-av_iconfont='entypo-fontello' title='' data-avia-related-tooltip='Compartir en Twitter' rel=\"noopener\"><span class='avia_hidden_link_text'>Compartir en Twitter<\/span><\/a><\/li><li class='av-share-link av-social-link-whatsapp' ><a target=\"_blank\" aria-label=\"Compartir en Whatsapp\" href='https:\/\/api.whatsapp.com\/send?text=https:\/\/radiorevelacionfm.cl\/?p=43765' aria-hidden='false' data-av_icon='\uf232' data-av_iconfont='entypo-fontello' title='' data-avia-related-tooltip='Compartir en Whatsapp' rel=\"noopener\"><span class='avia_hidden_link_text'>Compartir en Whatsapp<\/span><\/a><\/li><li class='av-share-link av-social-link-linkedin' ><a target=\"_blank\" aria-label=\"Compartir en LinkedIn\" href='https:\/\/linkedin.com\/shareArticle?mini=true&#038;title=Emprendedor%20local%20busca%20levantar%2050%20millones%20de%20pesos%20para%20Planta%20Solar%20Asociativa%20y%20reducir%20la%20cuenta%20de%20la%20luz%20en%20Ays%C3%A9n&#038;url=https:\/\/radiorevelacionfm.cl\/?p=43765' aria-hidden='false' data-av_icon='\ue8fc' data-av_iconfont='entypo-fontello' title='' data-avia-related-tooltip='Compartir en LinkedIn' rel=\"noopener\"><span class='avia_hidden_link_text'>Compartir en LinkedIn<\/span><\/a><\/li><li class='av-share-link av-social-link-mail' ><a  aria-label=\"Compartir por correo\" href='mailto:?subject=Emprendedor%20local%20busca%20levantar%2050%20millones%20de%20pesos%20para%20Planta%20Solar%20Asociativa%20y%20reducir%20la%20cuenta%20de%20la%20luz%20en%20Ays%C3%A9n&#038;body=https:\/\/radiorevelacionfm.cl\/?p=43765' aria-hidden='false' data-av_icon='\ue805' data-av_iconfont='entypo-fontello' title='' data-avia-related-tooltip='Compartir por correo'><span class='avia_hidden_link_text'>Compartir por correo<\/span><\/a><\/li><\/ul><\/div><\/div>\n<div  style='height:50px' class='hr hr-invisible   avia-builder-el-8  el_after_av_social_share  el_before_av_comments_list '><span class='hr-inner ' ><span class='hr-inner-style'><\/span><\/span><\/div>\n<div  class='av-buildercomment  av-blog-meta-html-info-disabled av-blog-meta-tag-disabled  '><\/div>\n","protected":false},"excerpt":{"rendered":"","protected":false},"author":1,"featured_media":43766,"comment_status":"open","ping_status":"open","sticky":false,"template":"","format":"standard","meta":{"footnotes":""},"categories":[38],"tags":[],"class_list":["post-43765","post","type-post","status-publish","format-standard","has-post-thumbnail","hentry","category-regional"],"jetpack_featured_media_url":"https:\/\/radiorevelacionfm.cl\/wp-content\/uploads\/2024\/07\/3b767762-2395-4720-a50e-437c8c63c300-1-1.jpg","_links":{"self":[{"href":"https:\/\/radiorevelacionfm.cl\/index.php?rest_route=\/wp\/v2\/posts\/43765","targetHints":{"allow":["GET"]}}],"collection":[{"href":"https:\/\/radiorevelacionfm.cl\/index.php?rest_route=\/wp\/v2\/posts"}],"about":[{"href":"https:\/\/radiorevelacionfm.cl\/index.php?rest_route=\/wp\/v2\/types\/post"}],"author":[{"embeddable":true,"href":"https:\/\/radiorevelacionfm.cl\/index.php?rest_route=\/wp\/v2\/users\/1"}],"replies":[{"embeddable":true,"href":"https:\/\/radiorevelacionfm.cl\/index.php?rest_route=%2Fwp%2Fv2%2Fcomments&post=43765"}],"version-history":[{"count":3,"href":"https:\/\/radiorevelacionfm.cl\/index.php?rest_route=\/wp\/v2\/posts\/43765\/revisions"}],"predecessor-version":[{"id":43790,"href":"https:\/\/radiorevelacionfm.cl\/index.php?rest_route=\/wp\/v2\/posts\/43765\/revisions\/43790"}],"wp:featuredmedia":[{"embeddable":true,"href":"https:\/\/radiorevelacionfm.cl\/index.php?rest_route=\/wp\/v2\/media\/43766"}],"wp:attachment":[{"href":"https:\/\/radiorevelacionfm.cl\/index.php?rest_route=%2Fwp%2Fv2%2Fmedia&parent=43765"}],"wp:term":[{"taxonomy":"category","embeddable":true,"href":"https:\/\/radiorevelacionfm.cl\/index.php?rest_route=%2Fwp%2Fv2%2Fcategories&post=43765"},{"taxonomy":"post_tag","embeddable":true,"href":"https:\/\/radiorevelacionfm.cl\/index.php?rest_route=%2Fwp%2Fv2%2Ftags&post=43765"}],"curies":[{"name":"wp","href":"https:\/\/api.w.org\/{rel}","templated":true}]}}