{"id":4376,"date":"2021-05-21T19:21:52","date_gmt":"2021-05-21T22:21:52","guid":{"rendered":"https:\/\/radiorevelacionfm.cl\/?p=4376"},"modified":"2021-05-21T19:34:23","modified_gmt":"2021-05-21T22:34:23","slug":"radicales-destacan-buen-momento-del-partido-y-resultados-en-las-elecciones","status":"publish","type":"post","link":"https:\/\/radiorevelacionfm.cl\/?p=4376","title":{"rendered":"Radicales destacan buen momento del Partido y resultados en las Elecciones"},"content":{"rendered":"<div class=\"flex_column av_one_full  flex_column_div av-zero-column-padding first  avia-builder-el-0  el_before_av_one_full  avia-builder-el-first  \" style='border-radius:0px; '><div  class='avia-image-container  av-styling-    avia-builder-el-1  avia-builder-el-no-sibling  avia-align-center '  itemprop=\"image\" itemscope=\"itemscope\" itemtype=\"https:\/\/schema.org\/ImageObject\"  ><div class='avia-image-container-inner'><div class='avia-image-overlay-wrap'><img decoding=\"async\" class='wp-image-0 avia-img-lazy-loading-not-0 avia_image' src=\"https:\/\/radiorevelacionfm.cl\/wp-content\/uploads\/2021\/05\/partido-radical2-1_optimized.png\" alt='' title=''   itemprop=\"thumbnailUrl\"  \/><\/div><\/div><\/div><\/div><div class=\"flex_column av_one_full  flex_column_div av-zero-column-padding first  avia-builder-el-2  el_after_av_one_full  el_before_av_one_full  column-top-margin\" style='border-radius:0px; '><section class=\"av_textblock_section \"  itemscope=\"itemscope\" itemtype=\"https:\/\/schema.org\/BlogPosting\" itemprop=\"blogPost\" ><div class='avia_textblock  '   itemprop=\"text\" ><p style=\"text-align: center;\"><strong><span style=\"font-size: 18pt;\">Radicales destacan buen momento del Partido y resultados en las Elecciones<\/span><\/strong><\/p>\n<div id=\"gtx-trans\" style=\"position: absolute; left: -50px; top: 4.31534px;\">\n<div class=\"gtx-trans-icon\"><\/div>\n<\/div>\n<\/div><\/section><\/div><\/p>\n<div class=\"flex_column av_one_full  flex_column_div av-zero-column-padding first  avia-builder-el-4  el_after_av_one_full  el_before_av_hr  column-top-margin\" style='border-radius:0px; '><section class=\"av_textblock_section \"  itemscope=\"itemscope\" itemtype=\"https:\/\/schema.org\/BlogPosting\" itemprop=\"blogPost\" ><div class='avia_textblock  '   itemprop=\"text\" ><p style=\"text-align: justify;\">Optimistas pero asegurando que tienen \u201cuna gran responsabilidad\u201d es la actitud que reina dentro del Partido Radical en la Regi\u00f3n de Ays\u00e9n (PR) luego que este fin de semana la ciudadan\u00eda en varios puntos del territorio votara a sus candidatos. Para muestra del \u201cbuen momento que est\u00e1 viviendo el radicalismo\u201d se puede apreciar que no s\u00f3lo llevaron candidatos a alcalde en las comunas de Lago Verde, Ays\u00e9n y Cochrane, sino que un desde el retorno a la democracia no hab\u00edan tenido alcaldes radicales y ahora tienen 2 adem\u00e1s de un ex radical en Chile Chico y que pasaron de tener 3 concejales a tener 6.<\/p>\n<p style=\"text-align: justify;\">Isabel Beroisa, Consejera Regional y Coordinadora Regional de G\u00e9nero del Partido Radical en la Regi\u00f3n de Ays\u00e9n, explic\u00f3 que luego de la primaria que gan\u00f3 Claudia Vald\u00e9s y apostando a un liderazgo fresco en Lago Verde, y que representara a las mujeres radicales, se ten\u00eda consciencia de que esa competencia ser\u00eda complicada por diversos aspectos pol\u00edticos y territoriales \u201cApostamos a lograr que los vecinos y vecinas de Lago Verde, sintonizaran con este nuevo liderazgo, y captar el voto de la gente que vive en esa comuna, pero no fue suficiente. Agradecemos a Claudia el haber asumido el desaf\u00edo, agradecemos su trabajo y compromiso, recordemos que es una de las pocas candidatas mujeres a alcalde que tuvimos en la reciente elecci\u00f3n y es radical\u201d.<\/p>\n<p style=\"text-align: justify;\">En esa misma l\u00ednea Guillermo Mart\u00ednez, vicepresidente regional del PR, felicit\u00f3 a todos los alcaldes que ganaron y a la primera Gobernadora Regional, Andrea Mac\u00edas, explicando que \u201cel Partido Radical tiene dos alcaldes que arrebataron comunas de las manos de la UDI y que estar\u00e1n dispuestos a trabajar por una regi\u00f3n m\u00e1s igualitaria, justa y con oportunidades para todos y todas. Creemos que tanto Julio Uribe en Ays\u00e9n y Jorge Calder\u00f3n en Cochrane, demostrar\u00e1n lo mejor de los ideales de nuestro partido y la centro izquierda, siendo el reflejo de los cambios que quiere nuestra ciudadan\u00eda y que hoy permite decir que 7 de las 10 comunas ser\u00e1n representadas por alcaldes que no se identifican con este gobierno ni Sebasti\u00e1n Pi\u00f1era\u201d.<\/p>\n<p style=\"text-align: justify;\">Finalmente la dirigente radical fue enf\u00e1tica en decir que se deben construir proyectos colectivos que empaticen con las necesidades y requerimientos de la ciudadan\u00eda, y que para esos esfuerzos el Partido Radical, sus militantes y adherentes est\u00e1n totalmente dispuestos a contribuir. \u201cAumentamos en porcentaje m\u00e1s que la media nacional dentro de nuestro partido, los alcaldes y concejales electos, los y las candidatas a alcalde y concejales de nuestro partido comprendemos el momento que estamos viviendo y la responsabilidad que debemos tener, creemos que en nuestras filas estamos preparados para m\u00e1s desaf\u00edos que nos lleven a construir una sociedad m\u00e1s justa para todos y todas. Ese es el compromiso del Partido Radical en la Regi\u00f3n de Ays\u00e9n\u201d, dijo Isabel Beroisa.<\/p>\n<\/div><\/section><\/div>\n<div  style='height:50px' class='hr hr-invisible   avia-builder-el-6  el_after_av_one_full  el_before_av_social_share '><span class='hr-inner ' ><span class='hr-inner-style'><\/span><\/span><\/div>\n<div  class='av-social-sharing-box  avia-builder-el-7  el_after_av_hr  el_before_av_hr  '><div class='av-share-box'><h5 class='av-share-link-description av-no-toc '>Compartir esta noticia<\/h5><ul class='av-share-box-list noLightbox'><li class='av-share-link av-social-link-facebook' ><a target=\"_blank\" aria-label=\"Compartir en Facebook\" href='https:\/\/www.facebook.com\/sharer.php?u=https:\/\/radiorevelacionfm.cl\/?p=4376&#038;t=Radicales%20destacan%20buen%20momento%20del%20Partido%20y%20resultados%20en%20las%20Elecciones' aria-hidden='false' data-av_icon='\ue8f3' data-av_iconfont='entypo-fontello' title='' data-avia-related-tooltip='Compartir en Facebook' rel=\"noopener\"><span class='avia_hidden_link_text'>Compartir en Facebook<\/span><\/a><\/li><li class='av-share-link av-social-link-twitter' ><a target=\"_blank\" aria-label=\"Compartir en Twitter\" href='https:\/\/twitter.com\/share?text=Radicales%20destacan%20buen%20momento%20del%20Partido%20y%20resultados%20en%20las%20Elecciones&#038;url=https:\/\/radiorevelacionfm.cl\/?p=4376' aria-hidden='false' data-av_icon='\ue8f1' data-av_iconfont='entypo-fontello' title='' data-avia-related-tooltip='Compartir en Twitter' rel=\"noopener\"><span class='avia_hidden_link_text'>Compartir en Twitter<\/span><\/a><\/li><li class='av-share-link av-social-link-whatsapp' ><a target=\"_blank\" aria-label=\"Compartir en Whatsapp\" href='https:\/\/api.whatsapp.com\/send?text=https:\/\/radiorevelacionfm.cl\/?p=4376' aria-hidden='false' data-av_icon='\uf232' data-av_iconfont='entypo-fontello' title='' data-avia-related-tooltip='Compartir en Whatsapp' rel=\"noopener\"><span class='avia_hidden_link_text'>Compartir en Whatsapp<\/span><\/a><\/li><li class='av-share-link av-social-link-linkedin' ><a target=\"_blank\" aria-label=\"Compartir en LinkedIn\" href='https:\/\/linkedin.com\/shareArticle?mini=true&#038;title=Radicales%20destacan%20buen%20momento%20del%20Partido%20y%20resultados%20en%20las%20Elecciones&#038;url=https:\/\/radiorevelacionfm.cl\/?p=4376' aria-hidden='false' data-av_icon='\ue8fc' data-av_iconfont='entypo-fontello' title='' data-avia-related-tooltip='Compartir en LinkedIn' rel=\"noopener\"><span class='avia_hidden_link_text'>Compartir en LinkedIn<\/span><\/a><\/li><li class='av-share-link av-social-link-mail' ><a  aria-label=\"Compartir por correo\" href='mailto:?subject=Radicales%20destacan%20buen%20momento%20del%20Partido%20y%20resultados%20en%20las%20Elecciones&#038;body=https:\/\/radiorevelacionfm.cl\/?p=4376' aria-hidden='false' data-av_icon='\ue805' data-av_iconfont='entypo-fontello' title='' data-avia-related-tooltip='Compartir por correo'><span class='avia_hidden_link_text'>Compartir por correo<\/span><\/a><\/li><\/ul><\/div><\/div>\n<div  style='height:50px' class='hr hr-invisible   avia-builder-el-8  el_after_av_social_share  el_before_av_comments_list '><span class='hr-inner ' ><span class='hr-inner-style'><\/span><\/span><\/div>\n<div  class='av-buildercomment  av-blog-meta-html-info-disabled av-blog-meta-tag-disabled  '><\/div>\n","protected":false},"excerpt":{"rendered":"","protected":false},"author":1,"featured_media":0,"comment_status":"open","ping_status":"open","sticky":false,"template":"","format":"standard","meta":{"footnotes":""},"categories":[35],"tags":[],"class_list":["post-4376","post","type-post","status-publish","format-standard","hentry","category-politica"],"jetpack_featured_media_url":"","_links":{"self":[{"href":"https:\/\/radiorevelacionfm.cl\/index.php?rest_route=\/wp\/v2\/posts\/4376","targetHints":{"allow":["GET"]}}],"collection":[{"href":"https:\/\/radiorevelacionfm.cl\/index.php?rest_route=\/wp\/v2\/posts"}],"about":[{"href":"https:\/\/radiorevelacionfm.cl\/index.php?rest_route=\/wp\/v2\/types\/post"}],"author":[{"embeddable":true,"href":"https:\/\/radiorevelacionfm.cl\/index.php?rest_route=\/wp\/v2\/users\/1"}],"replies":[{"embeddable":true,"href":"https:\/\/radiorevelacionfm.cl\/index.php?rest_route=%2Fwp%2Fv2%2Fcomments&post=4376"}],"version-history":[{"count":3,"href":"https:\/\/radiorevelacionfm.cl\/index.php?rest_route=\/wp\/v2\/posts\/4376\/revisions"}],"predecessor-version":[{"id":4381,"href":"https:\/\/radiorevelacionfm.cl\/index.php?rest_route=\/wp\/v2\/posts\/4376\/revisions\/4381"}],"wp:attachment":[{"href":"https:\/\/radiorevelacionfm.cl\/index.php?rest_route=%2Fwp%2Fv2%2Fmedia&parent=4376"}],"wp:term":[{"taxonomy":"category","embeddable":true,"href":"https:\/\/radiorevelacionfm.cl\/index.php?rest_route=%2Fwp%2Fv2%2Fcategories&post=4376"},{"taxonomy":"post_tag","embeddable":true,"href":"https:\/\/radiorevelacionfm.cl\/index.php?rest_route=%2Fwp%2Fv2%2Ftags&post=4376"}],"curies":[{"name":"wp","href":"https:\/\/api.w.org\/{rel}","templated":true}]}}