{"id":43748,"date":"2024-07-02T23:03:53","date_gmt":"2024-07-03T02:03:53","guid":{"rendered":"https:\/\/radiorevelacionfm.cl\/?p=43748"},"modified":"2024-07-02T23:03:53","modified_gmt":"2024-07-03T02:03:53","slug":"lanzan-fondo-concursable-para-fomentar-la-pequena-mineria","status":"publish","type":"post","link":"https:\/\/radiorevelacionfm.cl\/?p=43748","title":{"rendered":"Lanzan Fondo Concursable para fomentar la peque\u00f1a Miner\u00eda"},"content":{"rendered":"<div class=\"flex_column av_one_full  flex_column_div av-zero-column-padding first  avia-builder-el-0  el_before_av_one_full  avia-builder-el-first  \" style='border-radius:0px; '><div  class='avia-image-container  av-styling-    avia-builder-el-1  avia-builder-el-no-sibling  avia-align-center '  itemprop=\"image\" itemscope=\"itemscope\" itemtype=\"https:\/\/schema.org\/ImageObject\"  ><div class='avia-image-container-inner'><div class='avia-image-overlay-wrap'><img decoding=\"async\" class='wp-image-43749 avia-img-lazy-loading-not-43749 avia_image' src=\"https:\/\/radiorevelacionfm.cl\/wp-content\/uploads\/2024\/07\/img_5870-2_optimized.jpg\" alt='' title='img_5870-2_optimized' height=\"600\" width=\"1067\"  itemprop=\"thumbnailUrl\" srcset=\"https:\/\/radiorevelacionfm.cl\/wp-content\/uploads\/2024\/07\/img_5870-2_optimized.jpg 1067w, https:\/\/radiorevelacionfm.cl\/wp-content\/uploads\/2024\/07\/img_5870-2_optimized-300x169.jpg 300w, https:\/\/radiorevelacionfm.cl\/wp-content\/uploads\/2024\/07\/img_5870-2_optimized-1030x579.jpg 1030w, https:\/\/radiorevelacionfm.cl\/wp-content\/uploads\/2024\/07\/img_5870-2_optimized-768x432.jpg 768w, https:\/\/radiorevelacionfm.cl\/wp-content\/uploads\/2024\/07\/img_5870-2_optimized-705x396.jpg 705w, https:\/\/radiorevelacionfm.cl\/wp-content\/uploads\/2024\/07\/img_5870-2_optimized-450x253.jpg 450w, https:\/\/radiorevelacionfm.cl\/wp-content\/uploads\/2024\/07\/img_5870-2_optimized-600x337.jpg 600w\" sizes=\"(max-width: 1067px) 100vw, 1067px\" \/><\/div><\/div><\/div><\/div><div class=\"flex_column av_one_full  flex_column_div av-zero-column-padding first  avia-builder-el-2  el_after_av_one_full  el_before_av_one_full  column-top-margin\" style='border-radius:0px; '><section class=\"av_textblock_section \"  itemscope=\"itemscope\" itemtype=\"https:\/\/schema.org\/BlogPosting\" itemprop=\"blogPost\" ><div class='avia_textblock  '   itemprop=\"text\" ><p style=\"text-align: center;\"><strong><span style=\"font-size: 18pt;\">Lanzan Fondo Concursable para fomentar la peque\u00f1a Miner\u00eda<\/span><\/strong><\/p>\n<div id=\"gtx-trans\" style=\"position: absolute; left: -50px; top: 4.31534px;\">\n<div class=\"gtx-trans-icon\"><\/div>\n<\/div>\n<\/div><\/section><\/div><div class=\"flex_column av_one_full  flex_column_div av-zero-column-padding first  avia-builder-el-4  el_after_av_one_full  el_before_av_hr  column-top-margin\" style='border-radius:0px; '><section class=\"av_textblock_section \"  itemscope=\"itemscope\" itemtype=\"https:\/\/schema.org\/BlogPosting\" itemprop=\"blogPost\" ><div class='avia_textblock  '   itemprop=\"text\" ><p style=\"text-align: justify;\"><em>El programa busca reducir las brechas para acceder a financiamiento, asistencia t\u00e9cnica y nuevas tecnolog\u00edas. Las personas interesadas pueden postular hasta el 10 de julio en www.sercotec.cl<\/em><\/p>\n<p style=\"text-align: justify;\">En la sede de la Junta de Vecinos Lago P\u00f3llux de la comuna de Coyhaique, y encabezado por el Seremi de Miner\u00eda, Juan V\u00e1squez Alarc\u00f3n, se realiz\u00f3 el lanzamiento del Programa Especial de Fortalecimiento de Cooperativas y Gremios de la Peque\u00f1a Miner\u00eda 2024, iniciativa que se enmarca en un convenio entre SERCOTEC y el Ministerio de Miner\u00eda.<\/p>\n<p style=\"text-align: justify;\">El mencionado fondo fue creado para fomentar la miner\u00eda de peque\u00f1a escala, tanto met\u00e1lica como no met\u00e1lica, es concursable y dirigido a cooperativas de faenas mineras, gremios constituidos y activos, adem\u00e1s de grupos que deseen conformarse como cooperativa de trabajo, de servicios o de consumo de peque\u00f1a miner\u00eda.<\/p>\n<p style=\"text-align: justify;\">En la ocasi\u00f3n, estuvieron presentes, Jos\u00e9 S\u00e1nchez Valenzuela, Presidente de la Asociaci\u00f3n Gremial de Lago P\u00f3llux, entidad beneficiaria del programa FNDR de Rocas Ornamentales; Rodrigo Espinoza Y\u00e1\u00f1ez, Presidente de la Junta de Vecinos Lago P\u00f3llux; los seremis de Miner\u00eda, Juan V\u00e1squez Alarc\u00f3n y de Econom\u00eda, Felipe Rojas Pizarro;\u00a0Carlos Gatica Villegas, Alcalde de la Municipalidad de Coyhaique; Nelly Vargas Mansilla, Directora Regional de Sercotec y Nicol\u00e1s L\u00f3pez Carrozzi, ge\u00f3logo y Coordinador Proyecto FNDR de Rocas Ornamentales que ejecuta la Seremi de Miner\u00eda Ays\u00e9n.<\/p>\n<p style=\"text-align: justify;\">Seg\u00fan lo informado por el Seremi de Miner\u00eda, Juan V\u00e1squez, este convenio entre el Ministerio de Miner\u00eda y Sercotec est\u00e1 dise\u00f1ado para fortalecer la peque\u00f1a miner\u00eda aumentando su competitividad mediante un enfoque integrado y bien articulado de pol\u00edtica p\u00fablica y este lanzamiento, con la presencia de los miembros de la AG del Lago P\u00f3llux, marca\u00a0 el inicio de este fondo concursable nacional que ofrece financiamiento para mejorar la gesti\u00f3n,\u00a0 producci\u00f3n y comercializaci\u00f3n en la peque\u00f1a miner\u00eda. \u00abBueno estamos ac\u00e1 en el sector del Lago P\u00f3llux donde tuvimos la oportunidad de hacer el lanzamiento regional de este programa de colaboraci\u00f3n entre el Ministerio de Miner\u00eda y Sercotec y que nos va a dar la posibilidad, como primer fruto, un fondo concursable para cooperativas y asociaciones gremiales de toda la regi\u00f3n de Ays\u00e9n, tenemos hasta el 10 de julio para postular y hoy d\u00eda estamos haciendo entrega de toda la informaci\u00f3n junto con los equipos municipales a nuestra Asociaci\u00f3n Gremial del Lago P\u00f3llux, la cual va a participar junto con las otras asociaciones gremiales de toda la regi\u00f3n. Esto significa estar presentes en el territorio, trabajo colaborativo\u00bb, manifest\u00f3.<\/p>\n<p style=\"text-align: justify;\">Cabe se\u00f1alar que el programa otorga subsidios de hasta $8.000.000 para la creaci\u00f3n y hasta $12.000.000 para el fortalecimiento de organizaciones productivas y de servicios orientadas al rubro de la peque\u00f1a miner\u00eda, destinados a financiar un plan de inversiones para mejorar las capacidades de gesti\u00f3n y la generaci\u00f3n de mejores beneficios, productos y servicios para sus socios y socias.<\/p>\n<p style=\"text-align: justify;\">En la oportunidad, Nelly Vargas Mansilla, Directora Regional de Sercotec, se\u00f1al\u00f3 que \u00abestamos hoy d\u00eda en el territorio para poder hacer este lanzamiento, como instituci\u00f3n estamos S\u00faper comprometidos a poder fortalecer la asociatividad y tambi\u00e9n la representatividad y eso es lo que busca hoy d\u00eda este programa, ya que es un fondo que entrega ocho millones para grupos precooperativos y doce millones para el fortalecimiento de asociaciones gremiales y cooperativas constituidas, as\u00ed que estamos s\u00faper dispuestos a poder colaborar, este es un hecho in\u00e9dito no se ha hecho anteriormente y lo que buscamos es tambi\u00e9n fortalecer el trabajo colaborativo desde las regiones\u00bb, puntualiz\u00f3.<\/p>\n<p style=\"text-align: justify;\">Por su parte, el Alcalde de Coyhaique, Carlos Gatica Villegas, valor\u00f3 la puesta en marcha de esta iniciativa y el trabajo realizado en conjunto con la Seremi de Miner\u00eda y la AG del Lago P\u00f3llux. \u00abBueno hoy d\u00eda en este trabajo conjunto que estamos realizando junto al Seremi de Miner\u00eda y a la Seremi Econom\u00eda, precisamente y con Sercotec, junto a la Asociaci\u00f3n Gremial del Lago P\u00f3llux, la idea es precisamente fortalecer a la Asociaci\u00f3n Gremial y es que podamos generar instancias donde se vean oportunidades de la creaci\u00f3n de m\u00e1s piedra laja, de poder posicionar nuestra identidad en torno a este recurso geol\u00f3gico y como Municipio ya habiendo hecho la primera compra p\u00fablica, establecimos un antes y un despu\u00e9s\u00bb, declar\u00f3.<\/p>\n<p style=\"text-align: justify;\">A su vez, Jos\u00e9 S\u00e1nchez Valenzuela, Presidente de la Asociaci\u00f3n Gremial de Lago P\u00f3llux, agradeci\u00f3 la instancia. \u00abPara nosotros como socios ha sido muy buena esta actividad, ha venido el Seremi y el Alcalde, ha sido bien positiva y provechosa la reuni\u00f3n, a pesar del mal tiempo que tenemos en este momento, pero nada es imposible, por lo menos me voy contento para informarle al resto de la gente, mis socios as\u00ed que feliz\u00bb, enfatiz\u00f3.<\/p>\n<p style=\"text-align: justify;\">Al programa podr\u00e1n postular organizaciones ya constituidas formalmente, adem\u00e1s de grupos que deseen conformarse como cooperativa de trabajo, de servicios o de consumo de peque\u00f1a miner\u00eda met\u00e1lica o no met\u00e1lica. Junto con el aporte econ\u00f3mico, las organizaciones beneficiarias acceder\u00e1n tambi\u00e9n a un acompa\u00f1amiento t\u00e9cnico en terreno durante cuatro meses para guiar la elaboraci\u00f3n participativa del plan de inversiones y su posterior ejecuci\u00f3n. Se puede postular hasta el 10 de julio a trav\u00e9s del sitio\u00a0<a href=\"http:\/\/www.sercotec.cl\/\">www.sercotec.cl<\/a><\/p>\n<\/div><\/section><\/div><div  style='height:50px' class='hr hr-invisible   avia-builder-el-6  el_after_av_one_full  el_before_av_social_share '><span class='hr-inner ' ><span class='hr-inner-style'><\/span><\/span><\/div><\/p>\n<div  class='av-social-sharing-box  avia-builder-el-7  el_after_av_hr  el_before_av_hr  '><div class='av-share-box'><h5 class='av-share-link-description av-no-toc '>Compartir esta noticia<\/h5><ul class='av-share-box-list noLightbox'><li class='av-share-link av-social-link-facebook' ><a target=\"_blank\" aria-label=\"Compartir en Facebook\" href='https:\/\/www.facebook.com\/sharer.php?u=https:\/\/radiorevelacionfm.cl\/?p=43748&#038;t=Lanzan%20Fondo%20Concursable%20para%20fomentar%20la%20peque%C3%B1a%20Miner%C3%ADa' aria-hidden='false' data-av_icon='\ue8f3' data-av_iconfont='entypo-fontello' title='' data-avia-related-tooltip='Compartir en Facebook' rel=\"noopener\"><span class='avia_hidden_link_text'>Compartir en Facebook<\/span><\/a><\/li><li class='av-share-link av-social-link-twitter' ><a target=\"_blank\" aria-label=\"Compartir en Twitter\" href='https:\/\/twitter.com\/share?text=Lanzan%20Fondo%20Concursable%20para%20fomentar%20la%20peque%C3%B1a%20Miner%C3%ADa&#038;url=https:\/\/radiorevelacionfm.cl\/?p=43748' aria-hidden='false' data-av_icon='\ue8f1' data-av_iconfont='entypo-fontello' title='' data-avia-related-tooltip='Compartir en Twitter' rel=\"noopener\"><span class='avia_hidden_link_text'>Compartir en Twitter<\/span><\/a><\/li><li class='av-share-link av-social-link-whatsapp' ><a target=\"_blank\" aria-label=\"Compartir en Whatsapp\" href='https:\/\/api.whatsapp.com\/send?text=https:\/\/radiorevelacionfm.cl\/?p=43748' aria-hidden='false' data-av_icon='\uf232' data-av_iconfont='entypo-fontello' title='' data-avia-related-tooltip='Compartir en Whatsapp' rel=\"noopener\"><span class='avia_hidden_link_text'>Compartir en Whatsapp<\/span><\/a><\/li><li class='av-share-link av-social-link-linkedin' ><a target=\"_blank\" aria-label=\"Compartir en LinkedIn\" href='https:\/\/linkedin.com\/shareArticle?mini=true&#038;title=Lanzan%20Fondo%20Concursable%20para%20fomentar%20la%20peque%C3%B1a%20Miner%C3%ADa&#038;url=https:\/\/radiorevelacionfm.cl\/?p=43748' aria-hidden='false' data-av_icon='\ue8fc' data-av_iconfont='entypo-fontello' title='' data-avia-related-tooltip='Compartir en LinkedIn' rel=\"noopener\"><span class='avia_hidden_link_text'>Compartir en LinkedIn<\/span><\/a><\/li><li class='av-share-link av-social-link-mail' ><a  aria-label=\"Compartir por correo\" href='mailto:?subject=Lanzan%20Fondo%20Concursable%20para%20fomentar%20la%20peque%C3%B1a%20Miner%C3%ADa&#038;body=https:\/\/radiorevelacionfm.cl\/?p=43748' aria-hidden='false' data-av_icon='\ue805' data-av_iconfont='entypo-fontello' title='' data-avia-related-tooltip='Compartir por correo'><span class='avia_hidden_link_text'>Compartir por correo<\/span><\/a><\/li><\/ul><\/div><\/div>\n<div  style='height:50px' class='hr hr-invisible   avia-builder-el-8  el_after_av_social_share  el_before_av_comments_list '><span class='hr-inner ' ><span class='hr-inner-style'><\/span><\/span><\/div>\n<div  class='av-buildercomment  av-blog-meta-html-info-disabled av-blog-meta-tag-disabled  '><\/div>\n","protected":false},"excerpt":{"rendered":"","protected":false},"author":1,"featured_media":43749,"comment_status":"open","ping_status":"open","sticky":false,"template":"","format":"standard","meta":{"footnotes":""},"categories":[38],"tags":[],"class_list":["post-43748","post","type-post","status-publish","format-standard","has-post-thumbnail","hentry","category-regional"],"jetpack_featured_media_url":"https:\/\/radiorevelacionfm.cl\/wp-content\/uploads\/2024\/07\/img_5870-2_optimized.jpg","_links":{"self":[{"href":"https:\/\/radiorevelacionfm.cl\/index.php?rest_route=\/wp\/v2\/posts\/43748","targetHints":{"allow":["GET"]}}],"collection":[{"href":"https:\/\/radiorevelacionfm.cl\/index.php?rest_route=\/wp\/v2\/posts"}],"about":[{"href":"https:\/\/radiorevelacionfm.cl\/index.php?rest_route=\/wp\/v2\/types\/post"}],"author":[{"embeddable":true,"href":"https:\/\/radiorevelacionfm.cl\/index.php?rest_route=\/wp\/v2\/users\/1"}],"replies":[{"embeddable":true,"href":"https:\/\/radiorevelacionfm.cl\/index.php?rest_route=%2Fwp%2Fv2%2Fcomments&post=43748"}],"version-history":[{"count":1,"href":"https:\/\/radiorevelacionfm.cl\/index.php?rest_route=\/wp\/v2\/posts\/43748\/revisions"}],"predecessor-version":[{"id":43750,"href":"https:\/\/radiorevelacionfm.cl\/index.php?rest_route=\/wp\/v2\/posts\/43748\/revisions\/43750"}],"wp:featuredmedia":[{"embeddable":true,"href":"https:\/\/radiorevelacionfm.cl\/index.php?rest_route=\/wp\/v2\/media\/43749"}],"wp:attachment":[{"href":"https:\/\/radiorevelacionfm.cl\/index.php?rest_route=%2Fwp%2Fv2%2Fmedia&parent=43748"}],"wp:term":[{"taxonomy":"category","embeddable":true,"href":"https:\/\/radiorevelacionfm.cl\/index.php?rest_route=%2Fwp%2Fv2%2Fcategories&post=43748"},{"taxonomy":"post_tag","embeddable":true,"href":"https:\/\/radiorevelacionfm.cl\/index.php?rest_route=%2Fwp%2Fv2%2Ftags&post=43748"}],"curies":[{"name":"wp","href":"https:\/\/api.w.org\/{rel}","templated":true}]}}