{"id":43739,"date":"2024-07-02T21:58:31","date_gmt":"2024-07-03T00:58:31","guid":{"rendered":"https:\/\/radiorevelacionfm.cl\/?p=43739"},"modified":"2024-07-02T21:58:31","modified_gmt":"2024-07-03T00:58:31","slug":"atencion-primaria-universal-cinco-dispositivos-de-la-comuna-de-aysen-son-parte-de-esta-iniciativa-pionera","status":"publish","type":"post","link":"https:\/\/radiorevelacionfm.cl\/?p=43739","title":{"rendered":"Atenci\u00f3n Primaria Universal: Cinco dispositivos de la comuna de Ays\u00e9n son parte de esta iniciativa pionera"},"content":{"rendered":"<div class=\"flex_column av_one_full  flex_column_div av-zero-column-padding first  avia-builder-el-0  el_before_av_one_full  avia-builder-el-first  \" style='border-radius:0px; '><div  class='avia-image-container  av-styling-    avia-builder-el-1  avia-builder-el-no-sibling  avia-align-center '  itemprop=\"image\" itemscope=\"itemscope\" itemtype=\"https:\/\/schema.org\/ImageObject\"  ><div class='avia-image-container-inner'><div class='avia-image-overlay-wrap'><img decoding=\"async\" class='wp-image-43740 avia-img-lazy-loading-not-43740 avia_image' src=\"https:\/\/radiorevelacionfm.cl\/wp-content\/uploads\/2024\/07\/ATENCION-USUARIOS-2.jpg\" alt='' title='ATENCI\u00d3N USUARIOS-2' height=\"598\" width=\"967\"  itemprop=\"thumbnailUrl\" srcset=\"https:\/\/radiorevelacionfm.cl\/wp-content\/uploads\/2024\/07\/ATENCION-USUARIOS-2.jpg 967w, https:\/\/radiorevelacionfm.cl\/wp-content\/uploads\/2024\/07\/ATENCION-USUARIOS-2-300x186.jpg 300w, https:\/\/radiorevelacionfm.cl\/wp-content\/uploads\/2024\/07\/ATENCION-USUARIOS-2-768x475.jpg 768w, https:\/\/radiorevelacionfm.cl\/wp-content\/uploads\/2024\/07\/ATENCION-USUARIOS-2-705x436.jpg 705w, https:\/\/radiorevelacionfm.cl\/wp-content\/uploads\/2024\/07\/ATENCION-USUARIOS-2-450x278.jpg 450w, https:\/\/radiorevelacionfm.cl\/wp-content\/uploads\/2024\/07\/ATENCION-USUARIOS-2-600x371.jpg 600w\" sizes=\"(max-width: 967px) 100vw, 967px\" \/><\/div><\/div><\/div><\/div><div class=\"flex_column av_one_full  flex_column_div av-zero-column-padding first  avia-builder-el-2  el_after_av_one_full  el_before_av_one_full  column-top-margin\" style='border-radius:0px; '><section class=\"av_textblock_section \"  itemscope=\"itemscope\" itemtype=\"https:\/\/schema.org\/BlogPosting\" itemprop=\"blogPost\" ><div class='avia_textblock  '   itemprop=\"text\" ><p style=\"text-align: center;\"><span style=\"font-size: 18pt;\"><strong>Atenci\u00f3n Primaria Universal: Cinco dispositivos de la comuna de Ays\u00e9n son parte de esta iniciativa pionera<\/strong><\/span><\/p>\n<div id=\"gtx-trans\" style=\"position: absolute; left: -50px; top: 4.31534px;\">\n<div class=\"gtx-trans-icon\"><\/div>\n<\/div>\n<\/div><\/section><\/div><div class=\"flex_column av_one_full  flex_column_div av-zero-column-padding first  avia-builder-el-4  el_after_av_one_full  el_before_av_hr  column-top-margin\" style='border-radius:0px; '><section class=\"av_textblock_section \"  itemscope=\"itemscope\" itemtype=\"https:\/\/schema.org\/BlogPosting\" itemprop=\"blogPost\" ><div class='avia_textblock  '   itemprop=\"text\" ><p style=\"text-align: justify;\"><strong><em>La \u201cUniversalizaci\u00f3n de la APS\u201d se enmarca dentro de la Reforma de Salud, lo que implica que no s\u00f3lo las personas inscritas en Fonasa puedan ser atendidas gratuitamente en la Atenci\u00f3n Primaria, extendiendo este beneficio a los<\/em><\/strong><em> <strong>afiliados a Isapre y miembros de Fuerzas Armadas, de Orden y Seguridad.<\/strong><\/em><\/p>\n<p style=\"text-align: justify;\">La Atenci\u00f3n Primaria en Salud (APS) es la puerta de entrada al sistema p\u00fablico de salud en nuestro pa\u00eds, brindando atenci\u00f3n ambulatoria en distintos dispositivos de salud a lo largo del territorio: Consultorios, CESFAM, CECOSF, COSAM y Postas de Salud Rural.<\/p>\n<p style=\"text-align: justify;\">A su vez, la red de atenci\u00f3n primaria est\u00e1 compuesta por un equipo de profesionales multidisciplinario, incluyendo m\u00e9dicos, enfermeras, matronas, fonoaudi\u00f3logos, nutricionistas y dentistas, entre otros profesionales de la salud cuya labor es entregar una atenci\u00f3n integral a la poblaci\u00f3n, teniendo como eje principal la prevenci\u00f3n de enfermedades, promoci\u00f3n de estilos de vida saludable, rehabilitaci\u00f3n y cuidados paliativos, entre otros.<\/p>\n<p style=\"text-align: justify;\">Es en este contexto que en el marco de la Reforma de Salud impulsada por el Presidente Gabriel Boric, el fortalecimiento de la APS es fundamental, por lo que desde el a\u00f1o 2023 se est\u00e1 avanzando en el proceso de \u201cUniversalizaci\u00f3n de la APS\u201d, esto con el fin de que no s\u00f3lo las personas inscritas en Fonasa puedan ser atendidas gratuitamente en los dispositivos de salud de Atenci\u00f3n Primaria, sino que este beneficio sea para toda la poblaci\u00f3n, incluyendo a<strong> las personas afiliadas a Isapres o funcionarios de Fuerzas Armadas, Carabineros, PDI y Gendarmer\u00eda<\/strong><strong>.<\/strong><\/p>\n<p style=\"text-align: justify;\">Con el fin de hacer un cambio paulatino e ir evaluando paso a paso esta pol\u00edtica p\u00fablica, desde el a\u00f1o 2023 se han establecido en diversas regiones del pa\u00eds las denominadas \u201ccomunas pioneras\u201d, las que son determinadas desde nivel central para trabajar este plan piloto de universalizaci\u00f3n. En el caso de nuestra regi\u00f3n, la primera comuna en ser parte de esta iniciativa es Ays\u00e9n, es decir, las localidades de Puerto Ays\u00e9n, Puerto Chacabuco, Ma\u00f1ihuales e Islas Huichas.<\/p>\n<p style=\"text-align: justify;\">\u201cLa agenda de transformaciones en salud de nuestro Gobierno propone universalizar el acceso y cobertura a la atenci\u00f3n primaria de salud, para que toda persona que habita, trabaja o estudia en el territorio pueda recibir los cuidados necesarios para poder alcanzar el mejor bienestar posible\u201d, sostuvo la seremi de Salud Ays\u00e9n, Carmen Monsalve G\u00f3mez.<\/p>\n<p style=\"text-align: justify;\">En ese sentido, la autoridad sanitaria hizo hincapi\u00e9 en que al aumentar la cobertura de atenci\u00f3n primaria permite obtener mejores resultados sanitarios, con efectos positivos en la calidad de vida de las personas, disminuci\u00f3n de la carga de enfermedad y de mortalidad general, reducci\u00f3n de hospitalizaciones por patolog\u00edas evitables y reducci\u00f3n de las inequidades en salud, con menor costo financiero para las familias.<\/p>\n<p style=\"text-align: justify;\">\u201cSe implementar\u00e1n una serie de acciones de manera progresiva, como por ejemplo inscripci\u00f3n universal en centros de atenci\u00f3n primaria, extensi\u00f3n horaria y optimizaci\u00f3n permanente de los procesos administrativos que tienen ue ver con la salud de las personas. Tambi\u00e9n esperamos avanzar en acciones extra muros, es decir, fuera de los Cesfam y Cecosf, que permitan acercar la salud a las comunidades\u201d, precis\u00f3 la autoridad sanitaria.<\/p>\n<p style=\"text-align: justify;\"><strong>DI\u00c1LOGOS CIUDADANOS<\/strong><\/p>\n<p style=\"text-align: justify;\">Justamente con el fin de informar a la poblaci\u00f3n sobre el proceso de universalizaci\u00f3n y las virtudes de \u00e9ste para quienes estudian, trabajan y\/o viven en la comuna de Ays\u00e9n, es que este jueves 04 de julio se realizar\u00e1 el primer Di\u00e1logo Ciudadano sobre la Universalizaci\u00f3n de la Atenci\u00f3n Primaria, el que se realizar\u00e1 a partir de las 16.30 horas en el Centro Cultural de Puerto Ays\u00e9n, en calle Sargento Aldea #695, primer piso.<\/p>\n<p style=\"text-align: justify;\">\u201cEstamos trabajando fuertemente en la implementaci\u00f3n de la universalizaci\u00f3n en la salud, y queremos invitarlos a todos y todas a este di\u00e1logo participativo, para levantar las ideas y problem\u00e1ticas que hay en la comuna, instancia abierta para todos los vecinos y vecinas de la comuna de Ays\u00e9n\u201d, se\u00f1al\u00f3 el director del Servicio de Salud Ays\u00e9n, Juan Pablo Bravo.<\/p>\n<\/div><\/section><\/div><div  style='height:50px' class='hr hr-invisible   avia-builder-el-6  el_after_av_one_full  el_before_av_social_share '><span class='hr-inner ' ><span class='hr-inner-style'><\/span><\/span><\/div><\/p>\n<div  class='av-social-sharing-box  avia-builder-el-7  el_after_av_hr  el_before_av_hr  '><div class='av-share-box'><h5 class='av-share-link-description av-no-toc '>Compartir esta noticia<\/h5><ul class='av-share-box-list noLightbox'><li class='av-share-link av-social-link-facebook' ><a target=\"_blank\" aria-label=\"Compartir en Facebook\" href='https:\/\/www.facebook.com\/sharer.php?u=https:\/\/radiorevelacionfm.cl\/?p=43739&#038;t=Atenci%C3%B3n%20Primaria%20Universal%3A%20Cinco%20dispositivos%20de%20la%20comuna%20de%20Ays%C3%A9n%20son%20parte%20de%20esta%20iniciativa%20pionera' aria-hidden='false' data-av_icon='\ue8f3' data-av_iconfont='entypo-fontello' title='' data-avia-related-tooltip='Compartir en Facebook' rel=\"noopener\"><span class='avia_hidden_link_text'>Compartir en Facebook<\/span><\/a><\/li><li class='av-share-link av-social-link-twitter' ><a target=\"_blank\" aria-label=\"Compartir en Twitter\" href='https:\/\/twitter.com\/share?text=Atenci%C3%B3n%20Primaria%20Universal%3A%20Cinco%20dispositivos%20de%20la%20comuna%20de%20Ays%C3%A9n%20son%20parte%20de%20esta%20iniciativa%20pionera&#038;url=https:\/\/radiorevelacionfm.cl\/?p=43739' aria-hidden='false' data-av_icon='\ue8f1' data-av_iconfont='entypo-fontello' title='' data-avia-related-tooltip='Compartir en Twitter' rel=\"noopener\"><span class='avia_hidden_link_text'>Compartir en Twitter<\/span><\/a><\/li><li class='av-share-link av-social-link-whatsapp' ><a target=\"_blank\" aria-label=\"Compartir en Whatsapp\" href='https:\/\/api.whatsapp.com\/send?text=https:\/\/radiorevelacionfm.cl\/?p=43739' aria-hidden='false' data-av_icon='\uf232' data-av_iconfont='entypo-fontello' title='' data-avia-related-tooltip='Compartir en Whatsapp' rel=\"noopener\"><span class='avia_hidden_link_text'>Compartir en Whatsapp<\/span><\/a><\/li><li class='av-share-link av-social-link-linkedin' ><a target=\"_blank\" aria-label=\"Compartir en LinkedIn\" href='https:\/\/linkedin.com\/shareArticle?mini=true&#038;title=Atenci%C3%B3n%20Primaria%20Universal%3A%20Cinco%20dispositivos%20de%20la%20comuna%20de%20Ays%C3%A9n%20son%20parte%20de%20esta%20iniciativa%20pionera&#038;url=https:\/\/radiorevelacionfm.cl\/?p=43739' aria-hidden='false' data-av_icon='\ue8fc' data-av_iconfont='entypo-fontello' title='' data-avia-related-tooltip='Compartir en LinkedIn' rel=\"noopener\"><span class='avia_hidden_link_text'>Compartir en LinkedIn<\/span><\/a><\/li><li class='av-share-link av-social-link-mail' ><a  aria-label=\"Compartir por correo\" href='mailto:?subject=Atenci%C3%B3n%20Primaria%20Universal%3A%20Cinco%20dispositivos%20de%20la%20comuna%20de%20Ays%C3%A9n%20son%20parte%20de%20esta%20iniciativa%20pionera&#038;body=https:\/\/radiorevelacionfm.cl\/?p=43739' aria-hidden='false' data-av_icon='\ue805' data-av_iconfont='entypo-fontello' title='' data-avia-related-tooltip='Compartir por correo'><span class='avia_hidden_link_text'>Compartir por correo<\/span><\/a><\/li><\/ul><\/div><\/div>\n<div  style='height:50px' class='hr hr-invisible   avia-builder-el-8  el_after_av_social_share  el_before_av_comments_list '><span class='hr-inner ' ><span class='hr-inner-style'><\/span><\/span><\/div>\n<div  class='av-buildercomment  av-blog-meta-html-info-disabled av-blog-meta-tag-disabled  '><\/div>\n","protected":false},"excerpt":{"rendered":"","protected":false},"author":1,"featured_media":43740,"comment_status":"open","ping_status":"open","sticky":false,"template":"","format":"standard","meta":{"footnotes":""},"categories":[46],"tags":[],"class_list":["post-43739","post","type-post","status-publish","format-standard","has-post-thumbnail","hentry","category-salud"],"jetpack_featured_media_url":"https:\/\/radiorevelacionfm.cl\/wp-content\/uploads\/2024\/07\/ATENCION-USUARIOS-2.jpg","_links":{"self":[{"href":"https:\/\/radiorevelacionfm.cl\/index.php?rest_route=\/wp\/v2\/posts\/43739","targetHints":{"allow":["GET"]}}],"collection":[{"href":"https:\/\/radiorevelacionfm.cl\/index.php?rest_route=\/wp\/v2\/posts"}],"about":[{"href":"https:\/\/radiorevelacionfm.cl\/index.php?rest_route=\/wp\/v2\/types\/post"}],"author":[{"embeddable":true,"href":"https:\/\/radiorevelacionfm.cl\/index.php?rest_route=\/wp\/v2\/users\/1"}],"replies":[{"embeddable":true,"href":"https:\/\/radiorevelacionfm.cl\/index.php?rest_route=%2Fwp%2Fv2%2Fcomments&post=43739"}],"version-history":[{"count":1,"href":"https:\/\/radiorevelacionfm.cl\/index.php?rest_route=\/wp\/v2\/posts\/43739\/revisions"}],"predecessor-version":[{"id":43741,"href":"https:\/\/radiorevelacionfm.cl\/index.php?rest_route=\/wp\/v2\/posts\/43739\/revisions\/43741"}],"wp:featuredmedia":[{"embeddable":true,"href":"https:\/\/radiorevelacionfm.cl\/index.php?rest_route=\/wp\/v2\/media\/43740"}],"wp:attachment":[{"href":"https:\/\/radiorevelacionfm.cl\/index.php?rest_route=%2Fwp%2Fv2%2Fmedia&parent=43739"}],"wp:term":[{"taxonomy":"category","embeddable":true,"href":"https:\/\/radiorevelacionfm.cl\/index.php?rest_route=%2Fwp%2Fv2%2Fcategories&post=43739"},{"taxonomy":"post_tag","embeddable":true,"href":"https:\/\/radiorevelacionfm.cl\/index.php?rest_route=%2Fwp%2Fv2%2Ftags&post=43739"}],"curies":[{"name":"wp","href":"https:\/\/api.w.org\/{rel}","templated":true}]}}