{"id":43736,"date":"2024-07-03T17:16:02","date_gmt":"2024-07-03T20:16:02","guid":{"rendered":"https:\/\/radiorevelacionfm.cl\/?p=43736"},"modified":"2024-07-03T17:16:02","modified_gmt":"2024-07-03T20:16:02","slug":"junji-abre-convocatoria-2024%c2%ac-2026-al-consejo-de-la-sociedad-civil","status":"publish","type":"post","link":"https:\/\/radiorevelacionfm.cl\/?p=43736","title":{"rendered":"JUNJI abre convocatoria 2024\u00ac-2026 al Consejo de la Sociedad Civil"},"content":{"rendered":"<div class=\"flex_column av_one_full  flex_column_div av-zero-column-padding first  avia-builder-el-0  el_before_av_one_full  avia-builder-el-first  \" style='border-radius:0px; '><div  class='avia-image-container  av-styling-    avia-builder-el-1  avia-builder-el-no-sibling  avia-align-center '  itemprop=\"image\" itemscope=\"itemscope\" itemtype=\"https:\/\/schema.org\/ImageObject\"  ><div class='avia-image-container-inner'><div class='avia-image-overlay-wrap'><img decoding=\"async\" class='wp-image-43737 avia-img-lazy-loading-not-43737 avia_image' src=\"https:\/\/radiorevelacionfm.cl\/wp-content\/uploads\/2024\/07\/BANNER-OK-FINAL-1.jpg\" alt='' title='BANNER-OK-FINAL (1)' height=\"600\" width=\"1068\"  itemprop=\"thumbnailUrl\" srcset=\"https:\/\/radiorevelacionfm.cl\/wp-content\/uploads\/2024\/07\/BANNER-OK-FINAL-1.jpg 1068w, https:\/\/radiorevelacionfm.cl\/wp-content\/uploads\/2024\/07\/BANNER-OK-FINAL-1-300x169.jpg 300w, https:\/\/radiorevelacionfm.cl\/wp-content\/uploads\/2024\/07\/BANNER-OK-FINAL-1-1030x579.jpg 1030w, https:\/\/radiorevelacionfm.cl\/wp-content\/uploads\/2024\/07\/BANNER-OK-FINAL-1-768x431.jpg 768w, https:\/\/radiorevelacionfm.cl\/wp-content\/uploads\/2024\/07\/BANNER-OK-FINAL-1-705x396.jpg 705w, https:\/\/radiorevelacionfm.cl\/wp-content\/uploads\/2024\/07\/BANNER-OK-FINAL-1-450x253.jpg 450w, https:\/\/radiorevelacionfm.cl\/wp-content\/uploads\/2024\/07\/BANNER-OK-FINAL-1-600x337.jpg 600w\" sizes=\"(max-width: 1068px) 100vw, 1068px\" \/><\/div><\/div><\/div><\/div><div class=\"flex_column av_one_full  flex_column_div av-zero-column-padding first  avia-builder-el-2  el_after_av_one_full  el_before_av_one_full  column-top-margin\" style='border-radius:0px; '><section class=\"av_textblock_section \"  itemscope=\"itemscope\" itemtype=\"https:\/\/schema.org\/BlogPosting\" itemprop=\"blogPost\" ><div class='avia_textblock  '   itemprop=\"text\" ><p style=\"text-align: center;\"><span style=\"font-size: 18pt;\"><strong>JUNJI abre convocatoria 2024\u00ad-2026 al Consejo de la Sociedad Civil<\/strong><\/span><\/p>\n<div id=\"gtx-trans\" style=\"position: absolute; left: -50px; top: 4.31534px;\">\n<div class=\"gtx-trans-icon\"><\/div>\n<\/div>\n<\/div><\/section><\/div><div class=\"flex_column av_one_full  flex_column_div av-zero-column-padding first  avia-builder-el-4  el_after_av_one_full  el_before_av_hr  column-top-margin\" style='border-radius:0px; '><section class=\"av_textblock_section \"  itemscope=\"itemscope\" itemtype=\"https:\/\/schema.org\/BlogPosting\" itemprop=\"blogPost\" ><div class='avia_textblock  '   itemprop=\"text\" ><p style=\"text-align: justify;\">Porque es fundamental la participacion ciudadana y democr\u00e1tica, la Junta Nacional de Jardines Infantiles (JUNJI) est\u00e1 realizando un nuevo llamado abierto a todas organizaciones de la sociedad civil e instituciones relacionadas con Educaci\u00f3n Parvularia y primera infancia para invitarlas a postular al Consejo de la Sociedad Civil (COSOC), cuyo objetivo es profundizar y fortalecer la relaci\u00f3n entre la sociedad civil y la JUNJI.<\/p>\n<p style=\"text-align: justify;\">El COSOC es un mecanismo consultivo y aut\u00f3nomo creado por la Ley N\u00b020.500. La JUNJI promueve que este organismo sea diverso, representativo, pluralista y que est\u00e9 conformado por 18 consejeras y consejeros representantes de distintas regiones del pa\u00eds.<\/p>\n<p style=\"text-align: justify;\">\u00a0\u201cPara la JUNJI es fundamental promover espacios de vinculaci\u00f3n y alianzas estrat\u00e9gicas con actores vinculados a Educaci\u00f3n Parvularia. Para ello, consideramos necesaria y valiosa la contribuci\u00f3n que realice el COSOC, en tanto \u00e9ste permite analizar informaci\u00f3n contingente y abordar temas desde la experiencia y conocimiento de cada consejero y consejera\u201d,\u00a0destac\u00f3 la vicepresidenta ejecutiva de la JUNJI, Daniela Trivi\u00f1o.<\/p>\n<p style=\"text-align: justify;\">En la regi\u00f3n de Ays\u00e9n el director regional Juan Eduardo Lorca Valdivia, manifest\u00f3 la importancia que tiene este proceso, no s\u00f3lo para la instituci\u00f3n sino para el dialogo territorial entorno a la infancia: \u201cEstar conectados con la sociedad civil, conocer sus planteamientos y puntos de vista, junto a las diferentes miradas entorno a la infancia, nos permite enriquecer el establecimiento de v\u00ednculos y trabajar mancomunadamente con otras y otros, lo que es una tarea, sin duda, primordial para Junji. Es por ello por lo que estamos realizando esta convocatoria e invitando a organizaciones de la sociedad civil que tengan personalidad jur\u00eddica a hacerse parte de este importante proceso. La idea es aunar las voces y construir juntos desde la ni\u00f1ez el presente de Chile\u201d, se\u00f1al\u00f3<\/p>\n<p style=\"text-align: justify;\">La pesentaci\u00f3n de candidaturas podr\u00e1 realizarse hasta las 12:00 horas del 20 de agosto de 2024. Los antecedentes deben ser remitidos por correo electr\u00f3nico a <a href=\"mailto:participacionciudadana@junji.cl\"><strong>participacionciudadana@junji.cl<\/strong><\/a>. Dudas, consultas y mayor informaci\u00f3n del proceso podr\u00e1n ser consultadas en www.junji.cl.<\/p>\n<p style=\"text-align: justify;\">Podr\u00e1n votar todas las personas mayores de 18 a\u00f1os, sean o no parte de Junta Nacional de Jardines Infantiles. El voto podr\u00e1 ser emitido de manera presencial en todas las direcciones regionales\u00a0y coordinaciones provinciales JUNJI desde el 28 al 29 de agosto de 2024.<\/p>\n<\/div><\/section><\/div><div  style='height:50px' class='hr hr-invisible   avia-builder-el-6  el_after_av_one_full  el_before_av_social_share '><span class='hr-inner ' ><span class='hr-inner-style'><\/span><\/span><\/div><\/p>\n<div  class='av-social-sharing-box  avia-builder-el-7  el_after_av_hr  el_before_av_hr  '><div class='av-share-box'><h5 class='av-share-link-description av-no-toc '>Compartir esta noticia<\/h5><ul class='av-share-box-list noLightbox'><li class='av-share-link av-social-link-facebook' ><a target=\"_blank\" aria-label=\"Compartir en Facebook\" href='https:\/\/www.facebook.com\/sharer.php?u=https:\/\/radiorevelacionfm.cl\/?p=43736&#038;t=JUNJI%20abre%20convocatoria%202024%C2%AC-2026%20al%20Consejo%20de%20la%20Sociedad%20Civil' aria-hidden='false' data-av_icon='\ue8f3' data-av_iconfont='entypo-fontello' title='' data-avia-related-tooltip='Compartir en Facebook' rel=\"noopener\"><span class='avia_hidden_link_text'>Compartir en Facebook<\/span><\/a><\/li><li class='av-share-link av-social-link-twitter' ><a target=\"_blank\" aria-label=\"Compartir en Twitter\" href='https:\/\/twitter.com\/share?text=JUNJI%20abre%20convocatoria%202024%C2%AC-2026%20al%20Consejo%20de%20la%20Sociedad%20Civil&#038;url=https:\/\/radiorevelacionfm.cl\/?p=43736' aria-hidden='false' data-av_icon='\ue8f1' data-av_iconfont='entypo-fontello' title='' data-avia-related-tooltip='Compartir en Twitter' rel=\"noopener\"><span class='avia_hidden_link_text'>Compartir en Twitter<\/span><\/a><\/li><li class='av-share-link av-social-link-whatsapp' ><a target=\"_blank\" aria-label=\"Compartir en Whatsapp\" href='https:\/\/api.whatsapp.com\/send?text=https:\/\/radiorevelacionfm.cl\/?p=43736' aria-hidden='false' data-av_icon='\uf232' data-av_iconfont='entypo-fontello' title='' data-avia-related-tooltip='Compartir en Whatsapp' rel=\"noopener\"><span class='avia_hidden_link_text'>Compartir en Whatsapp<\/span><\/a><\/li><li class='av-share-link av-social-link-linkedin' ><a target=\"_blank\" aria-label=\"Compartir en LinkedIn\" href='https:\/\/linkedin.com\/shareArticle?mini=true&#038;title=JUNJI%20abre%20convocatoria%202024%C2%AC-2026%20al%20Consejo%20de%20la%20Sociedad%20Civil&#038;url=https:\/\/radiorevelacionfm.cl\/?p=43736' aria-hidden='false' data-av_icon='\ue8fc' data-av_iconfont='entypo-fontello' title='' data-avia-related-tooltip='Compartir en LinkedIn' rel=\"noopener\"><span class='avia_hidden_link_text'>Compartir en LinkedIn<\/span><\/a><\/li><li class='av-share-link av-social-link-mail' ><a  aria-label=\"Compartir por correo\" href='mailto:?subject=JUNJI%20abre%20convocatoria%202024%C2%AC-2026%20al%20Consejo%20de%20la%20Sociedad%20Civil&#038;body=https:\/\/radiorevelacionfm.cl\/?p=43736' aria-hidden='false' data-av_icon='\ue805' data-av_iconfont='entypo-fontello' title='' data-avia-related-tooltip='Compartir por correo'><span class='avia_hidden_link_text'>Compartir por correo<\/span><\/a><\/li><\/ul><\/div><\/div>\n<div  style='height:50px' class='hr hr-invisible   avia-builder-el-8  el_after_av_social_share  el_before_av_comments_list '><span class='hr-inner ' ><span class='hr-inner-style'><\/span><\/span><\/div>\n<div  class='av-buildercomment  av-blog-meta-html-info-disabled av-blog-meta-tag-disabled  '><\/div>\n","protected":false},"excerpt":{"rendered":"","protected":false},"author":1,"featured_media":43737,"comment_status":"open","ping_status":"open","sticky":false,"template":"","format":"standard","meta":{"footnotes":""},"categories":[38],"tags":[],"class_list":["post-43736","post","type-post","status-publish","format-standard","has-post-thumbnail","hentry","category-regional"],"jetpack_featured_media_url":"https:\/\/radiorevelacionfm.cl\/wp-content\/uploads\/2024\/07\/BANNER-OK-FINAL-1.jpg","_links":{"self":[{"href":"https:\/\/radiorevelacionfm.cl\/index.php?rest_route=\/wp\/v2\/posts\/43736","targetHints":{"allow":["GET"]}}],"collection":[{"href":"https:\/\/radiorevelacionfm.cl\/index.php?rest_route=\/wp\/v2\/posts"}],"about":[{"href":"https:\/\/radiorevelacionfm.cl\/index.php?rest_route=\/wp\/v2\/types\/post"}],"author":[{"embeddable":true,"href":"https:\/\/radiorevelacionfm.cl\/index.php?rest_route=\/wp\/v2\/users\/1"}],"replies":[{"embeddable":true,"href":"https:\/\/radiorevelacionfm.cl\/index.php?rest_route=%2Fwp%2Fv2%2Fcomments&post=43736"}],"version-history":[{"count":2,"href":"https:\/\/radiorevelacionfm.cl\/index.php?rest_route=\/wp\/v2\/posts\/43736\/revisions"}],"predecessor-version":[{"id":43788,"href":"https:\/\/radiorevelacionfm.cl\/index.php?rest_route=\/wp\/v2\/posts\/43736\/revisions\/43788"}],"wp:featuredmedia":[{"embeddable":true,"href":"https:\/\/radiorevelacionfm.cl\/index.php?rest_route=\/wp\/v2\/media\/43737"}],"wp:attachment":[{"href":"https:\/\/radiorevelacionfm.cl\/index.php?rest_route=%2Fwp%2Fv2%2Fmedia&parent=43736"}],"wp:term":[{"taxonomy":"category","embeddable":true,"href":"https:\/\/radiorevelacionfm.cl\/index.php?rest_route=%2Fwp%2Fv2%2Fcategories&post=43736"},{"taxonomy":"post_tag","embeddable":true,"href":"https:\/\/radiorevelacionfm.cl\/index.php?rest_route=%2Fwp%2Fv2%2Ftags&post=43736"}],"curies":[{"name":"wp","href":"https:\/\/api.w.org\/{rel}","templated":true}]}}