{"id":43733,"date":"2024-07-02T20:19:51","date_gmt":"2024-07-02T23:19:51","guid":{"rendered":"https:\/\/radiorevelacionfm.cl\/?p=43733"},"modified":"2024-07-02T20:19:51","modified_gmt":"2024-07-02T23:19:51","slug":"agredio-a-su-hermana-fiscalia-de-aysen-formalizo-investigacion-por-lesiones-y-desacato-en-contra-de-imputado","status":"publish","type":"post","link":"https:\/\/radiorevelacionfm.cl\/?p=43733","title":{"rendered":"Agredi\u00f3 a su hermana: Fiscal\u00eda de Ays\u00e9n formaliz\u00f3 investigaci\u00f3n por lesiones y desacato en contra de imputado"},"content":{"rendered":"<div class=\"flex_column av_one_full  flex_column_div av-zero-column-padding first  avia-builder-el-0  el_before_av_one_full  avia-builder-el-first  \" style='border-radius:0px; '><div  class='avia-image-container  av-styling-    avia-builder-el-1  avia-builder-el-no-sibling  avia-align-center '  itemprop=\"image\" itemscope=\"itemscope\" itemtype=\"https:\/\/schema.org\/ImageObject\"  ><div class='avia-image-container-inner'><div class='avia-image-overlay-wrap'><img decoding=\"async\" class='wp-image-43734 avia-img-lazy-loading-not-43734 avia_image' src=\"https:\/\/radiorevelacionfm.cl\/wp-content\/uploads\/2024\/07\/Jose_Luis_Palominos1-1-1.jpg\" alt='' title='Jose_Luis_Palominos1 (1) (1)' height=\"600\" width=\"896\"  itemprop=\"thumbnailUrl\" srcset=\"https:\/\/radiorevelacionfm.cl\/wp-content\/uploads\/2024\/07\/Jose_Luis_Palominos1-1-1.jpg 896w, https:\/\/radiorevelacionfm.cl\/wp-content\/uploads\/2024\/07\/Jose_Luis_Palominos1-1-1-300x201.jpg 300w, https:\/\/radiorevelacionfm.cl\/wp-content\/uploads\/2024\/07\/Jose_Luis_Palominos1-1-1-768x514.jpg 768w, https:\/\/radiorevelacionfm.cl\/wp-content\/uploads\/2024\/07\/Jose_Luis_Palominos1-1-1-705x472.jpg 705w, https:\/\/radiorevelacionfm.cl\/wp-content\/uploads\/2024\/07\/Jose_Luis_Palominos1-1-1-450x301.jpg 450w, https:\/\/radiorevelacionfm.cl\/wp-content\/uploads\/2024\/07\/Jose_Luis_Palominos1-1-1-600x402.jpg 600w\" sizes=\"(max-width: 896px) 100vw, 896px\" \/><\/div><\/div><\/div><\/div><div class=\"flex_column av_one_full  flex_column_div av-zero-column-padding first  avia-builder-el-2  el_after_av_one_full  el_before_av_one_full  column-top-margin\" style='border-radius:0px; '><section class=\"av_textblock_section \"  itemscope=\"itemscope\" itemtype=\"https:\/\/schema.org\/BlogPosting\" itemprop=\"blogPost\" ><div class='avia_textblock  '   itemprop=\"text\" ><p style=\"text-align: center;\"><span style=\"font-size: 18pt;\"><b>Agredi\u00f3 a su hermana: Fiscal\u00eda de Ays\u00e9n formaliz\u00f3 investigaci\u00f3n por lesiones y desacato en contra de imputado<\/b><\/span><\/p>\n<div id=\"gtx-trans\" style=\"position: absolute; left: -50px; top: 4.31534px;\">\n<div class=\"gtx-trans-icon\"><\/div>\n<\/div>\n<\/div><\/section><\/div><div class=\"flex_column av_one_full  flex_column_div av-zero-column-padding first  avia-builder-el-4  el_after_av_one_full  el_before_av_hr  column-top-margin\" style='border-radius:0px; '><section class=\"av_textblock_section \"  itemscope=\"itemscope\" itemtype=\"https:\/\/schema.org\/BlogPosting\" itemprop=\"blogPost\" ><div class='avia_textblock  '   itemprop=\"text\" ><p style=\"font-weight: 400; text-align: justify;\"><em>Detenido tiene 58 a\u00f1os de edad. Hechos ocurrieron en el sector Ribera Sur de Puerto Ays\u00e9n.<\/em><\/p>\n<p style=\"font-weight: 400; text-align: justify;\">La Fiscal\u00eda de Puerto Ays\u00e9n formaliz\u00f3 una investigaci\u00f3n por el delito de lesiones menos graves en el contexto de violencia intrafamiliar y dos delitos de desacato, en contra de un imputado de 58 a\u00f1os quien agredi\u00f3 a su hermana de 51 a\u00f1os.<\/p>\n<p style=\"font-weight: 400; text-align: justify;\">Los hechos ocurrieron el lunes 24 de junio cerca de las 19.00 horas en el sector Ribera Sur, donde el imputado -en estado de ebriedad- agredi\u00f3 a la v\u00edctima y no respet\u00f3 la medida cautelar de prohibici\u00f3n de acercase a la afectada, su domicilio, trabajo o cualquier otro lugar que concurra o visite habitualmente, por hechos anteriores tambi\u00e9n ocurridos en el contexto de violencia intrafamiliar.<\/p>\n<p style=\"font-weight: 400; text-align: justify;\">\u201cEl Ministerio P\u00fablico, en atenci\u00f3n a la detenci\u00f3n de un imputado por parte de Carabineros de la Segunda Comisar\u00eda de Puerto Ays\u00e9n, formaliz\u00f3 al sujeto por dos delitos de desacato en contexto de violencia intrafamiliar y el delito de lesiones menos graves\u201d, explic\u00f3 el abogado asistente, Jos\u00e9 Luis Palominos.<\/p>\n<p style=\"font-weight: 400; text-align: justify;\">\u201cEn atenci\u00f3n a los delitos por los cuales fue formalizado y antecedentes pret\u00e9ritos que se manten\u00edan por parte del imputado, en relaci\u00f3n a delitos de la misma especie, el Ministerio P\u00fablico solicit\u00f3 al Tribunal que se decretara la medida cautelar de prisi\u00f3n preventiva, a lo cual se accedi\u00f3 por parte del Tribunal\u201d, a\u00f1adi\u00f3 el abogado Jos\u00e9 Luis Palominos.<\/p>\n<p style=\"font-weight: 400; text-align: justify;\">Adem\u00e1s, por parte de la Fiscal\u00eda, se establecieron como medidas de protecci\u00f3n aut\u00f3nomas para la v\u00edctima, la solicitud de rondas peri\u00f3dicas al domicilio por intermedio de Carabineros de la Segunda Comisar\u00eda. El plazo para el t\u00e9rmino de la investigaci\u00f3n fue fijado en 60 d\u00edas.<\/p>\n<\/div><\/section><\/div><div  style='height:50px' class='hr hr-invisible   avia-builder-el-6  el_after_av_one_full  el_before_av_social_share '><span class='hr-inner ' ><span class='hr-inner-style'><\/span><\/span><\/div><\/p>\n<div  class='av-social-sharing-box  avia-builder-el-7  el_after_av_hr  el_before_av_hr  '><div class='av-share-box'><h5 class='av-share-link-description av-no-toc '>Compartir esta noticia<\/h5><ul class='av-share-box-list noLightbox'><li class='av-share-link av-social-link-facebook' ><a target=\"_blank\" aria-label=\"Compartir en Facebook\" href='https:\/\/www.facebook.com\/sharer.php?u=https:\/\/radiorevelacionfm.cl\/?p=43733&#038;t=Agredi%C3%B3%20a%20su%20hermana%3A%20Fiscal%C3%ADa%20de%20Ays%C3%A9n%20formaliz%C3%B3%20investigaci%C3%B3n%20por%20lesiones%20y%20desacato%20en%20contra%20de%20imputado' aria-hidden='false' data-av_icon='\ue8f3' data-av_iconfont='entypo-fontello' title='' data-avia-related-tooltip='Compartir en Facebook' rel=\"noopener\"><span class='avia_hidden_link_text'>Compartir en Facebook<\/span><\/a><\/li><li class='av-share-link av-social-link-twitter' ><a target=\"_blank\" aria-label=\"Compartir en Twitter\" href='https:\/\/twitter.com\/share?text=Agredi%C3%B3%20a%20su%20hermana%3A%20Fiscal%C3%ADa%20de%20Ays%C3%A9n%20formaliz%C3%B3%20investigaci%C3%B3n%20por%20lesiones%20y%20desacato%20en%20contra%20de%20imputado&#038;url=https:\/\/radiorevelacionfm.cl\/?p=43733' aria-hidden='false' data-av_icon='\ue8f1' data-av_iconfont='entypo-fontello' title='' data-avia-related-tooltip='Compartir en Twitter' rel=\"noopener\"><span class='avia_hidden_link_text'>Compartir en Twitter<\/span><\/a><\/li><li class='av-share-link av-social-link-whatsapp' ><a target=\"_blank\" aria-label=\"Compartir en Whatsapp\" href='https:\/\/api.whatsapp.com\/send?text=https:\/\/radiorevelacionfm.cl\/?p=43733' aria-hidden='false' data-av_icon='\uf232' data-av_iconfont='entypo-fontello' title='' data-avia-related-tooltip='Compartir en Whatsapp' rel=\"noopener\"><span class='avia_hidden_link_text'>Compartir en Whatsapp<\/span><\/a><\/li><li class='av-share-link av-social-link-linkedin' ><a target=\"_blank\" aria-label=\"Compartir en LinkedIn\" href='https:\/\/linkedin.com\/shareArticle?mini=true&#038;title=Agredi%C3%B3%20a%20su%20hermana%3A%20Fiscal%C3%ADa%20de%20Ays%C3%A9n%20formaliz%C3%B3%20investigaci%C3%B3n%20por%20lesiones%20y%20desacato%20en%20contra%20de%20imputado&#038;url=https:\/\/radiorevelacionfm.cl\/?p=43733' aria-hidden='false' data-av_icon='\ue8fc' data-av_iconfont='entypo-fontello' title='' data-avia-related-tooltip='Compartir en LinkedIn' rel=\"noopener\"><span class='avia_hidden_link_text'>Compartir en LinkedIn<\/span><\/a><\/li><li class='av-share-link av-social-link-mail' ><a  aria-label=\"Compartir por correo\" href='mailto:?subject=Agredi%C3%B3%20a%20su%20hermana%3A%20Fiscal%C3%ADa%20de%20Ays%C3%A9n%20formaliz%C3%B3%20investigaci%C3%B3n%20por%20lesiones%20y%20desacato%20en%20contra%20de%20imputado&#038;body=https:\/\/radiorevelacionfm.cl\/?p=43733' aria-hidden='false' data-av_icon='\ue805' data-av_iconfont='entypo-fontello' title='' data-avia-related-tooltip='Compartir por correo'><span class='avia_hidden_link_text'>Compartir por correo<\/span><\/a><\/li><\/ul><\/div><\/div>\n<div  style='height:50px' class='hr hr-invisible   avia-builder-el-8  el_after_av_social_share  el_before_av_comments_list '><span class='hr-inner ' ><span class='hr-inner-style'><\/span><\/span><\/div>\n<div  class='av-buildercomment  av-blog-meta-html-info-disabled av-blog-meta-tag-disabled  '><\/div>\n","protected":false},"excerpt":{"rendered":"","protected":false},"author":1,"featured_media":43734,"comment_status":"open","ping_status":"open","sticky":false,"template":"","format":"standard","meta":{"footnotes":""},"categories":[36],"tags":[],"class_list":["post-43733","post","type-post","status-publish","format-standard","has-post-thumbnail","hentry","category-policial"],"jetpack_featured_media_url":"https:\/\/radiorevelacionfm.cl\/wp-content\/uploads\/2024\/07\/Jose_Luis_Palominos1-1-1.jpg","_links":{"self":[{"href":"https:\/\/radiorevelacionfm.cl\/index.php?rest_route=\/wp\/v2\/posts\/43733","targetHints":{"allow":["GET"]}}],"collection":[{"href":"https:\/\/radiorevelacionfm.cl\/index.php?rest_route=\/wp\/v2\/posts"}],"about":[{"href":"https:\/\/radiorevelacionfm.cl\/index.php?rest_route=\/wp\/v2\/types\/post"}],"author":[{"embeddable":true,"href":"https:\/\/radiorevelacionfm.cl\/index.php?rest_route=\/wp\/v2\/users\/1"}],"replies":[{"embeddable":true,"href":"https:\/\/radiorevelacionfm.cl\/index.php?rest_route=%2Fwp%2Fv2%2Fcomments&post=43733"}],"version-history":[{"count":1,"href":"https:\/\/radiorevelacionfm.cl\/index.php?rest_route=\/wp\/v2\/posts\/43733\/revisions"}],"predecessor-version":[{"id":43735,"href":"https:\/\/radiorevelacionfm.cl\/index.php?rest_route=\/wp\/v2\/posts\/43733\/revisions\/43735"}],"wp:featuredmedia":[{"embeddable":true,"href":"https:\/\/radiorevelacionfm.cl\/index.php?rest_route=\/wp\/v2\/media\/43734"}],"wp:attachment":[{"href":"https:\/\/radiorevelacionfm.cl\/index.php?rest_route=%2Fwp%2Fv2%2Fmedia&parent=43733"}],"wp:term":[{"taxonomy":"category","embeddable":true,"href":"https:\/\/radiorevelacionfm.cl\/index.php?rest_route=%2Fwp%2Fv2%2Fcategories&post=43733"},{"taxonomy":"post_tag","embeddable":true,"href":"https:\/\/radiorevelacionfm.cl\/index.php?rest_route=%2Fwp%2Fv2%2Ftags&post=43733"}],"curies":[{"name":"wp","href":"https:\/\/api.w.org\/{rel}","templated":true}]}}