{"id":43730,"date":"2024-07-03T16:39:06","date_gmt":"2024-07-03T19:39:06","guid":{"rendered":"https:\/\/radiorevelacionfm.cl\/?p=43730"},"modified":"2024-07-03T16:39:06","modified_gmt":"2024-07-03T19:39:06","slug":"comite-de-desarrollo-productivo-aysen-lanza-primeras-convocatorias-orientadas-a-fortalecer-el-ecosistema-de-emprendimiento-e-innovacion","status":"publish","type":"post","link":"https:\/\/radiorevelacionfm.cl\/?p=43730","title":{"rendered":"Comit\u00e9 de Desarrollo Productivo Ays\u00e9n lanza primeras convocatorias orientadas a fortalecer el ecosistema de emprendimiento e innovaci\u00f3n"},"content":{"rendered":"<div class=\"flex_column av_one_full  flex_column_div av-zero-column-padding first  avia-builder-el-0  el_before_av_one_full  avia-builder-el-first  \" style='border-radius:0px; '><div  class='avia-image-container  av-styling-    avia-builder-el-1  avia-builder-el-no-sibling  avia-align-center '  itemprop=\"image\" itemscope=\"itemscope\" itemtype=\"https:\/\/schema.org\/ImageObject\"  ><div class='avia-image-container-inner'><div class='avia-image-overlay-wrap'><img decoding=\"async\" class='wp-image-43731 avia-img-lazy-loading-not-43731 avia_image' src=\"https:\/\/radiorevelacionfm.cl\/wp-content\/uploads\/2024\/07\/IMG-20240429-WA0042-1-1.jpg\" alt='' title='IMG-20240429-WA0042 (1) (1)' height=\"600\" width=\"1068\"  itemprop=\"thumbnailUrl\" srcset=\"https:\/\/radiorevelacionfm.cl\/wp-content\/uploads\/2024\/07\/IMG-20240429-WA0042-1-1.jpg 1068w, https:\/\/radiorevelacionfm.cl\/wp-content\/uploads\/2024\/07\/IMG-20240429-WA0042-1-1-300x169.jpg 300w, https:\/\/radiorevelacionfm.cl\/wp-content\/uploads\/2024\/07\/IMG-20240429-WA0042-1-1-1030x579.jpg 1030w, https:\/\/radiorevelacionfm.cl\/wp-content\/uploads\/2024\/07\/IMG-20240429-WA0042-1-1-768x431.jpg 768w, https:\/\/radiorevelacionfm.cl\/wp-content\/uploads\/2024\/07\/IMG-20240429-WA0042-1-1-705x396.jpg 705w, https:\/\/radiorevelacionfm.cl\/wp-content\/uploads\/2024\/07\/IMG-20240429-WA0042-1-1-450x253.jpg 450w, https:\/\/radiorevelacionfm.cl\/wp-content\/uploads\/2024\/07\/IMG-20240429-WA0042-1-1-600x337.jpg 600w\" sizes=\"(max-width: 1068px) 100vw, 1068px\" \/><\/div><\/div><\/div><\/div><div class=\"flex_column av_one_full  flex_column_div av-zero-column-padding first  avia-builder-el-2  el_after_av_one_full  el_before_av_one_full  column-top-margin\" style='border-radius:0px; '><section class=\"av_textblock_section \"  itemscope=\"itemscope\" itemtype=\"https:\/\/schema.org\/BlogPosting\" itemprop=\"blogPost\" ><div class='avia_textblock  '   itemprop=\"text\" ><p style=\"text-align: center;\"><span style=\"font-size: 18pt;\"><b><span lang=\"es-419\">Comit\u00e9 de Desarrollo Productivo Ays\u00e9n lanza primeras convocatorias orientadas a fortalecer el ecosistema de emprendimiento e innovaci\u00f3n<\/span><\/b><\/span><\/p>\n<div id=\"gtx-trans\" style=\"position: absolute; left: -50px; top: 4.31534px;\">\n<div class=\"gtx-trans-icon\"><\/div>\n<\/div>\n<\/div><\/section><\/div><div class=\"flex_column av_one_full  flex_column_div av-zero-column-padding first  avia-builder-el-4  el_after_av_one_full  el_before_av_hr  column-top-margin\" style='border-radius:0px; '><section class=\"av_textblock_section \"  itemscope=\"itemscope\" itemtype=\"https:\/\/schema.org\/BlogPosting\" itemprop=\"blogPost\" ><div class='avia_textblock  '   itemprop=\"text\" ><p style=\"font-weight: 400; text-align: justify;\">En Chile, se ha observado un notable incremento en la valoraci\u00f3n social del emprendimiento, con un n\u00famero creciente de personas considerando viable iniciar sus propios negocios. A pesar de este avance, es esencial continuar fomentando esta cultura para integrarla plenamente en el ecosistema emprendedor y en la sociedad en general, creando un entorno favorable para el crecimiento de nuevas iniciativas empresariales.<\/p>\n<p style=\"font-weight: 400; text-align: justify;\">En este escenario, el Comit\u00e9 de Desarrollo Productivo Ays\u00e9n anunci\u00f3 la apertura de seis convocatorias, orientadas a fortalecer el ecosistema de emprendimiento e innovaci\u00f3n en la regi\u00f3n y a\u00a0apoyar la materializaci\u00f3n de proyectos de inversi\u00f3n productiva: Viraliza Difusi\u00f3n Evento, Viraliza Formaci\u00f3n, Desarrolla Inversi\u00f3n, S\u00famate a Innovar, Innova Regi\u00f3n y Bienes P\u00fablicos.<\/p>\n<p style=\"font-weight: 400; text-align: justify;\">As\u00ed lo inform\u00f3 Andrea Mac\u00edas Palma, Gobernadora Regional y presidenta del CDP Ays\u00e9n, quien enfatiz\u00f3 la importancia de esta primera convocatoria. \u00abComo Gobierno Regional estamos muy contentos de ver los frutos del trabajo desarrollado con el Comit\u00e9 de Desarrollo Productivo de Ays\u00e9n. Esta medida de descentralizaci\u00f3n, impulsada por el Ministerio de Econom\u00eda, permite a las regiones distribuir recursos para programas espec\u00edficos.\u00bb Invit\u00f3 a participar en los programas Viraliza y Desarrollo Inversi\u00f3n para fortalecer el trabajo de las empresas locales. \u00abTodos est\u00e1n invitados a postular y a continuar trabajando de manera conjunta y colaborativa entre los distintos niveles de gobierno. La articulaci\u00f3n entre el gobierno nacional, regional y local nos permite ofrecer respuestas m\u00e1s efectivas a nuestra comunidad\u00bb, concluy\u00f3.<\/p>\n<p style=\"font-weight: 400; text-align: justify;\">Humberto Mar\u00edn Leiva, director de Corfo Ays\u00e9n, enfatiz\u00f3 que \u00abla cultura emprendedora en Chile est\u00e1 en crecimiento, pero a\u00fan requiere mayor difusi\u00f3n y aceptaci\u00f3n para ser una opci\u00f3n viable en nuestra sociedad actual\u00bb. Subray\u00f3 que Corfo desempe\u00f1a un papel crucial al promover \u00abel desarrollo sostenible y la competitividad empresarial mediante redes colaborativas y proyectos innovadores, que fortalecen tanto la econom\u00eda regional como nacional\u00bb. Adem\u00e1s, destac\u00f3 que \u00abnuestro enfoque consiste en coordinar sectores p\u00fablicos y privados a trav\u00e9s de diversas iniciativas destinadas a mejorar la competitividad regional y estimular nuevas empresas en nuestros territorios\u00bb. Asimismo, resalt\u00f3 la colaboraci\u00f3n activa entre Corfo y las empresas chilenas \u00aben investigaci\u00f3n, desarrollo e innovaci\u00f3n, impulsando la transformaci\u00f3n econ\u00f3mica, aumentando nuestra competitividad y enfrentando desaf\u00edos globales con soluciones locales innovadoras\u00bb. Seg\u00fan el director, este enfoque integrador y colaborativo es fundamental para asegurar un crecimiento econ\u00f3mico sostenible y equitativo en todas las regiones de Chile.<\/p>\n<p style=\"font-weight: 400; text-align: justify;\"><strong>LLAMADOS A CONCURSO<\/strong><\/p>\n<p style=\"font-weight: 400; text-align: justify;\"><a href=\"https:\/\/www.corfo.cl\/sites\/cpp\/convocatorias\/viraliza_difusion_eventos_sector_alimentario\" data-saferedirecturl=\"https:\/\/www.google.com\/url?q=https:\/\/www.corfo.cl\/sites\/cpp\/convocatorias\/viraliza_difusion_eventos_sector_alimentario&amp;source=gmail&amp;ust=1720047220429000&amp;usg=AOvVaw2fpICKEN7SD6zUGOMspkE9\"><strong>Viraliza Difusi\u00f3n \u2013 Eventos<\/strong><\/a><strong>:\u00a0<\/strong>Buscamos<strong>\u00a0<\/strong>promover la cultura emprendedora en el sector alimentario en zonas fr\u00edas. El evento presencial conecta expertos y locales, destacando redes, intercambio de conocimientos y buenas pr\u00e1cticas en &#8216;Nuevas Oportunidades de Emprendimiento e Innovaci\u00f3n&#8217;. Postulaciones en l\u00ednea hasta el 15 de julio a las 15:00 horas. Consultas:<strong>\u00a0<\/strong><a href=\"mailto:hsotomayor@corfo.cl\">hsotomayor@corfo.cl<\/a>.<\/p>\n<p style=\"font-weight: 400; text-align: justify;\"><a href=\"https:\/\/www.corfo.cl\/sites\/cpp\/convocatorias\/viraliza_formacion_emprendimiento_innovacion_aysen\" data-saferedirecturl=\"https:\/\/www.google.com\/url?q=https:\/\/www.corfo.cl\/sites\/cpp\/convocatorias\/viraliza_formacion_emprendimiento_innovacion_aysen&amp;source=gmail&amp;ust=1720047220429000&amp;usg=AOvVaw192fQP2TKMXKObr3UhaTQ7\"><strong>Viraliza Formaci\u00f3n<\/strong><\/a><strong>:\u00a0<\/strong>Promueve emprendimiento e innovaci\u00f3n en Ays\u00e9n con talleres, workshops y charlas presenciales y v\u00eda streaming. Requisitos: 60 horas lectivas presenciales y m\u00ednimo 30 participantes. Fortalece habilidades emprendedoras y el tejido empresarial local. Postulaciones en l\u00ednea hasta el 15 de julio a las 15:00 horas. Consultas:\u00a0<a href=\"mailto:hsotomayor@corfo.cl\">hsotomayor@corfo.cl<\/a>.<\/p>\n<p style=\"font-weight: 400; text-align: justify;\"><a href=\"https:\/\/www.corfo.cl\/sites\/cpp\/convocatorias\/dip_aysen_1era_24\" data-saferedirecturl=\"https:\/\/www.google.com\/url?q=https:\/\/www.corfo.cl\/sites\/cpp\/convocatorias\/dip_aysen_1era_24&amp;source=gmail&amp;ust=1720047220429000&amp;usg=AOvVaw1SQBtjSxJGDiWFxhxCxlkn\"><strong>Desarrolla Inversi\u00f3n<\/strong><\/a><strong>:\u00a0<\/strong>Fomenta proyectos de alto impacto positivo con cofinanciamiento para activos fijos, infraestructura productiva y capital de trabajo. Las postulaciones en l\u00ednea se recibir\u00e1n hasta las 15:00 horas del d\u00eda 8 de julio. Consultas al correo\u00a0<a href=\"mailto:cgomez@corfo.cl\">cgomez@corfo.cl<\/a><\/p>\n<p style=\"font-weight: 400; text-align: justify;\"><a href=\"https:\/\/www.corfo.cl\/sites\/cpp\/convocatorias\/sumate_a_innovar_aysen\" data-saferedirecturl=\"https:\/\/www.google.com\/url?q=https:\/\/www.corfo.cl\/sites\/cpp\/convocatorias\/sumate_a_innovar_aysen&amp;source=gmail&amp;ust=1720047220429000&amp;usg=AOvVaw19hRvvijBskiIgvUqOOO5I\"><strong>S\u00famate A Innovar<\/strong><\/a>: Queremos desarrollar soluciones innovadoras para mejorar la productividad y competitividad de las empresas en Ays\u00e9n. Para lograrlo, conectamos a las empresas con colaboradores que aportan su experiencia y habilidades para resolver estos desaf\u00edos. Consultas:\u00a0<a href=\"mailto:andres.sandoval@corfo.cl\">andres.sandoval@corfo.cl<\/a><\/p>\n<p style=\"font-weight: 400; text-align: justify;\"><a href=\"https:\/\/www.corfo.cl\/sites\/cpp\/convocatorias\/innova_region_aysen\" data-saferedirecturl=\"https:\/\/www.google.com\/url?q=https:\/\/www.corfo.cl\/sites\/cpp\/convocatorias\/innova_region_aysen&amp;source=gmail&amp;ust=1720047220429000&amp;usg=AOvVaw25Ps1XNXtRN9thuq6Oxa1x\"><strong>Innova Regi\u00f3n<\/strong><\/a>: Ayudamos a crear y mejorar productos, procesos y servicios, desde la etapa de prototipo hasta su validaci\u00f3n comercial. Esto fortalece la econom\u00eda regional y mejora la capacidad de innovaci\u00f3n de las empresas y la comunidad local. Consultas:\u00a0<a href=\"mailto:monica.moldenhauer@corfo.cl\">monica.moldenhauer@corfo.cl<\/a><\/p>\n<p style=\"font-weight: 400; text-align: justify;\"><a href=\"https:\/\/www.corfo.cl\/sites\/cpp\/convocatorias\/bbpp_aysen_borde_costero_biodiversidad_turismo\" data-saferedirecturl=\"https:\/\/www.google.com\/url?q=https:\/\/www.corfo.cl\/sites\/cpp\/convocatorias\/bbpp_aysen_borde_costero_biodiversidad_turismo&amp;source=gmail&amp;ust=1720047220429000&amp;usg=AOvVaw2GfE40c-s7pJcSuoDaf3_T\"><strong>Bienes P\u00fablicos<\/strong><\/a>: Buscamos el desarrollo de iniciativas que permitan generar condiciones habilitantes en conocimiento, infraestructura y capital humano, para disminuir las brechas de informaci\u00f3n en torno al borde costero y ecosistemas marinos, biodiversidad, aguas continentales y turismo.\u00a0Consultas:\u00a0<a href=\"mailto:francisco.alderete@corfo.cl\">francisco.alderete@corfo.cl<\/a><\/p>\n<p style=\"font-weight: 400; text-align: justify;\">Las bases, formularios y detalles adicionales est\u00e1n disponibles en el sitio web\u00a0<a href=\"http:\/\/www.corfo.cl\/\" data-saferedirecturl=\"https:\/\/www.google.com\/url?q=http:\/\/www.corfo.cl&amp;source=gmail&amp;ust=1720047220429000&amp;usg=AOvVaw1g8477DW1nkVwmzn5FJIpO\">www.corfo.cl<\/a>\u00a0o directamente en dependencias de Corfo Ays\u00e9n, ubicada en Sim\u00f3n Bol\u00edvar n\u00b0 262, Coyhaique.<\/p>\n<\/div><\/section><\/div><div  style='height:50px' class='hr hr-invisible   avia-builder-el-6  el_after_av_one_full  el_before_av_social_share '><span class='hr-inner ' ><span class='hr-inner-style'><\/span><\/span><\/div><\/p>\n<div  class='av-social-sharing-box  avia-builder-el-7  el_after_av_hr  el_before_av_hr  '><div class='av-share-box'><h5 class='av-share-link-description av-no-toc '>Compartir esta noticia<\/h5><ul class='av-share-box-list noLightbox'><li class='av-share-link av-social-link-facebook' ><a target=\"_blank\" aria-label=\"Compartir en Facebook\" href='https:\/\/www.facebook.com\/sharer.php?u=https:\/\/radiorevelacionfm.cl\/?p=43730&#038;t=Comit%C3%A9%20de%20Desarrollo%20Productivo%20Ays%C3%A9n%20lanza%20primeras%20convocatorias%20orientadas%20a%20fortalecer%20el%20ecosistema%20de%20emprendimiento%20e%20innovaci%C3%B3n' aria-hidden='false' data-av_icon='\ue8f3' data-av_iconfont='entypo-fontello' title='' data-avia-related-tooltip='Compartir en Facebook' rel=\"noopener\"><span class='avia_hidden_link_text'>Compartir en Facebook<\/span><\/a><\/li><li class='av-share-link av-social-link-twitter' ><a target=\"_blank\" aria-label=\"Compartir en Twitter\" href='https:\/\/twitter.com\/share?text=Comit%C3%A9%20de%20Desarrollo%20Productivo%20Ays%C3%A9n%20lanza%20primeras%20convocatorias%20orientadas%20a%20fortalecer%20el%20ecosistema%20de%20emprendimiento%20e%20innovaci%C3%B3n&#038;url=https:\/\/radiorevelacionfm.cl\/?p=43730' aria-hidden='false' data-av_icon='\ue8f1' data-av_iconfont='entypo-fontello' title='' data-avia-related-tooltip='Compartir en Twitter' rel=\"noopener\"><span class='avia_hidden_link_text'>Compartir en Twitter<\/span><\/a><\/li><li class='av-share-link av-social-link-whatsapp' ><a target=\"_blank\" aria-label=\"Compartir en Whatsapp\" href='https:\/\/api.whatsapp.com\/send?text=https:\/\/radiorevelacionfm.cl\/?p=43730' aria-hidden='false' data-av_icon='\uf232' data-av_iconfont='entypo-fontello' title='' data-avia-related-tooltip='Compartir en Whatsapp' rel=\"noopener\"><span class='avia_hidden_link_text'>Compartir en Whatsapp<\/span><\/a><\/li><li class='av-share-link av-social-link-linkedin' ><a target=\"_blank\" aria-label=\"Compartir en LinkedIn\" href='https:\/\/linkedin.com\/shareArticle?mini=true&#038;title=Comit%C3%A9%20de%20Desarrollo%20Productivo%20Ays%C3%A9n%20lanza%20primeras%20convocatorias%20orientadas%20a%20fortalecer%20el%20ecosistema%20de%20emprendimiento%20e%20innovaci%C3%B3n&#038;url=https:\/\/radiorevelacionfm.cl\/?p=43730' aria-hidden='false' data-av_icon='\ue8fc' data-av_iconfont='entypo-fontello' title='' data-avia-related-tooltip='Compartir en LinkedIn' rel=\"noopener\"><span class='avia_hidden_link_text'>Compartir en LinkedIn<\/span><\/a><\/li><li class='av-share-link av-social-link-mail' ><a  aria-label=\"Compartir por correo\" href='mailto:?subject=Comit%C3%A9%20de%20Desarrollo%20Productivo%20Ays%C3%A9n%20lanza%20primeras%20convocatorias%20orientadas%20a%20fortalecer%20el%20ecosistema%20de%20emprendimiento%20e%20innovaci%C3%B3n&#038;body=https:\/\/radiorevelacionfm.cl\/?p=43730' aria-hidden='false' data-av_icon='\ue805' data-av_iconfont='entypo-fontello' title='' data-avia-related-tooltip='Compartir por correo'><span class='avia_hidden_link_text'>Compartir por correo<\/span><\/a><\/li><\/ul><\/div><\/div>\n<div  style='height:50px' class='hr hr-invisible   avia-builder-el-8  el_after_av_social_share  el_before_av_comments_list '><span class='hr-inner ' ><span class='hr-inner-style'><\/span><\/span><\/div>\n<div  class='av-buildercomment  av-blog-meta-html-info-disabled av-blog-meta-tag-disabled  '><\/div>\n","protected":false},"excerpt":{"rendered":"","protected":false},"author":1,"featured_media":43731,"comment_status":"open","ping_status":"open","sticky":false,"template":"","format":"standard","meta":{"footnotes":""},"categories":[37,39,38],"tags":[],"class_list":["post-43730","post","type-post","status-publish","format-standard","has-post-thumbnail","hentry","category-economia","category-medio-ambiente","category-regional"],"jetpack_featured_media_url":"https:\/\/radiorevelacionfm.cl\/wp-content\/uploads\/2024\/07\/IMG-20240429-WA0042-1-1.jpg","_links":{"self":[{"href":"https:\/\/radiorevelacionfm.cl\/index.php?rest_route=\/wp\/v2\/posts\/43730","targetHints":{"allow":["GET"]}}],"collection":[{"href":"https:\/\/radiorevelacionfm.cl\/index.php?rest_route=\/wp\/v2\/posts"}],"about":[{"href":"https:\/\/radiorevelacionfm.cl\/index.php?rest_route=\/wp\/v2\/types\/post"}],"author":[{"embeddable":true,"href":"https:\/\/radiorevelacionfm.cl\/index.php?rest_route=\/wp\/v2\/users\/1"}],"replies":[{"embeddable":true,"href":"https:\/\/radiorevelacionfm.cl\/index.php?rest_route=%2Fwp%2Fv2%2Fcomments&post=43730"}],"version-history":[{"count":1,"href":"https:\/\/radiorevelacionfm.cl\/index.php?rest_route=\/wp\/v2\/posts\/43730\/revisions"}],"predecessor-version":[{"id":43732,"href":"https:\/\/radiorevelacionfm.cl\/index.php?rest_route=\/wp\/v2\/posts\/43730\/revisions\/43732"}],"wp:featuredmedia":[{"embeddable":true,"href":"https:\/\/radiorevelacionfm.cl\/index.php?rest_route=\/wp\/v2\/media\/43731"}],"wp:attachment":[{"href":"https:\/\/radiorevelacionfm.cl\/index.php?rest_route=%2Fwp%2Fv2%2Fmedia&parent=43730"}],"wp:term":[{"taxonomy":"category","embeddable":true,"href":"https:\/\/radiorevelacionfm.cl\/index.php?rest_route=%2Fwp%2Fv2%2Fcategories&post=43730"},{"taxonomy":"post_tag","embeddable":true,"href":"https:\/\/radiorevelacionfm.cl\/index.php?rest_route=%2Fwp%2Fv2%2Ftags&post=43730"}],"curies":[{"name":"wp","href":"https:\/\/api.w.org\/{rel}","templated":true}]}}