{"id":4373,"date":"2021-05-21T16:31:13","date_gmt":"2021-05-21T19:31:13","guid":{"rendered":"https:\/\/radiorevelacionfm.cl\/?p=4373"},"modified":"2021-05-21T18:38:51","modified_gmt":"2021-05-21T21:38:51","slug":"minvu-anuncia-apertura-de-proceso-de-postulacion-a-subsidio-para-la-clase-media","status":"publish","type":"post","link":"https:\/\/radiorevelacionfm.cl\/?p=4373","title":{"rendered":"Minvu anuncia apertura de proceso de postulaci\u00f3n a Subsidio para la Clase Media"},"content":{"rendered":"<div class=\"flex_column av_one_full  flex_column_div av-zero-column-padding first  avia-builder-el-0  el_before_av_one_full  avia-builder-el-first  \" style='border-radius:0px; '><div  class='avia-image-container  av-styling-    avia-builder-el-1  avia-builder-el-no-sibling  avia-align-center '  itemprop=\"image\" itemscope=\"itemscope\" itemtype=\"https:\/\/schema.org\/ImageObject\"  ><div class='avia-image-container-inner'><div class='avia-image-overlay-wrap'><img decoding=\"async\" class='wp-image-0 avia-img-lazy-loading-not-0 avia_image' src=\"https:\/\/radiorevelacionfm.cl\/wp-content\/uploads\/2021\/05\/Ministro-de-Vivienda-Felipe-Ward-E.jpg\" alt='' title=''   itemprop=\"thumbnailUrl\"  \/><\/div><\/div><\/div><\/div><div class=\"flex_column av_one_full  flex_column_div av-zero-column-padding first  avia-builder-el-2  el_after_av_one_full  el_before_av_one_full  column-top-margin\" style='border-radius:0px; '><section class=\"av_textblock_section \"  itemscope=\"itemscope\" itemtype=\"https:\/\/schema.org\/BlogPosting\" itemprop=\"blogPost\" ><div class='avia_textblock  '   itemprop=\"text\" ><p style=\"text-align: center;\"><strong><span style=\"font-size: 18pt;\">Minvu anuncia apertura de proceso de postulaci\u00f3n a Subsidio para la Clase Media<\/span><\/strong><\/p>\n<div id=\"gtx-trans\" style=\"position: absolute; left: -50px; top: 4.31534px;\">\n<div class=\"gtx-trans-icon\"><\/div>\n<\/div>\n<\/div><\/section><\/div><div class=\"flex_column av_one_full  flex_column_div av-zero-column-padding first  avia-builder-el-4  el_after_av_one_full  el_before_av_hr  column-top-margin\" style='border-radius:0px; '><section class=\"av_textblock_section \"  itemscope=\"itemscope\" itemtype=\"https:\/\/schema.org\/BlogPosting\" itemprop=\"blogPost\" ><div class='avia_textblock  '   itemprop=\"text\" ><p style=\"text-align: justify;\">El ministro de Vivienda y Urbanismo, Felipe Ward, anunci\u00f3 que se encuentra abierta la postulaci\u00f3n al Subsidio para Sectores Medios, que permite a las familias adquirir o construir una vivienda en zonas urbanas o rurales. El programa consta de tres tramos de postulaci\u00f3n para acceder a soluciones habitacionales desde 1.100 UF hasta 2.200 UF en zona regular, y hasta 2.600 en zonas extremas del pa\u00eds.<\/p>\n<p style=\"text-align: justify;\">El titular del Minvu destac\u00f3 la importancia de este programa que en este primer llamado del a\u00f1o entregar\u00e1 m\u00e1s de 7.000 subsidios. \u201cEste mi\u00e9rcoles se abri\u00f3 un nuevo llamado del Subsidio DS1, que es un apoyo importante a la Clase Media para adquirir o construir una vivienda. Sabemos que son tiempos dif\u00edciles, por eso el Minvu ha flexibilizado este programa para que las familias puedan aplicarlo en cualquier lugar de Chile durante los pr\u00f3ximos 10 meses. Nos hemos adaptado a estos tiempos, modernizando nuestros sistemas y aumentando la capacidad de respuesta para entregar una atenci\u00f3n de calidad a todos nuestros postulantes\u00bb, afirm\u00f3 el ministro Ward.<\/p>\n<p style=\"text-align: justify;\">Sobre esto \u00faltimo, el Minvu estableci\u00f3 una medida excepcional para todas aquellas familias que tengan un subsidio de Clase Media (DS1) en su modalidad de adquisici\u00f3n de vivienda, pues se levant\u00f3 temporalmente la restricci\u00f3n de aplicaci\u00f3n y podr\u00e1 ser usado en cualquier regi\u00f3n del pa\u00eds sin importar el lugar donde se realiz\u00f3 la postulaci\u00f3n.<\/p>\n<p style=\"text-align: justify;\">En cuanto al proceso, que estar\u00e1 abierto hasta el 31 de mayo, tiene tres v\u00edas de postulaci\u00f3n:<\/p>\n<ul style=\"text-align: justify;\">\n<li>Postulaci\u00f3n autom\u00e1tica: es para quienes no hayan resultado seleccionados en el segundo llamado nacional 2020, y que contin\u00faen cumpliendo con los requisitos. Disponible desde el 19 de mayo.<\/li>\n<li>Postulaci\u00f3n en l\u00ednea: es para quienes postulan por primera vez a la modalidad de adquisici\u00f3n de viviendas en la alternativa individual o sus condiciones cambiaron desde el \u00faltimo llamado 2020. Disponible desde el 24 de mayo.<\/li>\n<li>Postulaci\u00f3n v\u00eda Formulario de Atenci\u00f3n Ciudadana: es para quienes postulan por primera vez a construcci\u00f3n en sitio propio o que deban acreditar una situaci\u00f3n especial (por ejemplo, que no tienen clave \u00fanica o son extranjeros). Disponible desde el 26 de mayo.<\/li>\n<\/ul>\n<p style=\"text-align: justify;\">Tambi\u00e9n el Seremi de Vivienda, Diego Silva, destac\u00f3 la buena noticia recordando que entre los principales requisitos para postular al Subsidio para la Clase Media se encuentran acreditar una cuenta de ahorro con una antig\u00fcedad m\u00ednima de 12 meses y contar con el ahorro m\u00ednimo exigido seg\u00fan tramo; tener Registro Social de Hogares y no superar el tramo de calificaci\u00f3n socioecon\u00f3mica que exige la alternativa (60%, 80% y estar inscrito).<\/p>\n<p style=\"text-align: justify;\">De igual forma record\u00f3 que adem\u00e1s del llamado para Sectores Medios, hay otros procesos de postulaci\u00f3n abiertos de los programas de Arriendo, Hogar Mejor y Habitabilidad Rural. \u201cTal como hemos estado informando a nivel nacional y regional, actualmente\u00a0 desde el Minvu tenemos siete llamados abiertos, para arriendo, adquisici\u00f3n y mejoramiento de vivienda, con m\u00e1s de 80 mil cupos disponibles en todo el pa\u00eds. Por eso la invitaci\u00f3n es a informarse y postular en nuestra p\u00e1gina <a href=\"http:\/\/www.minvu.cl\">www.minvu.cl<\/a> en las fechas estipuladas para cada programa\u201d, concluy\u00f3 la autoridad.<\/p>\n<p style=\"text-align: justify;\"><strong><u>Procesos de postulaci\u00f3n Minvu abiertos<\/u><\/strong><\/p>\n<p style=\"text-align: justify;\"><strong>Subsidios para adquirir o construir una vivienda<\/strong><\/p>\n<ul style=\"text-align: justify;\">\n<li>Subsidio para Sectores Medios-Clase Media DS1 (Del 19 hasta 31 de mayo)<\/li>\n<li>Subsidio Programa de Habitabilidad Rural DS10 (Del 12 de mayo al 29 de septiembre)<\/li>\n<\/ul>\n<p style=\"text-align: justify;\"><strong>Para arrendar una vivienda<\/strong><\/p>\n<ul style=\"text-align: justify;\">\n<li>Subsidio de Arriendo Especial Clase Media (Del 16 hasta el 31 de mayo)<\/li>\n<li>Subsidio de Arriendo Adultos Mayores (Del 12 de mayo al 14 de junio)<\/li>\n<li>Subsidio de Arriendo Regular (25 de mayo hasta el 15 de octubre)<\/li>\n<\/ul>\n<p style=\"text-align: justify;\"><strong>Para mejorar una vivienda <\/strong><\/p>\n<ul style=\"text-align: justify;\">\n<li>Subsidio Hogar Mejor \u2013 Equipamiento Comunitario (hasta el 7 de junio)<\/li>\n<li>Subsidio Hogar Mejor \u2013 Tarjeta Banco de Materiales (hasta el 10 de junio)<\/li>\n<\/ul>\n<\/div><\/section><\/div><div  style='height:50px' class='hr hr-invisible   avia-builder-el-6  el_after_av_one_full  el_before_av_social_share '><span class='hr-inner ' ><span class='hr-inner-style'><\/span><\/span><\/div><\/p>\n<div  class='av-social-sharing-box  avia-builder-el-7  el_after_av_hr  el_before_av_hr  '><div class='av-share-box'><h5 class='av-share-link-description av-no-toc '>Compartir esta noticia<\/h5><ul class='av-share-box-list noLightbox'><li class='av-share-link av-social-link-facebook' ><a target=\"_blank\" aria-label=\"Compartir en Facebook\" href='https:\/\/www.facebook.com\/sharer.php?u=https:\/\/radiorevelacionfm.cl\/?p=4373&#038;t=Minvu%20anuncia%20apertura%20de%20proceso%20de%20postulaci%C3%B3n%20a%20Subsidio%20para%20la%20Clase%20Media' aria-hidden='false' data-av_icon='\ue8f3' data-av_iconfont='entypo-fontello' title='' data-avia-related-tooltip='Compartir en Facebook' rel=\"noopener\"><span class='avia_hidden_link_text'>Compartir en Facebook<\/span><\/a><\/li><li class='av-share-link av-social-link-twitter' ><a target=\"_blank\" aria-label=\"Compartir en Twitter\" href='https:\/\/twitter.com\/share?text=Minvu%20anuncia%20apertura%20de%20proceso%20de%20postulaci%C3%B3n%20a%20Subsidio%20para%20la%20Clase%20Media&#038;url=https:\/\/radiorevelacionfm.cl\/?p=4373' aria-hidden='false' data-av_icon='\ue8f1' data-av_iconfont='entypo-fontello' title='' data-avia-related-tooltip='Compartir en Twitter' rel=\"noopener\"><span class='avia_hidden_link_text'>Compartir en Twitter<\/span><\/a><\/li><li class='av-share-link av-social-link-whatsapp' ><a target=\"_blank\" aria-label=\"Compartir en Whatsapp\" href='https:\/\/api.whatsapp.com\/send?text=https:\/\/radiorevelacionfm.cl\/?p=4373' aria-hidden='false' data-av_icon='\uf232' data-av_iconfont='entypo-fontello' title='' data-avia-related-tooltip='Compartir en Whatsapp' rel=\"noopener\"><span class='avia_hidden_link_text'>Compartir en Whatsapp<\/span><\/a><\/li><li class='av-share-link av-social-link-linkedin' ><a target=\"_blank\" aria-label=\"Compartir en LinkedIn\" href='https:\/\/linkedin.com\/shareArticle?mini=true&#038;title=Minvu%20anuncia%20apertura%20de%20proceso%20de%20postulaci%C3%B3n%20a%20Subsidio%20para%20la%20Clase%20Media&#038;url=https:\/\/radiorevelacionfm.cl\/?p=4373' aria-hidden='false' data-av_icon='\ue8fc' data-av_iconfont='entypo-fontello' title='' data-avia-related-tooltip='Compartir en LinkedIn' rel=\"noopener\"><span class='avia_hidden_link_text'>Compartir en LinkedIn<\/span><\/a><\/li><li class='av-share-link av-social-link-mail' ><a  aria-label=\"Compartir por correo\" href='mailto:?subject=Minvu%20anuncia%20apertura%20de%20proceso%20de%20postulaci%C3%B3n%20a%20Subsidio%20para%20la%20Clase%20Media&#038;body=https:\/\/radiorevelacionfm.cl\/?p=4373' aria-hidden='false' data-av_icon='\ue805' data-av_iconfont='entypo-fontello' title='' data-avia-related-tooltip='Compartir por correo'><span class='avia_hidden_link_text'>Compartir por correo<\/span><\/a><\/li><\/ul><\/div><\/div>\n<div  style='height:50px' class='hr hr-invisible   avia-builder-el-8  el_after_av_social_share  el_before_av_comments_list '><span class='hr-inner ' ><span class='hr-inner-style'><\/span><\/span><\/div>\n<div  class='av-buildercomment  av-blog-meta-html-info-disabled av-blog-meta-tag-disabled  '><\/div>\n","protected":false},"excerpt":{"rendered":"","protected":false},"author":1,"featured_media":0,"comment_status":"open","ping_status":"open","sticky":false,"template":"","format":"standard","meta":{"footnotes":""},"categories":[57],"tags":[],"class_list":["post-4373","post","type-post","status-publish","format-standard","hentry","category-vivienda"],"jetpack_featured_media_url":"","_links":{"self":[{"href":"https:\/\/radiorevelacionfm.cl\/index.php?rest_route=\/wp\/v2\/posts\/4373","targetHints":{"allow":["GET"]}}],"collection":[{"href":"https:\/\/radiorevelacionfm.cl\/index.php?rest_route=\/wp\/v2\/posts"}],"about":[{"href":"https:\/\/radiorevelacionfm.cl\/index.php?rest_route=\/wp\/v2\/types\/post"}],"author":[{"embeddable":true,"href":"https:\/\/radiorevelacionfm.cl\/index.php?rest_route=\/wp\/v2\/users\/1"}],"replies":[{"embeddable":true,"href":"https:\/\/radiorevelacionfm.cl\/index.php?rest_route=%2Fwp%2Fv2%2Fcomments&post=4373"}],"version-history":[{"count":1,"href":"https:\/\/radiorevelacionfm.cl\/index.php?rest_route=\/wp\/v2\/posts\/4373\/revisions"}],"predecessor-version":[{"id":4375,"href":"https:\/\/radiorevelacionfm.cl\/index.php?rest_route=\/wp\/v2\/posts\/4373\/revisions\/4375"}],"wp:attachment":[{"href":"https:\/\/radiorevelacionfm.cl\/index.php?rest_route=%2Fwp%2Fv2%2Fmedia&parent=4373"}],"wp:term":[{"taxonomy":"category","embeddable":true,"href":"https:\/\/radiorevelacionfm.cl\/index.php?rest_route=%2Fwp%2Fv2%2Fcategories&post=4373"},{"taxonomy":"post_tag","embeddable":true,"href":"https:\/\/radiorevelacionfm.cl\/index.php?rest_route=%2Fwp%2Fv2%2Ftags&post=4373"}],"curies":[{"name":"wp","href":"https:\/\/api.w.org\/{rel}","templated":true}]}}