{"id":43727,"date":"2024-07-03T15:43:24","date_gmt":"2024-07-03T18:43:24","guid":{"rendered":"https:\/\/radiorevelacionfm.cl\/?p=43727"},"modified":"2024-07-03T15:43:24","modified_gmt":"2024-07-03T18:43:24","slug":"fosis-y-defensoria-del-contribuyente-invitan-a-postular-a-programa-de-acompanamiento-para-la-formalizacion","status":"publish","type":"post","link":"https:\/\/radiorevelacionfm.cl\/?p=43727","title":{"rendered":"FOSIS y Defensor\u00eda del Contribuyente invitan a postular a programa de acompa\u00f1amiento para la formalizaci\u00f3n"},"content":{"rendered":"<div class=\"flex_column av_one_full  flex_column_div av-zero-column-padding first  avia-builder-el-0  el_before_av_one_full  avia-builder-el-first  \" style='border-radius:0px; '><div  class='avia-image-container  av-styling-    avia-builder-el-1  avia-builder-el-no-sibling  avia-align-center '  itemprop=\"image\" itemscope=\"itemscope\" itemtype=\"https:\/\/schema.org\/ImageObject\"  ><div class='avia-image-container-inner'><div class='avia-image-overlay-wrap'><img decoding=\"async\" class='wp-image-43728 avia-img-lazy-loading-not-43728 avia_image' src=\"https:\/\/radiorevelacionfm.cl\/wp-content\/uploads\/2024\/07\/Salto-a-la-formalizacion-2-1-1.jpg\" alt='' title='Salto a la formalizaci\u00f3n 2 (1) (1)' height=\"600\" width=\"900\"  itemprop=\"thumbnailUrl\" srcset=\"https:\/\/radiorevelacionfm.cl\/wp-content\/uploads\/2024\/07\/Salto-a-la-formalizacion-2-1-1.jpg 900w, https:\/\/radiorevelacionfm.cl\/wp-content\/uploads\/2024\/07\/Salto-a-la-formalizacion-2-1-1-300x200.jpg 300w, https:\/\/radiorevelacionfm.cl\/wp-content\/uploads\/2024\/07\/Salto-a-la-formalizacion-2-1-1-768x512.jpg 768w, https:\/\/radiorevelacionfm.cl\/wp-content\/uploads\/2024\/07\/Salto-a-la-formalizacion-2-1-1-705x470.jpg 705w, https:\/\/radiorevelacionfm.cl\/wp-content\/uploads\/2024\/07\/Salto-a-la-formalizacion-2-1-1-450x300.jpg 450w, https:\/\/radiorevelacionfm.cl\/wp-content\/uploads\/2024\/07\/Salto-a-la-formalizacion-2-1-1-600x400.jpg 600w\" sizes=\"(max-width: 900px) 100vw, 900px\" \/><\/div><\/div><\/div><\/div><div class=\"flex_column av_one_full  flex_column_div av-zero-column-padding first  avia-builder-el-2  el_after_av_one_full  el_before_av_one_full  column-top-margin\" style='border-radius:0px; '><section class=\"av_textblock_section \"  itemscope=\"itemscope\" itemtype=\"https:\/\/schema.org\/BlogPosting\" itemprop=\"blogPost\" ><div class='avia_textblock  '   itemprop=\"text\" ><p style=\"text-align: center;\"><span style=\"font-size: 18pt;\"><strong>FOSIS y Defensor\u00eda del Contribuyente invitan a postular a programa de acompa\u00f1amiento para la formalizaci\u00f3n<\/strong><\/span><\/p>\n<div id=\"gtx-trans\" style=\"position: absolute; left: -50px; top: 4.31534px;\">\n<div class=\"gtx-trans-icon\"><\/div>\n<\/div>\n<\/div><\/section><\/div><div class=\"flex_column av_one_full  flex_column_div av-zero-column-padding first  avia-builder-el-4  el_after_av_one_full  el_before_av_hr  column-top-margin\" style='border-radius:0px; '><section class=\"av_textblock_section \"  itemscope=\"itemscope\" itemtype=\"https:\/\/schema.org\/BlogPosting\" itemprop=\"blogPost\" ><div class='avia_textblock  '   itemprop=\"text\" ><p style=\"text-align: justify;\"><em>200 cupos gratuitos para aquellas personas emprendedoras que est\u00e1n coemnzando el camino hacia la iniciaci\u00f3n de actividades de sus negocios.<\/em><\/p>\n<p style=\"text-align: justify;\"><em>El formulario de postulaci\u00f3n se encuentra disponible en <\/em><a href=\"http:\/\/www.fosis.gob.cl\"><em>fosis.gob.cl<\/em><\/a><em> hasta el viernes 12 de julio. <\/em><\/p>\n<p style=\"text-align: justify;\">La iniciativa es parte de la campa\u00f1a \u201cDa un salto a la formalizaci\u00f3n\u201d, iniciada el a\u00f1o pasado por el Fondo de Solidaridad e Inversi\u00f3n Social, FOSIS y la Defensor\u00eda del Contribuyente, DEDECON, cuya finalidad es incentivar la regularizaci\u00f3n de los emprendimientos.<\/p>\n<p style=\"text-align: justify;\">La campa\u00f1a compromete a ambas instituciones para coordinar un trabajo en com\u00fan y realizar actividades de capacitaci\u00f3n y orientaci\u00f3n en materias tributarias para personas emprendedoras que est\u00e1n iniciando el camino hacia la formalizaci\u00f3n.<\/p>\n<p style=\"text-align: justify;\">Quienes resulten seleccionados de esta convocatoria recibir\u00e1n informaci\u00f3n peri\u00f3dicas, entrega de material de apoyo, invitaciones a charlas sobre temas tributarios, informaci\u00f3n sobre actualizaciones de la normativa tributaria y un canal de comunicaci\u00f3n para consultas.<\/p>\n<p style=\"text-align: justify;\">La Directora Regional del FOSIS, Fernanda Leiva, invit\u00f3 a emprendedores y emprendedoras locales a informarse sobre los beneficios de la formalizaci\u00f3n y a postular a este programa de acompa\u00f1amiento. \u201cEntendemos que muchas veces la formalizaci\u00f3n no es un paso simple para los emprendimientos, ya que existen dudas y mitos al respecto, por este motivo es que estamos haciendo un llamado a emprendedoras y emprendedores de la regi\u00f3n de Ays\u00e9n, que tengan inter\u00e9s en dar este salto a la formalizaci\u00f3n, para que puedan postular a este programa de acompa\u00f1amiento hasta el 12 de julio en www.fosis.gob.cl\u201d<\/p>\n<p style=\"text-align: justify;\">La autoridad adem\u00e1s detall\u00f3 que \u201cesta instancia de acompa\u00f1amiento especializado en temas tributarios tiene una duraci\u00f3n de dos a\u00f1os y los requisitos son ser mayor de 18 a\u00f1os, tener Clave \u00danica y un emprendimiento en funcionamiento\u201d.<\/p>\n<p style=\"text-align: justify;\">Cabe destacar que, a nivel nacional, dentro del universo de personas trabajando en la informalidad, seg\u00fan datos del INE, el 52,4% son trabajadores por cuenta propia \u2014en su mayor\u00eda informales\u2014 que es el p\u00fablico objetivo que persigue esta iniciativa del Gobierno, con el fin de otorgar herramientas y asesor\u00eda a peque\u00f1os emprendimientos, que est\u00e1n iniciando su proceso y que pertenecen a las familias m\u00e1s vulnerables.<\/p>\n<\/div><\/section><\/div><div  style='height:50px' class='hr hr-invisible   avia-builder-el-6  el_after_av_one_full  el_before_av_social_share '><span class='hr-inner ' ><span class='hr-inner-style'><\/span><\/span><\/div><\/p>\n<div  class='av-social-sharing-box  avia-builder-el-7  el_after_av_hr  el_before_av_hr  '><div class='av-share-box'><h5 class='av-share-link-description av-no-toc '>Compartir esta noticia<\/h5><ul class='av-share-box-list noLightbox'><li class='av-share-link av-social-link-facebook' ><a target=\"_blank\" aria-label=\"Compartir en Facebook\" href='https:\/\/www.facebook.com\/sharer.php?u=https:\/\/radiorevelacionfm.cl\/?p=43727&#038;t=FOSIS%20y%20Defensor%C3%ADa%20del%20Contribuyente%20invitan%20a%20postular%20a%20programa%20de%20acompa%C3%B1amiento%20para%20la%20formalizaci%C3%B3n' aria-hidden='false' data-av_icon='\ue8f3' data-av_iconfont='entypo-fontello' title='' data-avia-related-tooltip='Compartir en Facebook' rel=\"noopener\"><span class='avia_hidden_link_text'>Compartir en Facebook<\/span><\/a><\/li><li class='av-share-link av-social-link-twitter' ><a target=\"_blank\" aria-label=\"Compartir en Twitter\" href='https:\/\/twitter.com\/share?text=FOSIS%20y%20Defensor%C3%ADa%20del%20Contribuyente%20invitan%20a%20postular%20a%20programa%20de%20acompa%C3%B1amiento%20para%20la%20formalizaci%C3%B3n&#038;url=https:\/\/radiorevelacionfm.cl\/?p=43727' aria-hidden='false' data-av_icon='\ue8f1' data-av_iconfont='entypo-fontello' title='' data-avia-related-tooltip='Compartir en Twitter' rel=\"noopener\"><span class='avia_hidden_link_text'>Compartir en Twitter<\/span><\/a><\/li><li class='av-share-link av-social-link-whatsapp' ><a target=\"_blank\" aria-label=\"Compartir en Whatsapp\" href='https:\/\/api.whatsapp.com\/send?text=https:\/\/radiorevelacionfm.cl\/?p=43727' aria-hidden='false' data-av_icon='\uf232' data-av_iconfont='entypo-fontello' title='' data-avia-related-tooltip='Compartir en Whatsapp' rel=\"noopener\"><span class='avia_hidden_link_text'>Compartir en Whatsapp<\/span><\/a><\/li><li class='av-share-link av-social-link-linkedin' ><a target=\"_blank\" aria-label=\"Compartir en LinkedIn\" href='https:\/\/linkedin.com\/shareArticle?mini=true&#038;title=FOSIS%20y%20Defensor%C3%ADa%20del%20Contribuyente%20invitan%20a%20postular%20a%20programa%20de%20acompa%C3%B1amiento%20para%20la%20formalizaci%C3%B3n&#038;url=https:\/\/radiorevelacionfm.cl\/?p=43727' aria-hidden='false' data-av_icon='\ue8fc' data-av_iconfont='entypo-fontello' title='' data-avia-related-tooltip='Compartir en LinkedIn' rel=\"noopener\"><span class='avia_hidden_link_text'>Compartir en LinkedIn<\/span><\/a><\/li><li class='av-share-link av-social-link-mail' ><a  aria-label=\"Compartir por correo\" href='mailto:?subject=FOSIS%20y%20Defensor%C3%ADa%20del%20Contribuyente%20invitan%20a%20postular%20a%20programa%20de%20acompa%C3%B1amiento%20para%20la%20formalizaci%C3%B3n&#038;body=https:\/\/radiorevelacionfm.cl\/?p=43727' aria-hidden='false' data-av_icon='\ue805' data-av_iconfont='entypo-fontello' title='' data-avia-related-tooltip='Compartir por correo'><span class='avia_hidden_link_text'>Compartir por correo<\/span><\/a><\/li><\/ul><\/div><\/div>\n<div  style='height:50px' class='hr hr-invisible   avia-builder-el-8  el_after_av_social_share  el_before_av_comments_list '><span class='hr-inner ' ><span class='hr-inner-style'><\/span><\/span><\/div>\n<div  class='av-buildercomment  av-blog-meta-html-info-disabled av-blog-meta-tag-disabled  '><\/div>\n","protected":false},"excerpt":{"rendered":"","protected":false},"author":1,"featured_media":43728,"comment_status":"open","ping_status":"open","sticky":false,"template":"","format":"standard","meta":{"footnotes":""},"categories":[37],"tags":[],"class_list":["post-43727","post","type-post","status-publish","format-standard","has-post-thumbnail","hentry","category-economia"],"jetpack_featured_media_url":"https:\/\/radiorevelacionfm.cl\/wp-content\/uploads\/2024\/07\/Salto-a-la-formalizacion-2-1-1.jpg","_links":{"self":[{"href":"https:\/\/radiorevelacionfm.cl\/index.php?rest_route=\/wp\/v2\/posts\/43727","targetHints":{"allow":["GET"]}}],"collection":[{"href":"https:\/\/radiorevelacionfm.cl\/index.php?rest_route=\/wp\/v2\/posts"}],"about":[{"href":"https:\/\/radiorevelacionfm.cl\/index.php?rest_route=\/wp\/v2\/types\/post"}],"author":[{"embeddable":true,"href":"https:\/\/radiorevelacionfm.cl\/index.php?rest_route=\/wp\/v2\/users\/1"}],"replies":[{"embeddable":true,"href":"https:\/\/radiorevelacionfm.cl\/index.php?rest_route=%2Fwp%2Fv2%2Fcomments&post=43727"}],"version-history":[{"count":2,"href":"https:\/\/radiorevelacionfm.cl\/index.php?rest_route=\/wp\/v2\/posts\/43727\/revisions"}],"predecessor-version":[{"id":43768,"href":"https:\/\/radiorevelacionfm.cl\/index.php?rest_route=\/wp\/v2\/posts\/43727\/revisions\/43768"}],"wp:featuredmedia":[{"embeddable":true,"href":"https:\/\/radiorevelacionfm.cl\/index.php?rest_route=\/wp\/v2\/media\/43728"}],"wp:attachment":[{"href":"https:\/\/radiorevelacionfm.cl\/index.php?rest_route=%2Fwp%2Fv2%2Fmedia&parent=43727"}],"wp:term":[{"taxonomy":"category","embeddable":true,"href":"https:\/\/radiorevelacionfm.cl\/index.php?rest_route=%2Fwp%2Fv2%2Fcategories&post=43727"},{"taxonomy":"post_tag","embeddable":true,"href":"https:\/\/radiorevelacionfm.cl\/index.php?rest_route=%2Fwp%2Fv2%2Ftags&post=43727"}],"curies":[{"name":"wp","href":"https:\/\/api.w.org\/{rel}","templated":true}]}}