{"id":43723,"date":"2024-07-03T11:30:02","date_gmt":"2024-07-03T14:30:02","guid":{"rendered":"https:\/\/radiorevelacionfm.cl\/?p=43723"},"modified":"2024-07-03T11:30:02","modified_gmt":"2024-07-03T14:30:02","slug":"se-inician-postulaciones-a-los-fondos-de-cultura-2025","status":"publish","type":"post","link":"https:\/\/radiorevelacionfm.cl\/?p=43723","title":{"rendered":"Se inician postulaciones a los Fondos de Cultura 2025"},"content":{"rendered":"<div class=\"flex_column av_one_full  flex_column_div av-zero-column-padding first  avia-builder-el-0  el_before_av_one_full  avia-builder-el-first  \" style='border-radius:0px; '><div  class='avia-image-container  av-styling-    avia-builder-el-1  avia-builder-el-no-sibling  avia-align-center '  itemprop=\"image\" itemscope=\"itemscope\" itemtype=\"https:\/\/schema.org\/ImageObject\"  ><div class='avia-image-container-inner'><div class='avia-image-overlay-wrap'><img decoding=\"async\" class='wp-image-43724 avia-img-lazy-loading-not-43724 avia_image' src=\"https:\/\/radiorevelacionfm.cl\/wp-content\/uploads\/2024\/07\/naara-fondos-cultura-1-1.jpg\" alt='' title='naara fondos cultura (1) (1)' height=\"600\" width=\"900\"  itemprop=\"thumbnailUrl\" srcset=\"https:\/\/radiorevelacionfm.cl\/wp-content\/uploads\/2024\/07\/naara-fondos-cultura-1-1.jpg 900w, https:\/\/radiorevelacionfm.cl\/wp-content\/uploads\/2024\/07\/naara-fondos-cultura-1-1-300x200.jpg 300w, https:\/\/radiorevelacionfm.cl\/wp-content\/uploads\/2024\/07\/naara-fondos-cultura-1-1-768x512.jpg 768w, https:\/\/radiorevelacionfm.cl\/wp-content\/uploads\/2024\/07\/naara-fondos-cultura-1-1-705x470.jpg 705w, https:\/\/radiorevelacionfm.cl\/wp-content\/uploads\/2024\/07\/naara-fondos-cultura-1-1-450x300.jpg 450w, https:\/\/radiorevelacionfm.cl\/wp-content\/uploads\/2024\/07\/naara-fondos-cultura-1-1-600x400.jpg 600w\" sizes=\"(max-width: 900px) 100vw, 900px\" \/><\/div><\/div><\/div><\/div>\n<div class=\"flex_column av_one_full  flex_column_div av-zero-column-padding first  avia-builder-el-2  el_after_av_one_full  el_before_av_one_full  column-top-margin\" style='border-radius:0px; '><section class=\"av_textblock_section \"  itemscope=\"itemscope\" itemtype=\"https:\/\/schema.org\/BlogPosting\" itemprop=\"blogPost\" ><div class='avia_textblock  '   itemprop=\"text\" ><p style=\"text-align: center;\"><span style=\"font-size: 18pt;\"><b>Se inician postulaciones a los Fondos de Cultura 2025<\/b><\/span><\/p>\n<div id=\"gtx-trans\" style=\"position: absolute; left: -50px; top: 4.31534px;\">\n<div class=\"gtx-trans-icon\"><\/div>\n<\/div>\n<\/div><\/section><\/div>\n<div class=\"flex_column av_one_full  flex_column_div av-zero-column-padding first  avia-builder-el-4  el_after_av_one_full  el_before_av_hr  column-top-margin\" style='border-radius:0px; '><section class=\"av_textblock_section \"  itemscope=\"itemscope\" itemtype=\"https:\/\/schema.org\/BlogPosting\" itemprop=\"blogPost\" ><div class='avia_textblock  '   itemprop=\"text\" ><p style=\"text-align: justify;\"><em>Con el foco puesto en la descentralizaci\u00f3n de los recursos y cuotas regionales, adem\u00e1s de incentivos para priorizar a mujeres en los equipos de trabajo, ha comenzado el proceso de postulaciones a los Fondos de Cultura 2025.<\/em><\/p>\n<p style=\"text-align: justify;\">Ya est\u00e1n abiertas todas las l\u00edneas del Fondo del Libro y la Lectura, el Fondo de la M\u00fasica y el de Artes Esc\u00e9nicas. El Fondo Nacional de Desarrollo Cultural y las Artes, Fondart Nacional y Regional, abrir\u00e1 el 19 de julio, mientras que el Audiovisual el 23 de este mes.<\/p>\n<p style=\"text-align: justify;\">Los seis fondos y las 44 l\u00edneas que estar\u00e1n abiertas para el proceso 2025 contemplan un presupuesto total de m\u00e1s de 36 mil millones de pesos. Los proyectos que favorezcan el est\u00edmulo al trabajo cultural y generen mayor empleabilidad ser\u00e1n priorizados.<\/p>\n<p style=\"text-align: justify;\">El seremi de Culturas Ays\u00e9n, Felipe Quiroz, invit\u00f3 a las y los agentes culturales de la regi\u00f3n a conocer las bases y postular: \u201cEs sumamente importante que los recursos que se est\u00e1n concursando queden en nuestra regi\u00f3n para beneficio de las y los habitantes. Cada a\u00f1o, Ays\u00e9n muestra mayor inter\u00e9s no solo en participar, sino en mejorar las postulaciones. Y eso se traduce en que cada nuevo proceso cuenta con m\u00e1s proyectos art\u00edstico-culturales que enriquecen a las audiencias y generan contenido de calidad que atraviesa nuestra identidad, nuestro patrimonio, y permite que las y los creadores multipliquen su obra\u201d.<\/p>\n<p style=\"text-align: justify;\">Una de las principales novedades de los\u00a0Fondos\u00a0de Cultura 2025 es que por primera vez cruza la informaci\u00f3n con el Registro Nacional de Deudores de Pensiones de Alimentos. En caso de que las personas naturales responsables de proyectos seleccionados se encuentren en dicho registro al momento de la firma del convenio, deber\u00e1n acreditar con documentaci\u00f3n pertinente el pago de la deuda para completar el proceso. De lo contrario, el proyecto no se adjudicar\u00e1. Si despu\u00e9s de la firma del convenio la persona responsable del proyecto seleccionado es ingresada en el registro, la instituci\u00f3n tendr\u00e1 la facultad de retener el equivalente al 50% del financiamiento o bien un monto inferior, si este es suficiente para saldar la deuda, con el fin de transferirla posteriormente al responsable del beneficiario\/a.<\/p>\n<p style=\"text-align: justify;\">La escritora regional Marcela Cruces postul\u00f3 y se adjudic\u00f3 el Fondo del Libro 2024: \u201cPara m\u00ed ha sido superimportante porque es un reconocimiento al trabajo que he venido haciendo desde hace muy poco tiempo. Finalmente, hay una revisi\u00f3n en este caso de mi escritura, te env\u00edan sugerencias y reconocen que podr\u00eda hacer un libro, porque postul\u00e9 para poder escribir mi primer libro. No pens\u00e9 que me iba a ganar la beca porque no tengo otros libros escritos anteriormente. Obtenerla es un gran impulso. Quiero instar a todas aquellas personas que est\u00e1n escribiendo a que participen, que postulen y que puedan presentar sus trabajos para que este fondo haga su revisi\u00f3n y pueda beneficiarlos\u201d.<\/p>\n<p style=\"text-align: justify;\">La directora del Centro Cultural Casa Alerce de Puerto Ays\u00e9n, Paulina C\u00e1ceres, quien gestiona actualmente un Fondart, explica la utilidad que han tenido los Fondos de Cultura: \u201cSon recursos que apuntan a dignificar el trabajo que hacemos como artistas; la autogesti\u00f3n es nuestra base, pero cuando aparecen los recursos podemos pensar en pagar sueldos, en generar actividades con m\u00e1s materiales, con m\u00e1s opciones para las personas que participan. En ese sentido es un aporte completamente\u201d.<\/p>\n<p style=\"text-align: justify;\">Conoce las l\u00edneas, fechas y los detalles de todos los Fondos de Cultura 2025 en\u00a0<a href=\"http:\/\/www.fondosdecultura.cl\/\">www.fondosdecultura.cl<\/a>.<\/p>\n<\/div><\/section><\/div><div  style='height:50px' class='hr hr-invisible   avia-builder-el-6  el_after_av_one_full  el_before_av_social_share '><span class='hr-inner ' ><span class='hr-inner-style'><\/span><\/span><\/div><\/p>\n<div  class='av-social-sharing-box  avia-builder-el-7  el_after_av_hr  el_before_av_hr  '><div class='av-share-box'><h5 class='av-share-link-description av-no-toc '>Compartir esta noticia<\/h5><ul class='av-share-box-list noLightbox'><li class='av-share-link av-social-link-facebook' ><a target=\"_blank\" aria-label=\"Compartir en Facebook\" href='https:\/\/www.facebook.com\/sharer.php?u=https:\/\/radiorevelacionfm.cl\/?p=43723&#038;t=Se%20inician%20postulaciones%20a%20los%20Fondos%20de%20Cultura%202025' aria-hidden='false' data-av_icon='\ue8f3' data-av_iconfont='entypo-fontello' title='' data-avia-related-tooltip='Compartir en Facebook' rel=\"noopener\"><span class='avia_hidden_link_text'>Compartir en Facebook<\/span><\/a><\/li><li class='av-share-link av-social-link-twitter' ><a target=\"_blank\" aria-label=\"Compartir en Twitter\" href='https:\/\/twitter.com\/share?text=Se%20inician%20postulaciones%20a%20los%20Fondos%20de%20Cultura%202025&#038;url=https:\/\/radiorevelacionfm.cl\/?p=43723' aria-hidden='false' data-av_icon='\ue8f1' data-av_iconfont='entypo-fontello' title='' data-avia-related-tooltip='Compartir en Twitter' rel=\"noopener\"><span class='avia_hidden_link_text'>Compartir en Twitter<\/span><\/a><\/li><li class='av-share-link av-social-link-whatsapp' ><a target=\"_blank\" aria-label=\"Compartir en Whatsapp\" href='https:\/\/api.whatsapp.com\/send?text=https:\/\/radiorevelacionfm.cl\/?p=43723' aria-hidden='false' data-av_icon='\uf232' data-av_iconfont='entypo-fontello' title='' data-avia-related-tooltip='Compartir en Whatsapp' rel=\"noopener\"><span class='avia_hidden_link_text'>Compartir en Whatsapp<\/span><\/a><\/li><li class='av-share-link av-social-link-linkedin' ><a target=\"_blank\" aria-label=\"Compartir en LinkedIn\" href='https:\/\/linkedin.com\/shareArticle?mini=true&#038;title=Se%20inician%20postulaciones%20a%20los%20Fondos%20de%20Cultura%202025&#038;url=https:\/\/radiorevelacionfm.cl\/?p=43723' aria-hidden='false' data-av_icon='\ue8fc' data-av_iconfont='entypo-fontello' title='' data-avia-related-tooltip='Compartir en LinkedIn' rel=\"noopener\"><span class='avia_hidden_link_text'>Compartir en LinkedIn<\/span><\/a><\/li><li class='av-share-link av-social-link-mail' ><a  aria-label=\"Compartir por correo\" href='mailto:?subject=Se%20inician%20postulaciones%20a%20los%20Fondos%20de%20Cultura%202025&#038;body=https:\/\/radiorevelacionfm.cl\/?p=43723' aria-hidden='false' data-av_icon='\ue805' data-av_iconfont='entypo-fontello' title='' data-avia-related-tooltip='Compartir por correo'><span class='avia_hidden_link_text'>Compartir por correo<\/span><\/a><\/li><\/ul><\/div><\/div>\n<div  style='height:50px' class='hr hr-invisible   avia-builder-el-8  el_after_av_social_share  el_before_av_comments_list '><span class='hr-inner ' ><span class='hr-inner-style'><\/span><\/span><\/div>\n<div  class='av-buildercomment  av-blog-meta-html-info-disabled av-blog-meta-tag-disabled  '><\/div>\n","protected":false},"excerpt":{"rendered":"","protected":false},"author":1,"featured_media":43724,"comment_status":"open","ping_status":"open","sticky":false,"template":"","format":"standard","meta":{"footnotes":""},"categories":[52],"tags":[],"class_list":["post-43723","post","type-post","status-publish","format-standard","has-post-thumbnail","hentry","category-cultura"],"jetpack_featured_media_url":"https:\/\/radiorevelacionfm.cl\/wp-content\/uploads\/2024\/07\/naara-fondos-cultura-1-1.jpg","_links":{"self":[{"href":"https:\/\/radiorevelacionfm.cl\/index.php?rest_route=\/wp\/v2\/posts\/43723","targetHints":{"allow":["GET"]}}],"collection":[{"href":"https:\/\/radiorevelacionfm.cl\/index.php?rest_route=\/wp\/v2\/posts"}],"about":[{"href":"https:\/\/radiorevelacionfm.cl\/index.php?rest_route=\/wp\/v2\/types\/post"}],"author":[{"embeddable":true,"href":"https:\/\/radiorevelacionfm.cl\/index.php?rest_route=\/wp\/v2\/users\/1"}],"replies":[{"embeddable":true,"href":"https:\/\/radiorevelacionfm.cl\/index.php?rest_route=%2Fwp%2Fv2%2Fcomments&post=43723"}],"version-history":[{"count":2,"href":"https:\/\/radiorevelacionfm.cl\/index.php?rest_route=\/wp\/v2\/posts\/43723\/revisions"}],"predecessor-version":[{"id":43754,"href":"https:\/\/radiorevelacionfm.cl\/index.php?rest_route=\/wp\/v2\/posts\/43723\/revisions\/43754"}],"wp:featuredmedia":[{"embeddable":true,"href":"https:\/\/radiorevelacionfm.cl\/index.php?rest_route=\/wp\/v2\/media\/43724"}],"wp:attachment":[{"href":"https:\/\/radiorevelacionfm.cl\/index.php?rest_route=%2Fwp%2Fv2%2Fmedia&parent=43723"}],"wp:term":[{"taxonomy":"category","embeddable":true,"href":"https:\/\/radiorevelacionfm.cl\/index.php?rest_route=%2Fwp%2Fv2%2Fcategories&post=43723"},{"taxonomy":"post_tag","embeddable":true,"href":"https:\/\/radiorevelacionfm.cl\/index.php?rest_route=%2Fwp%2Fv2%2Ftags&post=43723"}],"curies":[{"name":"wp","href":"https:\/\/api.w.org\/{rel}","templated":true}]}}