{"id":43719,"date":"2024-07-02T18:57:13","date_gmt":"2024-07-02T21:57:13","guid":{"rendered":"https:\/\/radiorevelacionfm.cl\/?p=43719"},"modified":"2024-07-02T18:57:13","modified_gmt":"2024-07-02T21:57:13","slug":"pdi-confirma-investigacion-por-derrame-de-combustible-en-puerto-chacabuco","status":"publish","type":"post","link":"https:\/\/radiorevelacionfm.cl\/?p=43719","title":{"rendered":"PDI confirma investigaci\u00f3n por derrame de combustible en Puerto Chacabuco"},"content":{"rendered":"<div class=\"flex_column av_one_full  flex_column_div av-zero-column-padding first  avia-builder-el-0  el_before_av_one_full  avia-builder-el-first  \" style='border-radius:0px; '><div  class='avia-image-container  av-styling-    avia-builder-el-1  avia-builder-el-no-sibling  avia-align-center '  itemprop=\"image\" itemscope=\"itemscope\" itemtype=\"https:\/\/schema.org\/ImageObject\"  ><div class='avia-image-container-inner'><div class='avia-image-overlay-wrap'><img decoding=\"async\" class='wp-image-43720 avia-img-lazy-loading-not-43720 avia_image' src=\"https:\/\/radiorevelacionfm.cl\/wp-content\/uploads\/2024\/07\/02-07-2024-Subprefecto-Claudio-Reyes-Jefe-BIDEMA-Aysen-Derrame-combustible-en-Puerto-Chacabuco-002-2-2.jpeg\" alt='' title='02-07-2024 Subprefecto Claudio Reyes - Jefe BIDEMA Ays\u00e9n - Derrame combustible en Puerto Chacabuco 002-2-2' height=\"600\" width=\"914\"  itemprop=\"thumbnailUrl\" srcset=\"https:\/\/radiorevelacionfm.cl\/wp-content\/uploads\/2024\/07\/02-07-2024-Subprefecto-Claudio-Reyes-Jefe-BIDEMA-Aysen-Derrame-combustible-en-Puerto-Chacabuco-002-2-2.jpeg 914w, https:\/\/radiorevelacionfm.cl\/wp-content\/uploads\/2024\/07\/02-07-2024-Subprefecto-Claudio-Reyes-Jefe-BIDEMA-Aysen-Derrame-combustible-en-Puerto-Chacabuco-002-2-2-300x197.jpeg 300w, https:\/\/radiorevelacionfm.cl\/wp-content\/uploads\/2024\/07\/02-07-2024-Subprefecto-Claudio-Reyes-Jefe-BIDEMA-Aysen-Derrame-combustible-en-Puerto-Chacabuco-002-2-2-768x504.jpeg 768w, https:\/\/radiorevelacionfm.cl\/wp-content\/uploads\/2024\/07\/02-07-2024-Subprefecto-Claudio-Reyes-Jefe-BIDEMA-Aysen-Derrame-combustible-en-Puerto-Chacabuco-002-2-2-705x463.jpeg 705w, https:\/\/radiorevelacionfm.cl\/wp-content\/uploads\/2024\/07\/02-07-2024-Subprefecto-Claudio-Reyes-Jefe-BIDEMA-Aysen-Derrame-combustible-en-Puerto-Chacabuco-002-2-2-450x295.jpeg 450w, https:\/\/radiorevelacionfm.cl\/wp-content\/uploads\/2024\/07\/02-07-2024-Subprefecto-Claudio-Reyes-Jefe-BIDEMA-Aysen-Derrame-combustible-en-Puerto-Chacabuco-002-2-2-600x394.jpeg 600w\" sizes=\"(max-width: 914px) 100vw, 914px\" \/><\/div><\/div><\/div><\/div><div class=\"flex_column av_one_full  flex_column_div av-zero-column-padding first  avia-builder-el-2  el_after_av_one_full  el_before_av_one_full  column-top-margin\" style='border-radius:0px; '><section class=\"av_textblock_section \"  itemscope=\"itemscope\" itemtype=\"https:\/\/schema.org\/BlogPosting\" itemprop=\"blogPost\" ><div class='avia_textblock  '   itemprop=\"text\" ><p style=\"text-align: center;\"><span style=\"font-size: 18pt;\"><strong>PDI confirma investigaci\u00f3n por derrame de combustible en Puerto Chacabuco<\/strong><\/span><\/p>\n<div id=\"gtx-trans\" style=\"position: absolute; left: -50px; top: 4.31534px;\">\n<div class=\"gtx-trans-icon\"><\/div>\n<\/div>\n<\/div><\/section><\/div><div class=\"flex_column av_one_full  flex_column_div av-zero-column-padding first  avia-builder-el-4  el_after_av_one_full  el_before_av_hr  column-top-margin\" style='border-radius:0px; '><section class=\"av_textblock_section \"  itemscope=\"itemscope\" itemtype=\"https:\/\/schema.org\/BlogPosting\" itemprop=\"blogPost\" ><div class='avia_textblock  '   itemprop=\"text\" ><p style=\"text-align: justify;\">Esta ma\u00f1ana, detectives de la Brigada Investigadora de Delitos Contra el Medio Ambiente y Patrimonio Cultural (BIDEMA) Ays\u00e9n confirmaron el inicio de una investigaci\u00f3n por el delito de contaminaci\u00f3n y el desarrollo de diversas diligencias investigativas por el derrame de combustible ocurrido en la bah\u00eda de Puerto Chacabuco.<\/p>\n<p style=\"text-align: justify;\">Al respecto, el jefe de la brigada especializada, subprefecto Claudio Reyes, inform\u00f3 que \u201cel Ministerio P\u00fablico instruy\u00f3 una orden de investigar a esta brigada especializada a fin de determinar las causas que provocaron este derrame y poder ver las \u00e1reas afectadas en el lugar\u201d.<\/p>\n<p style=\"text-align: justify;\">Del mismo modo, el jefe de la BIDEMA Ays\u00e9n se\u00f1al\u00f3 que \u201cse concurri\u00f3 con personal especializado de la Brigada Investigadora de Delitos del Medio Ambiente y tambi\u00e9n con el Laboratorio de Criminal\u00edstica Regional para realizar las pericias de rigor\u201d, confirmando la incautaci\u00f3n de documentaci\u00f3n y la toma de declaraciones.<\/p>\n<p style=\"text-align: justify;\">El oficial policial puntualiz\u00f3 que \u201cla investigaci\u00f3n todav\u00eda est\u00e1 en curso, cuyo resultado ser\u00e1 informado oportunamente al Ministerio P\u00fablico\u201d.<\/p>\n<p style=\"text-align: justify;\">Finalmente, es importante se\u00f1alar que la autoridad mar\u00edtima, en coordinaci\u00f3n con personal de la embarcaci\u00f3n, se encuentra realizando maniobras de contingencia frente a la emergencia, espec\u00edficamente recolecci\u00f3n de petr\u00f3leo desde el mar con pa\u00f1os absorbentes de combustible y drenaje a fin mitigar las consecuencias del derrame.<\/p>\n<\/div><\/section><\/div><div  style='height:50px' class='hr hr-invisible   avia-builder-el-6  el_after_av_one_full  el_before_av_social_share '><span class='hr-inner ' ><span class='hr-inner-style'><\/span><\/span><\/div><\/p>\n<div  class='av-social-sharing-box  avia-builder-el-7  el_after_av_hr  el_before_av_hr  '><div class='av-share-box'><h5 class='av-share-link-description av-no-toc '>Compartir esta noticia<\/h5><ul class='av-share-box-list noLightbox'><li class='av-share-link av-social-link-facebook' ><a target=\"_blank\" aria-label=\"Compartir en Facebook\" href='https:\/\/www.facebook.com\/sharer.php?u=https:\/\/radiorevelacionfm.cl\/?p=43719&#038;t=PDI%20confirma%20investigaci%C3%B3n%20por%20derrame%20de%20combustible%20en%20Puerto%20Chacabuco' aria-hidden='false' data-av_icon='\ue8f3' data-av_iconfont='entypo-fontello' title='' data-avia-related-tooltip='Compartir en Facebook' rel=\"noopener\"><span class='avia_hidden_link_text'>Compartir en Facebook<\/span><\/a><\/li><li class='av-share-link av-social-link-twitter' ><a target=\"_blank\" aria-label=\"Compartir en Twitter\" href='https:\/\/twitter.com\/share?text=PDI%20confirma%20investigaci%C3%B3n%20por%20derrame%20de%20combustible%20en%20Puerto%20Chacabuco&#038;url=https:\/\/radiorevelacionfm.cl\/?p=43719' aria-hidden='false' data-av_icon='\ue8f1' data-av_iconfont='entypo-fontello' title='' data-avia-related-tooltip='Compartir en Twitter' rel=\"noopener\"><span class='avia_hidden_link_text'>Compartir en Twitter<\/span><\/a><\/li><li class='av-share-link av-social-link-whatsapp' ><a target=\"_blank\" aria-label=\"Compartir en Whatsapp\" href='https:\/\/api.whatsapp.com\/send?text=https:\/\/radiorevelacionfm.cl\/?p=43719' aria-hidden='false' data-av_icon='\uf232' data-av_iconfont='entypo-fontello' title='' data-avia-related-tooltip='Compartir en Whatsapp' rel=\"noopener\"><span class='avia_hidden_link_text'>Compartir en Whatsapp<\/span><\/a><\/li><li class='av-share-link av-social-link-linkedin' ><a target=\"_blank\" aria-label=\"Compartir en LinkedIn\" href='https:\/\/linkedin.com\/shareArticle?mini=true&#038;title=PDI%20confirma%20investigaci%C3%B3n%20por%20derrame%20de%20combustible%20en%20Puerto%20Chacabuco&#038;url=https:\/\/radiorevelacionfm.cl\/?p=43719' aria-hidden='false' data-av_icon='\ue8fc' data-av_iconfont='entypo-fontello' title='' data-avia-related-tooltip='Compartir en LinkedIn' rel=\"noopener\"><span class='avia_hidden_link_text'>Compartir en LinkedIn<\/span><\/a><\/li><li class='av-share-link av-social-link-mail' ><a  aria-label=\"Compartir por correo\" href='mailto:?subject=PDI%20confirma%20investigaci%C3%B3n%20por%20derrame%20de%20combustible%20en%20Puerto%20Chacabuco&#038;body=https:\/\/radiorevelacionfm.cl\/?p=43719' aria-hidden='false' data-av_icon='\ue805' data-av_iconfont='entypo-fontello' title='' data-avia-related-tooltip='Compartir por correo'><span class='avia_hidden_link_text'>Compartir por correo<\/span><\/a><\/li><\/ul><\/div><\/div>\n<div  style='height:50px' class='hr hr-invisible   avia-builder-el-8  el_after_av_social_share  el_before_av_comments_list '><span class='hr-inner ' ><span class='hr-inner-style'><\/span><\/span><\/div>\n<div  class='av-buildercomment  av-blog-meta-html-info-disabled av-blog-meta-tag-disabled  '><\/div>\n","protected":false},"excerpt":{"rendered":"","protected":false},"author":1,"featured_media":43720,"comment_status":"open","ping_status":"open","sticky":false,"template":"","format":"standard","meta":{"footnotes":""},"categories":[36],"tags":[],"class_list":["post-43719","post","type-post","status-publish","format-standard","has-post-thumbnail","hentry","category-policial"],"jetpack_featured_media_url":"https:\/\/radiorevelacionfm.cl\/wp-content\/uploads\/2024\/07\/02-07-2024-Subprefecto-Claudio-Reyes-Jefe-BIDEMA-Aysen-Derrame-combustible-en-Puerto-Chacabuco-002-2-2.jpeg","_links":{"self":[{"href":"https:\/\/radiorevelacionfm.cl\/index.php?rest_route=\/wp\/v2\/posts\/43719","targetHints":{"allow":["GET"]}}],"collection":[{"href":"https:\/\/radiorevelacionfm.cl\/index.php?rest_route=\/wp\/v2\/posts"}],"about":[{"href":"https:\/\/radiorevelacionfm.cl\/index.php?rest_route=\/wp\/v2\/types\/post"}],"author":[{"embeddable":true,"href":"https:\/\/radiorevelacionfm.cl\/index.php?rest_route=\/wp\/v2\/users\/1"}],"replies":[{"embeddable":true,"href":"https:\/\/radiorevelacionfm.cl\/index.php?rest_route=%2Fwp%2Fv2%2Fcomments&post=43719"}],"version-history":[{"count":1,"href":"https:\/\/radiorevelacionfm.cl\/index.php?rest_route=\/wp\/v2\/posts\/43719\/revisions"}],"predecessor-version":[{"id":43721,"href":"https:\/\/radiorevelacionfm.cl\/index.php?rest_route=\/wp\/v2\/posts\/43719\/revisions\/43721"}],"wp:featuredmedia":[{"embeddable":true,"href":"https:\/\/radiorevelacionfm.cl\/index.php?rest_route=\/wp\/v2\/media\/43720"}],"wp:attachment":[{"href":"https:\/\/radiorevelacionfm.cl\/index.php?rest_route=%2Fwp%2Fv2%2Fmedia&parent=43719"}],"wp:term":[{"taxonomy":"category","embeddable":true,"href":"https:\/\/radiorevelacionfm.cl\/index.php?rest_route=%2Fwp%2Fv2%2Fcategories&post=43719"},{"taxonomy":"post_tag","embeddable":true,"href":"https:\/\/radiorevelacionfm.cl\/index.php?rest_route=%2Fwp%2Fv2%2Ftags&post=43719"}],"curies":[{"name":"wp","href":"https:\/\/api.w.org\/{rel}","templated":true}]}}