{"id":43716,"date":"2024-07-03T10:50:29","date_gmt":"2024-07-03T13:50:29","guid":{"rendered":"https:\/\/radiorevelacionfm.cl\/?p=43716"},"modified":"2024-07-03T10:50:29","modified_gmt":"2024-07-03T13:50:29","slug":"cicletada-con-subvencion-municipal-es-un-gran-exito-en-la-temporada-invernal","status":"publish","type":"post","link":"https:\/\/radiorevelacionfm.cl\/?p=43716","title":{"rendered":"Cicletada con subvenci\u00f3n municipal es un gran \u00e9xito en la temporada invernal"},"content":{"rendered":"<div class=\"flex_column av_one_full  flex_column_div av-zero-column-padding first  avia-builder-el-0  el_before_av_one_full  avia-builder-el-first  \" style='border-radius:0px; '><div  class='avia-image-container  av-styling-    avia-builder-el-1  avia-builder-el-no-sibling  avia-align-center '  itemprop=\"image\" itemscope=\"itemscope\" itemtype=\"https:\/\/schema.org\/ImageObject\"  ><div class='avia-image-container-inner'><div class='avia-image-overlay-wrap'><img decoding=\"async\" class='wp-image-43717 avia-img-lazy-loading-not-43717 avia_image' src=\"https:\/\/radiorevelacionfm.cl\/wp-content\/uploads\/2024\/07\/foto-37-1_optimized.jpg\" alt='' title='foto-37-(1)_optimized' height=\"600\" width=\"900\"  itemprop=\"thumbnailUrl\" srcset=\"https:\/\/radiorevelacionfm.cl\/wp-content\/uploads\/2024\/07\/foto-37-1_optimized.jpg 900w, https:\/\/radiorevelacionfm.cl\/wp-content\/uploads\/2024\/07\/foto-37-1_optimized-300x200.jpg 300w, https:\/\/radiorevelacionfm.cl\/wp-content\/uploads\/2024\/07\/foto-37-1_optimized-768x512.jpg 768w, https:\/\/radiorevelacionfm.cl\/wp-content\/uploads\/2024\/07\/foto-37-1_optimized-705x470.jpg 705w, https:\/\/radiorevelacionfm.cl\/wp-content\/uploads\/2024\/07\/foto-37-1_optimized-450x300.jpg 450w, https:\/\/radiorevelacionfm.cl\/wp-content\/uploads\/2024\/07\/foto-37-1_optimized-600x400.jpg 600w\" sizes=\"(max-width: 900px) 100vw, 900px\" \/><\/div><\/div><\/div><\/div><div class=\"flex_column av_one_full  flex_column_div av-zero-column-padding first  avia-builder-el-2  el_after_av_one_full  el_before_av_one_full  column-top-margin\" style='border-radius:0px; '><section class=\"av_textblock_section \"  itemscope=\"itemscope\" itemtype=\"https:\/\/schema.org\/BlogPosting\" itemprop=\"blogPost\" ><div class='avia_textblock  '   itemprop=\"text\" ><p style=\"text-align: center;\"><span style=\"font-size: 18pt;\"><strong>Cicletada con subvenci\u00f3n municipal es un gran \u00e9xito en la temporada invernal<\/strong><\/span><\/p>\n<div id=\"gtx-trans\" style=\"position: absolute; left: -50px; top: 4.31534px;\">\n<div class=\"gtx-trans-icon\"><\/div>\n<\/div>\n<\/div><\/section><\/div><div class=\"flex_column av_one_full  flex_column_div av-zero-column-padding first  avia-builder-el-4  el_after_av_one_full  el_before_av_hr  column-top-margin\" style='border-radius:0px; '><section class=\"av_textblock_section \"  itemscope=\"itemscope\" itemtype=\"https:\/\/schema.org\/BlogPosting\" itemprop=\"blogPost\" ><div class='avia_textblock  '   itemprop=\"text\" ><p style=\"text-align: justify;\"><em>Por segundo a\u00f1o consecutivo, el Club de Ciclismo Ays\u00e9n realiz\u00f3 el \u201cR\u00fcp\u00fc Maw\u00fcn: La Ruta del Agua\u201d, una corrida de ciclismo por las carreteras entre Bah\u00eda Acantilada y el Tabo en distintas categor\u00edas.<\/em><\/p>\n<p style=\"text-align: justify;\">Desde el a\u00f1o 2023 se realiza en Ays\u00e9n una corrida invernal de ruta en bicicleta por las carreteras a las afueras de la ciudad puerto. El pasado a\u00f1o esta recibi\u00f3 elogios por parte de los participantes al ser un reto atrevido y por el hermoso recorrido, mientras en el presente, gracias a la subvenci\u00f3n municipal aprobada en enero se pudo llegar a convocar al doble de deportistas que la vez anterior.<\/p>\n<p style=\"text-align: justify;\">El alcalde de Ays\u00e9n, Julio Uribe, coment\u00f3 que siente gran satisfacci\u00f3n por el aumento de los participantes, \u201cya que quiere decir que nuestra comuna actualmente est\u00e1 \u201cpedaleando\u201d m\u00e1s y se est\u00e1 practicando m\u00e1s deporte, as\u00ed que esto es algo que nos llena de orgullo. Poder, a trav\u00e9s de recursos municipales, estar apoyando a estas organizaciones que realizan eventos deportivos creo que es algo muy bueno para nuestra comuna y vamos a seguir reforzando y apoyando esta iniciativa para engrandecer el deporte aysenino\u201d.<\/p>\n<p style=\"text-align: justify;\">La competencia consisti\u00f3 en realizar el tramo desde Bah\u00eda Acantilada hasta el Tabo y viceversa. En la oportunidad se destacaron las categor\u00edas de 40 y 60 Km en bicicletas tipo Gravel, Mountain y E-Bikes, adem\u00e1s de distinciones particulares a los competidores menores de 18 y a los mayores de 40 a\u00f1os.<\/p>\n<p style=\"text-align: justify;\">Sebasti\u00e1n Steinmeyer, el secretario del Club de Ciclismo Ays\u00e9n, menciona que \u201cagradecemos especialmente al municipio de Puerto Ays\u00e9n, al alcalde don Julio Uribe y a su Concejo Municipal, que nos ha permitido, a trav\u00e9s de la subvenci\u00f3n, contar con la posibilidad de realizar la carrera, ya que es una subvenci\u00f3n que permite pagar los premios, las medallas y organizar algunos elementos de difusi\u00f3n.\u201d<\/p>\n<p style=\"text-align: justify;\">\u201cDecir que ha sido exitoso en esta oportunidad, porque el a\u00f1o pasado participaron casi 50 competidores y hoy participaron aproximadamente 100 competidores. Es decir, hemos duplicado la cantidad de participantes gracias, precisamente a los aportes, la subvenci\u00f3n municipal, que permiten dar difusi\u00f3n y mayor \u00e9nfasis a este tipo de instancias deportivas\u201d, finaliz\u00f3 el directivo.<\/p>\n<p style=\"text-align: justify;\">El nombre del recorrido es \u201cR\u00fcp\u00fc Maw\u00fcn: La Ruta del Agua\u201d, esto por las distintas afluentes y ca\u00eddas de este elemento caracter\u00edstico de la comuna, adem\u00e1s de la lluvia t\u00edpica de la \u00e9poca que acompa\u00f1a a los corredores.<\/p>\n<p style=\"text-align: justify;\">Carlos Barra, competidor y primer lugar en la categor\u00eda Gravel 40 Km, mencion\u00f3 que \u201cLo m\u00e1s lindo de esta carrera es que es una carrera amistosa. Es una lucha contra uno mismo, se caracteriza por la camarader\u00eda y es s\u00faper lindo ver a ni\u00f1os y adultos participando; la gente fue motivada, tuvimos m\u00e1s de 90 inscritos. Est\u00e1 patrocinada por la Municipalidad y ser\u00eda muy importante que se siga fomentando el deporte, porque el paisaje est\u00e1, la gente est\u00e1 motivada, solo faltan las instancias\u201d<\/p>\n<\/div><\/section><\/div><div  style='height:50px' class='hr hr-invisible   avia-builder-el-6  el_after_av_one_full  el_before_av_social_share '><span class='hr-inner ' ><span class='hr-inner-style'><\/span><\/span><\/div><\/p>\n<div  class='av-social-sharing-box  avia-builder-el-7  el_after_av_hr  el_before_av_hr  '><div class='av-share-box'><h5 class='av-share-link-description av-no-toc '>Compartir esta noticia<\/h5><ul class='av-share-box-list noLightbox'><li class='av-share-link av-social-link-facebook' ><a target=\"_blank\" aria-label=\"Compartir en Facebook\" href='https:\/\/www.facebook.com\/sharer.php?u=https:\/\/radiorevelacionfm.cl\/?p=43716&#038;t=Cicletada%20con%20subvenci%C3%B3n%20municipal%20es%20un%20gran%20%C3%A9xito%20en%20la%20temporada%20invernal' aria-hidden='false' data-av_icon='\ue8f3' data-av_iconfont='entypo-fontello' title='' data-avia-related-tooltip='Compartir en Facebook' rel=\"noopener\"><span class='avia_hidden_link_text'>Compartir en Facebook<\/span><\/a><\/li><li class='av-share-link av-social-link-twitter' ><a target=\"_blank\" aria-label=\"Compartir en Twitter\" href='https:\/\/twitter.com\/share?text=Cicletada%20con%20subvenci%C3%B3n%20municipal%20es%20un%20gran%20%C3%A9xito%20en%20la%20temporada%20invernal&#038;url=https:\/\/radiorevelacionfm.cl\/?p=43716' aria-hidden='false' data-av_icon='\ue8f1' data-av_iconfont='entypo-fontello' title='' data-avia-related-tooltip='Compartir en Twitter' rel=\"noopener\"><span class='avia_hidden_link_text'>Compartir en Twitter<\/span><\/a><\/li><li class='av-share-link av-social-link-whatsapp' ><a target=\"_blank\" aria-label=\"Compartir en Whatsapp\" href='https:\/\/api.whatsapp.com\/send?text=https:\/\/radiorevelacionfm.cl\/?p=43716' aria-hidden='false' data-av_icon='\uf232' data-av_iconfont='entypo-fontello' title='' data-avia-related-tooltip='Compartir en Whatsapp' rel=\"noopener\"><span class='avia_hidden_link_text'>Compartir en Whatsapp<\/span><\/a><\/li><li class='av-share-link av-social-link-linkedin' ><a target=\"_blank\" aria-label=\"Compartir en LinkedIn\" href='https:\/\/linkedin.com\/shareArticle?mini=true&#038;title=Cicletada%20con%20subvenci%C3%B3n%20municipal%20es%20un%20gran%20%C3%A9xito%20en%20la%20temporada%20invernal&#038;url=https:\/\/radiorevelacionfm.cl\/?p=43716' aria-hidden='false' data-av_icon='\ue8fc' data-av_iconfont='entypo-fontello' title='' data-avia-related-tooltip='Compartir en LinkedIn' rel=\"noopener\"><span class='avia_hidden_link_text'>Compartir en LinkedIn<\/span><\/a><\/li><li class='av-share-link av-social-link-mail' ><a  aria-label=\"Compartir por correo\" href='mailto:?subject=Cicletada%20con%20subvenci%C3%B3n%20municipal%20es%20un%20gran%20%C3%A9xito%20en%20la%20temporada%20invernal&#038;body=https:\/\/radiorevelacionfm.cl\/?p=43716' aria-hidden='false' data-av_icon='\ue805' data-av_iconfont='entypo-fontello' title='' data-avia-related-tooltip='Compartir por correo'><span class='avia_hidden_link_text'>Compartir por correo<\/span><\/a><\/li><\/ul><\/div><\/div>\n<div  style='height:50px' class='hr hr-invisible   avia-builder-el-8  el_after_av_social_share  el_before_av_comments_list '><span class='hr-inner ' ><span class='hr-inner-style'><\/span><\/span><\/div>\n<div  class='av-buildercomment  av-blog-meta-html-info-disabled av-blog-meta-tag-disabled  '><\/div>\n","protected":false},"excerpt":{"rendered":"","protected":false},"author":1,"featured_media":43717,"comment_status":"open","ping_status":"open","sticky":false,"template":"","format":"standard","meta":{"footnotes":""},"categories":[40],"tags":[],"class_list":["post-43716","post","type-post","status-publish","format-standard","has-post-thumbnail","hentry","category-deportes"],"jetpack_featured_media_url":"https:\/\/radiorevelacionfm.cl\/wp-content\/uploads\/2024\/07\/foto-37-1_optimized.jpg","_links":{"self":[{"href":"https:\/\/radiorevelacionfm.cl\/index.php?rest_route=\/wp\/v2\/posts\/43716","targetHints":{"allow":["GET"]}}],"collection":[{"href":"https:\/\/radiorevelacionfm.cl\/index.php?rest_route=\/wp\/v2\/posts"}],"about":[{"href":"https:\/\/radiorevelacionfm.cl\/index.php?rest_route=\/wp\/v2\/types\/post"}],"author":[{"embeddable":true,"href":"https:\/\/radiorevelacionfm.cl\/index.php?rest_route=\/wp\/v2\/users\/1"}],"replies":[{"embeddable":true,"href":"https:\/\/radiorevelacionfm.cl\/index.php?rest_route=%2Fwp%2Fv2%2Fcomments&post=43716"}],"version-history":[{"count":1,"href":"https:\/\/radiorevelacionfm.cl\/index.php?rest_route=\/wp\/v2\/posts\/43716\/revisions"}],"predecessor-version":[{"id":43718,"href":"https:\/\/radiorevelacionfm.cl\/index.php?rest_route=\/wp\/v2\/posts\/43716\/revisions\/43718"}],"wp:featuredmedia":[{"embeddable":true,"href":"https:\/\/radiorevelacionfm.cl\/index.php?rest_route=\/wp\/v2\/media\/43717"}],"wp:attachment":[{"href":"https:\/\/radiorevelacionfm.cl\/index.php?rest_route=%2Fwp%2Fv2%2Fmedia&parent=43716"}],"wp:term":[{"taxonomy":"category","embeddable":true,"href":"https:\/\/radiorevelacionfm.cl\/index.php?rest_route=%2Fwp%2Fv2%2Fcategories&post=43716"},{"taxonomy":"post_tag","embeddable":true,"href":"https:\/\/radiorevelacionfm.cl\/index.php?rest_route=%2Fwp%2Fv2%2Ftags&post=43716"}],"curies":[{"name":"wp","href":"https:\/\/api.w.org\/{rel}","templated":true}]}}