{"id":43713,"date":"2024-07-02T19:06:04","date_gmt":"2024-07-02T22:06:04","guid":{"rendered":"https:\/\/radiorevelacionfm.cl\/?p=43713"},"modified":"2024-07-02T19:06:04","modified_gmt":"2024-07-02T22:06:04","slug":"estudiantes-de-inacap-representaran-a-la-region-en-final-nacional-del-reto-construye-academia-de-la-camara-chilena-de-la-construccion","status":"publish","type":"post","link":"https:\/\/radiorevelacionfm.cl\/?p=43713","title":{"rendered":"Estudiantes de Inacap representar\u00e1n a la regi\u00f3n en final nacional del reto Construye Academia de la C\u00e1mara Chilena de la Construcci\u00f3n"},"content":{"rendered":"<div class=\"flex_column av_one_full  flex_column_div av-zero-column-padding first  avia-builder-el-0  el_before_av_one_full  avia-builder-el-first  \" style='border-radius:0px; '><div  class='avia-image-container  av-styling-    avia-builder-el-1  avia-builder-el-no-sibling  avia-align-center '  itemprop=\"image\" itemscope=\"itemscope\" itemtype=\"https:\/\/schema.org\/ImageObject\"  ><div class='avia-image-container-inner'><div class='avia-image-overlay-wrap'><img decoding=\"async\" class='wp-image-43714 avia-img-lazy-loading-not-43714 avia_image' src=\"https:\/\/radiorevelacionfm.cl\/wp-content\/uploads\/2024\/07\/4-68-1-2.jpg\" alt='' title='4 (68) (1) (2)' height=\"600\" width=\"1066\"  itemprop=\"thumbnailUrl\" srcset=\"https:\/\/radiorevelacionfm.cl\/wp-content\/uploads\/2024\/07\/4-68-1-2.jpg 1066w, https:\/\/radiorevelacionfm.cl\/wp-content\/uploads\/2024\/07\/4-68-1-2-300x169.jpg 300w, https:\/\/radiorevelacionfm.cl\/wp-content\/uploads\/2024\/07\/4-68-1-2-1030x580.jpg 1030w, https:\/\/radiorevelacionfm.cl\/wp-content\/uploads\/2024\/07\/4-68-1-2-768x432.jpg 768w, https:\/\/radiorevelacionfm.cl\/wp-content\/uploads\/2024\/07\/4-68-1-2-705x397.jpg 705w, https:\/\/radiorevelacionfm.cl\/wp-content\/uploads\/2024\/07\/4-68-1-2-450x253.jpg 450w, https:\/\/radiorevelacionfm.cl\/wp-content\/uploads\/2024\/07\/4-68-1-2-600x338.jpg 600w\" sizes=\"(max-width: 1066px) 100vw, 1066px\" \/><\/div><\/div><\/div><\/div><div class=\"flex_column av_one_full  flex_column_div av-zero-column-padding first  avia-builder-el-2  el_after_av_one_full  el_before_av_one_full  column-top-margin\" style='border-radius:0px; '><section class=\"av_textblock_section \"  itemscope=\"itemscope\" itemtype=\"https:\/\/schema.org\/BlogPosting\" itemprop=\"blogPost\" ><div class='avia_textblock  '   itemprop=\"text\" ><p style=\"text-align: center;\"><span style=\"font-size: 18pt;\"><strong>Estudiantes de Inacap representar\u00e1n a la regi\u00f3n en final nacional del reto Construye Academia de la C\u00e1mara Chilena de la Construcci\u00f3n<\/strong><\/span><\/p>\n<div id=\"gtx-trans\" style=\"position: absolute; left: -50px; top: 4.31534px;\">\n<div class=\"gtx-trans-icon\"><\/div>\n<\/div>\n<\/div><\/section><\/div><div class=\"flex_column av_one_full  flex_column_div av-zero-column-padding first  avia-builder-el-4  el_after_av_one_full  el_before_av_hr  column-top-margin\" style='border-radius:0px; '><section class=\"av_textblock_section \"  itemscope=\"itemscope\" itemtype=\"https:\/\/schema.org\/BlogPosting\" itemprop=\"blogPost\" ><div class='avia_textblock  '   itemprop=\"text\" ><p style=\"text-align: justify;\"><em>Tras quedarse con el primer lugar regional, el equipo integrado por tres estudiantes y su docente gu\u00eda, deber\u00e1 presentar en Santiago, su proyecto de innovaci\u00f3n denominado \u201cDise\u00f1o Aplicaci\u00f3n M\u00f3vil para el Control de Avance en Obra\u201d.<\/em><\/p>\n<p style=\"text-align: justify;\">Un grupo de tres estudiantes de Inacap de Coyhaique se qued\u00f3 con el primer lugar regional del reto Construye Academia, una iniciativa de la C\u00e1mara Chilena de la Construcci\u00f3n para estudiantes de educaci\u00f3n superior, que busca destacar el desarrollo de soluciones innovadoras para el rubro de la construcci\u00f3n.<\/p>\n<p style=\"text-align: justify;\">Se trata del proyecto \u201cDise\u00f1o Aplicaci\u00f3n M\u00f3vil para el Control de Avance en Obra\u201d, creado por los alumnos Franco Figueroa, Pablo Alarc\u00f3n y Carlos Molina, con la tutela del docente Alfredo \u00c1valos, quienes, tras presentar su iniciativa, debieron defenderla en una final regional, logrando quedarse con el primer lugar.<\/p>\n<p style=\"text-align: justify;\">Pablo Alarc\u00f3n, alumno de cuarto a\u00f1o de construcci\u00f3n civil de Inacap, cont\u00f3 su experiencia participando del desaf\u00edo, indicando que no fue f\u00e1cil desarrollar un proyecto que vinculaba la construcci\u00f3n con la programaci\u00f3n \u201cfue un proceso arduo. El equipo de programaci\u00f3n no entend\u00eda de construcci\u00f3n y cu\u00e1ndo nos explicaban conceptos de programaci\u00f3n nosotros no los entend\u00edamos. Pero fue un trabajo tremendamente entretenido y enriquecedor\u201d, detall\u00f3 el estudiante.<\/p>\n<p style=\"text-align: justify;\">Ahora, el equipo ganador viajar\u00e1 a Santiago, espec\u00edficamente a la feria Edifica de la CChC, que se realizar\u00e1 entre el 15 y 17 de octubre pr\u00f3ximo, donde participar\u00e1n de la final nacional del reto Construye Academia, debiendo medirse con equipos de todo el pa\u00eds. Respecto de sus expectativas, Pablo Alarc\u00f3n detall\u00f3 \u201cCreemos que somos competitivos y estamos en l\u00ednea con las bases del concurso, creemos que vamos a ganar\u201d, indic\u00f3.<\/p>\n<p style=\"text-align: justify;\">Desde la CChC Coyhaique manifestaron estar satisfechos con el nivel de las iniciativas presentadas, que destacaron por ser innovadoras y enfocarse en resolver problemas locales que enfrenta el rubro, tal como lo destac\u00f3 Alejandro Cifuentes, presidente del grupo de trabajo de Formaci\u00f3n de Capital Humano de la C\u00e1mara Chilena de la Construcci\u00f3n.<\/p>\n<p style=\"text-align: justify;\">\u201cLos dos proyectos (que se presentaron) fueron muy buenos, y esperamos que sigan adelante, con ese esp\u00edritu de innovaci\u00f3n y de aporte a la regi\u00f3n. Como CChC, somos un ente que est\u00e1 tratando de ayudar y cooperar y que lo que se haga, sea por el bien de la regi\u00f3n y pa\u00eds\u201d, detall\u00f3 Cifuentes, quien adem\u00e1s fue integrante del jurado que seleccion\u00f3 a la iniciativa ganadora.<\/p>\n<p style=\"text-align: justify;\">Para elegir al ganador del reto Construye Academia se realiz\u00f3 un \u201cPitch\u201d, instancia en que los equipos debieron presentar frente a un jurado, y en tan solo tres minutos, el detalle de sus ideas, para luego responder las consultas del p\u00fablico y los evaluadores.<\/p>\n<p style=\"text-align: justify;\">La segunda iniciativa en competencia fue \u201cSoluciones Innovadoras para los Residuos de Fabricaci\u00f3n\u201d, de los alumnos Pamela Pantanalli, Mauricio Pacheco y Daniela Paredes, bajo la gu\u00eda del profesor Juan Paulo Z\u00fa\u00f1iga, quienes esperan continuar trabajando con su idea, que busca reciclar los desechos de la industria de fabricaci\u00f3n de ventanas, convirti\u00e9ndolos en cemento.<\/p>\n<p style=\"text-align: justify;\">\u201cFue una oportunidad muy gratificante y conocer c\u00f3mo poder innovar, con el apoyo de la c\u00e1mara y de un empresario que ten\u00eda un problema, es algo que me va a servir mucho\u201d, explic\u00f3 Mauricio Pacheco, alumno de tercer a\u00f1o de administraci\u00f3n de empresas de Inacap.<\/p>\n<p style=\"text-align: justify;\">Tras inscribirse en el concurso, los equipos participaron de un proceso de mentor\u00eda con apoyo de empresas socias de la C\u00e1mara Chilena de la Construcci\u00f3n (IngVe y Gesti\u00f3n Sur), con quienes compartieron experiencias que les permitieron perfeccionar sus iniciativas.<\/p>\n<p style=\"text-align: justify;\">Por ahora, el equipo ganador contin\u00faa su proceso de preparaci\u00f3n de cara a la presentaci\u00f3n nacional en la conferencia Edifica, que se desarrollar\u00e1 en Espacio Riesco, frente a cientos de personas, que conocer\u00e1n en detalle las ideas innovadoras regionales y elegir\u00e1n al ganador, que recibir\u00e1 como gran premio, participar de una misi\u00f3n empresarial por Latinoam\u00e9rica entre otros reconocimientos.<\/p>\n<\/div><\/section><\/div><div  style='height:50px' class='hr hr-invisible   avia-builder-el-6  el_after_av_one_full  el_before_av_social_share '><span class='hr-inner ' ><span class='hr-inner-style'><\/span><\/span><\/div><\/p>\n<div  class='av-social-sharing-box  avia-builder-el-7  el_after_av_hr  el_before_av_hr  '><div class='av-share-box'><h5 class='av-share-link-description av-no-toc '>Compartir esta noticia<\/h5><ul class='av-share-box-list noLightbox'><li class='av-share-link av-social-link-facebook' ><a target=\"_blank\" aria-label=\"Compartir en Facebook\" href='https:\/\/www.facebook.com\/sharer.php?u=https:\/\/radiorevelacionfm.cl\/?p=43713&#038;t=Estudiantes%20de%20Inacap%20representar%C3%A1n%20a%20la%20regi%C3%B3n%20en%20final%20nacional%20del%20reto%20Construye%20Academia%20de%20la%20C%C3%A1mara%20Chilena%20de%20la%20Construcci%C3%B3n' aria-hidden='false' data-av_icon='\ue8f3' data-av_iconfont='entypo-fontello' title='' data-avia-related-tooltip='Compartir en Facebook' rel=\"noopener\"><span class='avia_hidden_link_text'>Compartir en Facebook<\/span><\/a><\/li><li class='av-share-link av-social-link-twitter' ><a target=\"_blank\" aria-label=\"Compartir en Twitter\" href='https:\/\/twitter.com\/share?text=Estudiantes%20de%20Inacap%20representar%C3%A1n%20a%20la%20regi%C3%B3n%20en%20final%20nacional%20del%20reto%20Construye%20Academia%20de%20la%20C%C3%A1mara%20Chilena%20de%20la%20Construcci%C3%B3n&#038;url=https:\/\/radiorevelacionfm.cl\/?p=43713' aria-hidden='false' data-av_icon='\ue8f1' data-av_iconfont='entypo-fontello' title='' data-avia-related-tooltip='Compartir en Twitter' rel=\"noopener\"><span class='avia_hidden_link_text'>Compartir en Twitter<\/span><\/a><\/li><li class='av-share-link av-social-link-whatsapp' ><a target=\"_blank\" aria-label=\"Compartir en Whatsapp\" href='https:\/\/api.whatsapp.com\/send?text=https:\/\/radiorevelacionfm.cl\/?p=43713' aria-hidden='false' data-av_icon='\uf232' data-av_iconfont='entypo-fontello' title='' data-avia-related-tooltip='Compartir en Whatsapp' rel=\"noopener\"><span class='avia_hidden_link_text'>Compartir en Whatsapp<\/span><\/a><\/li><li class='av-share-link av-social-link-linkedin' ><a target=\"_blank\" aria-label=\"Compartir en LinkedIn\" href='https:\/\/linkedin.com\/shareArticle?mini=true&#038;title=Estudiantes%20de%20Inacap%20representar%C3%A1n%20a%20la%20regi%C3%B3n%20en%20final%20nacional%20del%20reto%20Construye%20Academia%20de%20la%20C%C3%A1mara%20Chilena%20de%20la%20Construcci%C3%B3n&#038;url=https:\/\/radiorevelacionfm.cl\/?p=43713' aria-hidden='false' data-av_icon='\ue8fc' data-av_iconfont='entypo-fontello' title='' data-avia-related-tooltip='Compartir en LinkedIn' rel=\"noopener\"><span class='avia_hidden_link_text'>Compartir en LinkedIn<\/span><\/a><\/li><li class='av-share-link av-social-link-mail' ><a  aria-label=\"Compartir por correo\" href='mailto:?subject=Estudiantes%20de%20Inacap%20representar%C3%A1n%20a%20la%20regi%C3%B3n%20en%20final%20nacional%20del%20reto%20Construye%20Academia%20de%20la%20C%C3%A1mara%20Chilena%20de%20la%20Construcci%C3%B3n&#038;body=https:\/\/radiorevelacionfm.cl\/?p=43713' aria-hidden='false' data-av_icon='\ue805' data-av_iconfont='entypo-fontello' title='' data-avia-related-tooltip='Compartir por correo'><span class='avia_hidden_link_text'>Compartir por correo<\/span><\/a><\/li><\/ul><\/div><\/div>\n<div  style='height:50px' class='hr hr-invisible   avia-builder-el-8  el_after_av_social_share  el_before_av_comments_list '><span class='hr-inner ' ><span class='hr-inner-style'><\/span><\/span><\/div>\n<div  class='av-buildercomment  av-blog-meta-html-info-disabled av-blog-meta-tag-disabled  '><\/div>\n","protected":false},"excerpt":{"rendered":"","protected":false},"author":1,"featured_media":43714,"comment_status":"open","ping_status":"open","sticky":false,"template":"","format":"standard","meta":{"footnotes":""},"categories":[38],"tags":[],"class_list":["post-43713","post","type-post","status-publish","format-standard","has-post-thumbnail","hentry","category-regional"],"jetpack_featured_media_url":"https:\/\/radiorevelacionfm.cl\/wp-content\/uploads\/2024\/07\/4-68-1-2.jpg","_links":{"self":[{"href":"https:\/\/radiorevelacionfm.cl\/index.php?rest_route=\/wp\/v2\/posts\/43713","targetHints":{"allow":["GET"]}}],"collection":[{"href":"https:\/\/radiorevelacionfm.cl\/index.php?rest_route=\/wp\/v2\/posts"}],"about":[{"href":"https:\/\/radiorevelacionfm.cl\/index.php?rest_route=\/wp\/v2\/types\/post"}],"author":[{"embeddable":true,"href":"https:\/\/radiorevelacionfm.cl\/index.php?rest_route=\/wp\/v2\/users\/1"}],"replies":[{"embeddable":true,"href":"https:\/\/radiorevelacionfm.cl\/index.php?rest_route=%2Fwp%2Fv2%2Fcomments&post=43713"}],"version-history":[{"count":1,"href":"https:\/\/radiorevelacionfm.cl\/index.php?rest_route=\/wp\/v2\/posts\/43713\/revisions"}],"predecessor-version":[{"id":43715,"href":"https:\/\/radiorevelacionfm.cl\/index.php?rest_route=\/wp\/v2\/posts\/43713\/revisions\/43715"}],"wp:featuredmedia":[{"embeddable":true,"href":"https:\/\/radiorevelacionfm.cl\/index.php?rest_route=\/wp\/v2\/media\/43714"}],"wp:attachment":[{"href":"https:\/\/radiorevelacionfm.cl\/index.php?rest_route=%2Fwp%2Fv2%2Fmedia&parent=43713"}],"wp:term":[{"taxonomy":"category","embeddable":true,"href":"https:\/\/radiorevelacionfm.cl\/index.php?rest_route=%2Fwp%2Fv2%2Fcategories&post=43713"},{"taxonomy":"post_tag","embeddable":true,"href":"https:\/\/radiorevelacionfm.cl\/index.php?rest_route=%2Fwp%2Fv2%2Ftags&post=43713"}],"curies":[{"name":"wp","href":"https:\/\/api.w.org\/{rel}","templated":true}]}}