{"id":43710,"date":"2024-07-02T19:55:22","date_gmt":"2024-07-02T22:55:22","guid":{"rendered":"https:\/\/radiorevelacionfm.cl\/?p=43710"},"modified":"2024-07-02T19:55:22","modified_gmt":"2024-07-02T22:55:22","slug":"dan-bienvenida-a-18-adultos-mayores-de-manihuales-para-integrar-programa-vinculos","status":"publish","type":"post","link":"https:\/\/radiorevelacionfm.cl\/?p=43710","title":{"rendered":"Dan bienvenida a 18 Adultos Mayores de Ma\u00f1ihuales para integrar Programa V\u00ednculos"},"content":{"rendered":"<div class=\"flex_column av_one_full  flex_column_div av-zero-column-padding first  avia-builder-el-0  el_before_av_one_full  avia-builder-el-first  \" style='border-radius:0px; '><div  class='avia-image-container  av-styling-    avia-builder-el-1  avia-builder-el-no-sibling  avia-align-center '  itemprop=\"image\" itemscope=\"itemscope\" itemtype=\"https:\/\/schema.org\/ImageObject\"  ><div class='avia-image-container-inner'><div class='avia-image-overlay-wrap'><img decoding=\"async\" class='wp-image-43711 avia-img-lazy-loading-not-43711 avia_image' src=\"https:\/\/radiorevelacionfm.cl\/wp-content\/uploads\/2024\/07\/manihuales1-2-1.jpeg\" alt='' title='ma\u00f1ihuales1 (2) (1)' height=\"600\" width=\"800\"  itemprop=\"thumbnailUrl\" srcset=\"https:\/\/radiorevelacionfm.cl\/wp-content\/uploads\/2024\/07\/manihuales1-2-1.jpeg 800w, https:\/\/radiorevelacionfm.cl\/wp-content\/uploads\/2024\/07\/manihuales1-2-1-300x225.jpeg 300w, https:\/\/radiorevelacionfm.cl\/wp-content\/uploads\/2024\/07\/manihuales1-2-1-768x576.jpeg 768w, https:\/\/radiorevelacionfm.cl\/wp-content\/uploads\/2024\/07\/manihuales1-2-1-705x529.jpeg 705w, https:\/\/radiorevelacionfm.cl\/wp-content\/uploads\/2024\/07\/manihuales1-2-1-450x338.jpeg 450w, https:\/\/radiorevelacionfm.cl\/wp-content\/uploads\/2024\/07\/manihuales1-2-1-600x450.jpeg 600w\" sizes=\"(max-width: 800px) 100vw, 800px\" \/><\/div><\/div><\/div><\/div>\n<div class=\"flex_column av_one_full  flex_column_div av-zero-column-padding first  avia-builder-el-2  el_after_av_one_full  el_before_av_one_full  column-top-margin\" style='border-radius:0px; '><section class=\"av_textblock_section \"  itemscope=\"itemscope\" itemtype=\"https:\/\/schema.org\/BlogPosting\" itemprop=\"blogPost\" ><div class='avia_textblock  '   itemprop=\"text\" ><p style=\"text-align: center;\"><span style=\"font-size: 18pt;\"><b>Dan bienvenida a 18 Adultos Mayores de Ma\u00f1ihuales para integrar Programa V\u00ednculos<\/b><\/span><\/p>\n<div id=\"gtx-trans\" style=\"position: absolute; left: -50px; top: 4.31534px;\">\n<div class=\"gtx-trans-icon\"><\/div>\n<\/div>\n<\/div><\/section><\/div><div class=\"flex_column av_one_full  flex_column_div av-zero-column-padding first  avia-builder-el-4  el_after_av_one_full  el_before_av_hr  column-top-margin\" style='border-radius:0px; '><section class=\"av_textblock_section \"  itemscope=\"itemscope\" itemtype=\"https:\/\/schema.org\/BlogPosting\" itemprop=\"blogPost\" ><div class='avia_textblock  '   itemprop=\"text\" ><div style=\"text-align: justify;\"><i>Dirigente del Club de Adulto Mayor \u201cLos que llegaron primero\u201d se\u00f1al\u00f3: El mensaje es nunca quedarnos en la casa de brazos cruzados y que este programa nos ayude a salir adelante.<\/i><\/div>\n<div style=\"text-align: justify;\"><\/div>\n<div style=\"text-align: justify;\">El Programa V\u00ednculos dio la bienvenida a 18 personas mayores de la localidad de Villa Ma\u00f1ihuales, quienes se suman a la reciente convocatoria n\u00famero 18 del Ministerio de Desarrollo Social y Familia y que ejecuta la Municipalidad de Ays\u00e9n con un total de 80 participantes por un monto de $80.169.000.-<\/div>\n<div style=\"text-align: justify;\"><\/div>\n<div style=\"text-align: justify;\">Es as\u00ed que Karina Acevedo, Seremi de Desarrollo Social y Familia resalt\u00f3 el trabajo conjunto con el municipio y que ha permitido promover su participaci\u00f3n activa \u201cDesde Ma\u00f1ihuales damos inicio a la convocatoria n\u00famero 18 del programa V\u00ednculos en la comuna de Ays\u00e9n, personas mayores que se vinculan nuevamente donde van a poder compartir, socializar y con un acompa\u00f1amiento desde el Estado a trav\u00e9s de la municipalidad, con recursos de nuestro Ministerio y lo que nos permite estar cuidan do de las personas mayores. La invitaci\u00f3n de este programa es a vincularlos socialmente basado sobre todo en derechos. Ac\u00e1 es importante mencionar que en la regi\u00f3n tenemos $195.000.000 de pesos en 8 comunes a trav\u00e9s del Chile Cuida y de lo que el presidente Gabriel Boric nos ha encomendado\u201d. Se\u00f1al\u00f3 la autoridad de gobierno.<\/div>\n<div style=\"text-align: justify;\"><\/div>\n<div style=\"text-align: justify;\">Un trabajo de constante apoyo a trav\u00e9s de los equipos municipales y de promover la autonom\u00eda y participaci\u00f3n social de las personas mayores de la localidad de Ma\u00f1ihuales, es lo que Julio Uribe, alcalde de la comuna de Ays\u00e9n destac\u00f3 \u201cPudimos estar junto a nuestra Seremi de Desarrollo Social Karina Acevedo y compartimos una parrillada con nuestros adultos mayores de Ma\u00f1ihuales que componen el programa V\u00ednculos. Son alrededor de 90 adultos mayores de toda la comuna que est\u00e1n recibiendo este acompa\u00f1amiento que es muy relevante para ellos y para nosotros, as\u00ed que siempre es un agrado poder estar en otros sectores de la comuna, compartir, escucharlos y seguir en este trabajo conjunto\u201d.<\/div>\n<div style=\"text-align: justify;\"><\/div>\n<div style=\"text-align: justify;\">Contentos con la experiencia en la que estar\u00e1n dos a\u00f1os, expres\u00f3 Francisco Coronado presidente del Club de Adulto Mayor, \u201cLos que llegaron primero\u201d, \u201cPara los que ya dimos vuelta la esquina, que somos viejitos y que aspiramos a tener una vejez digna y tranquila, el mensaje es nunca quedarnos en la casa de brazos cruzados y que este programa nos ayude a salir adelante, a ser m\u00e1s cordiales, m\u00e1s amigos, tener una relaci\u00f3n m\u00e1s fraterna entre todos los que estamos quedando ya.\u00a0El objetivo de formar el grupo es preocuparnos de los que est\u00e1n m\u00e1s mal que nosotros, los que est\u00e1n postrados en cama, y bueno, el mensaje es que ech\u00e9mosle para adelante, porque se puede\u201d.<\/div>\n<div style=\"text-align: justify;\"><\/div>\n<div style=\"text-align: justify;\">Hay que recordar finalmente, que este programa tiene un financiamiento para la versi\u00f3n 18 de 195 millones de pesos para las 8 comunas que actualmente cuentan con V\u00ednculos, ejecuci\u00f3n a cargo de los municipios con la asistencia t\u00e9cnica de Senama para apoyarlos en integrarlos a la red comunitaria de\u00a0promoci\u00f3n y protecci\u00f3n social del Estado.<\/div>\n<\/div><\/section><\/div><\/p>\n<div  style='height:50px' class='hr hr-invisible   avia-builder-el-6  el_after_av_one_full  el_before_av_social_share '><span class='hr-inner ' ><span class='hr-inner-style'><\/span><\/span><\/div>\n<div  class='av-social-sharing-box  avia-builder-el-7  el_after_av_hr  el_before_av_hr  '><div class='av-share-box'><h5 class='av-share-link-description av-no-toc '>Compartir esta noticia<\/h5><ul class='av-share-box-list noLightbox'><li class='av-share-link av-social-link-facebook' ><a target=\"_blank\" aria-label=\"Compartir en Facebook\" href='https:\/\/www.facebook.com\/sharer.php?u=https:\/\/radiorevelacionfm.cl\/?p=43710&#038;t=Dan%20bienvenida%20a%2018%20Adultos%20Mayores%20de%20Ma%C3%B1ihuales%20para%20integrar%20Programa%20V%C3%ADnculos' aria-hidden='false' data-av_icon='\ue8f3' data-av_iconfont='entypo-fontello' title='' data-avia-related-tooltip='Compartir en Facebook' rel=\"noopener\"><span class='avia_hidden_link_text'>Compartir en Facebook<\/span><\/a><\/li><li class='av-share-link av-social-link-twitter' ><a target=\"_blank\" aria-label=\"Compartir en Twitter\" href='https:\/\/twitter.com\/share?text=Dan%20bienvenida%20a%2018%20Adultos%20Mayores%20de%20Ma%C3%B1ihuales%20para%20integrar%20Programa%20V%C3%ADnculos&#038;url=https:\/\/radiorevelacionfm.cl\/?p=43710' aria-hidden='false' data-av_icon='\ue8f1' data-av_iconfont='entypo-fontello' title='' data-avia-related-tooltip='Compartir en Twitter' rel=\"noopener\"><span class='avia_hidden_link_text'>Compartir en Twitter<\/span><\/a><\/li><li class='av-share-link av-social-link-whatsapp' ><a target=\"_blank\" aria-label=\"Compartir en Whatsapp\" href='https:\/\/api.whatsapp.com\/send?text=https:\/\/radiorevelacionfm.cl\/?p=43710' aria-hidden='false' data-av_icon='\uf232' data-av_iconfont='entypo-fontello' title='' data-avia-related-tooltip='Compartir en Whatsapp' rel=\"noopener\"><span class='avia_hidden_link_text'>Compartir en Whatsapp<\/span><\/a><\/li><li class='av-share-link av-social-link-linkedin' ><a target=\"_blank\" aria-label=\"Compartir en LinkedIn\" href='https:\/\/linkedin.com\/shareArticle?mini=true&#038;title=Dan%20bienvenida%20a%2018%20Adultos%20Mayores%20de%20Ma%C3%B1ihuales%20para%20integrar%20Programa%20V%C3%ADnculos&#038;url=https:\/\/radiorevelacionfm.cl\/?p=43710' aria-hidden='false' data-av_icon='\ue8fc' data-av_iconfont='entypo-fontello' title='' data-avia-related-tooltip='Compartir en LinkedIn' rel=\"noopener\"><span class='avia_hidden_link_text'>Compartir en LinkedIn<\/span><\/a><\/li><li class='av-share-link av-social-link-mail' ><a  aria-label=\"Compartir por correo\" href='mailto:?subject=Dan%20bienvenida%20a%2018%20Adultos%20Mayores%20de%20Ma%C3%B1ihuales%20para%20integrar%20Programa%20V%C3%ADnculos&#038;body=https:\/\/radiorevelacionfm.cl\/?p=43710' aria-hidden='false' data-av_icon='\ue805' data-av_iconfont='entypo-fontello' title='' data-avia-related-tooltip='Compartir por correo'><span class='avia_hidden_link_text'>Compartir por correo<\/span><\/a><\/li><\/ul><\/div><\/div>\n<div  style='height:50px' class='hr hr-invisible   avia-builder-el-8  el_after_av_social_share  el_before_av_comments_list '><span class='hr-inner ' ><span class='hr-inner-style'><\/span><\/span><\/div>\n<div  class='av-buildercomment  av-blog-meta-html-info-disabled av-blog-meta-tag-disabled  '><\/div>\n","protected":false},"excerpt":{"rendered":"","protected":false},"author":1,"featured_media":43711,"comment_status":"open","ping_status":"open","sticky":false,"template":"","format":"standard","meta":{"footnotes":""},"categories":[38],"tags":[],"class_list":["post-43710","post","type-post","status-publish","format-standard","has-post-thumbnail","hentry","category-regional"],"jetpack_featured_media_url":"https:\/\/radiorevelacionfm.cl\/wp-content\/uploads\/2024\/07\/manihuales1-2-1.jpeg","_links":{"self":[{"href":"https:\/\/radiorevelacionfm.cl\/index.php?rest_route=\/wp\/v2\/posts\/43710","targetHints":{"allow":["GET"]}}],"collection":[{"href":"https:\/\/radiorevelacionfm.cl\/index.php?rest_route=\/wp\/v2\/posts"}],"about":[{"href":"https:\/\/radiorevelacionfm.cl\/index.php?rest_route=\/wp\/v2\/types\/post"}],"author":[{"embeddable":true,"href":"https:\/\/radiorevelacionfm.cl\/index.php?rest_route=\/wp\/v2\/users\/1"}],"replies":[{"embeddable":true,"href":"https:\/\/radiorevelacionfm.cl\/index.php?rest_route=%2Fwp%2Fv2%2Fcomments&post=43710"}],"version-history":[{"count":2,"href":"https:\/\/radiorevelacionfm.cl\/index.php?rest_route=\/wp\/v2\/posts\/43710\/revisions"}],"predecessor-version":[{"id":43722,"href":"https:\/\/radiorevelacionfm.cl\/index.php?rest_route=\/wp\/v2\/posts\/43710\/revisions\/43722"}],"wp:featuredmedia":[{"embeddable":true,"href":"https:\/\/radiorevelacionfm.cl\/index.php?rest_route=\/wp\/v2\/media\/43711"}],"wp:attachment":[{"href":"https:\/\/radiorevelacionfm.cl\/index.php?rest_route=%2Fwp%2Fv2%2Fmedia&parent=43710"}],"wp:term":[{"taxonomy":"category","embeddable":true,"href":"https:\/\/radiorevelacionfm.cl\/index.php?rest_route=%2Fwp%2Fv2%2Fcategories&post=43710"},{"taxonomy":"post_tag","embeddable":true,"href":"https:\/\/radiorevelacionfm.cl\/index.php?rest_route=%2Fwp%2Fv2%2Ftags&post=43710"}],"curies":[{"name":"wp","href":"https:\/\/api.w.org\/{rel}","templated":true}]}}